{"id":404,"date":"2018-02-05T19:19:17","date_gmt":"2018-02-05T18:19:17","guid":{"rendered":"http:\/\/echta-derminga.de\/?p=404"},"modified":"2018-02-26T19:46:33","modified_gmt":"2018-02-26T18:46:33","slug":"vom-traditionsreichen-warenhaus-zum-friseursalon","status":"publish","type":"post","link":"https:\/\/echta-derminga.de\/?p=404","title":{"rendered":"Vom traditionsreichen Warenhaus zum Friseursalon"},"content":{"rendered":"<p><strong>Noch heute habe ich, wenn ich\u00a0 den Friseur meiner Wahl besuche, diesen angenehmen Geruch in meiner Nase. Es ist der Duft von Stoffen, Textilien und T\u00fcchern. Bis auf die Tatsache, dass heute alles neu und modern eingerichtet wurde, erinnern die\u00a0 R\u00e4umlichkeiten des Friseursalons \u201eHair und Styling \u201cvon Inga Neufang, in ihrem Baustil, noch immer an das alte Warenhaus &#8222;Bruch&#8220;.\u00a0 Wenn ich die Augen schlie\u00dfe kann ich mich noch gut an die ehemaligen R\u00e4umlichkeiten des Warenhauses \u201eBruch\u201c erinnern.<\/strong><\/p>\n<p>Die Kasse des Warenhauses befand sich an der Stelle, an der heute die Kaffee-Ecke eingerichtet ist. Dort wo heute Friseurst\u00fchle und Spiegel zu finden sind, waren fr\u00fcher Kleiderst\u00e4nder und Regale aufgebaut. Heute ist alles heller und freundlicher, fr\u00fcher hatten die R\u00e4umlichkeiten den Charme der Nachkriegszeit. Dennoch habe ich \u00fcberwiegend gute Erinnerungen an das alte Warenhaus \u201eBruch\u201c. Immerhin bereicherte das alte Familienunternehmen \u201eBruch\u201c \u00fcber 110 Jahre unser Dorf. In den Jahren 1880\/83 wurden das Gemischtwarengesch\u00e4ft Bruch-Otto am Eingang zum \u201eM\u00fchlbach\u201c, an der Hauptstra\u00dfe, er\u00f6ffnet. Nach dem pl\u00f6tzlichen Tot ihres Ehemannes musste die Gesch\u00e4ftsinhaberin alleine ihre 9-k\u00f6pfige Familie versorgen. Bis zur Schlie\u00dfung, in den sp\u00e4ten 1990-ger Jahren, wurde das Gesch\u00e4ft ununterbrochen als Familienunternehmen gef\u00fchrt. Im Jahre 1910 er\u00f6ffnete Adolf Rudolf Bruch den Neubau eines Warenhauses am Marktplatz. In diesem Haus befindet sich heute der Friseursalon \u201eHair und Styling\u201c von Inga Neufang.<\/p>\n<p>Die Grundformen des damaligen Gesch\u00e4ftshauses sind noch heute gut zu erkennen. Die halb-vermauerten Schaufenster erinnern noch heute an das alte Gesch\u00e4ftshaus \u201eBruch\u201c. Schon f\u00fcr damalige Verh\u00e4ltnisse war das Warenhaus \u201eBruch\u201c ein imposanter Neubau. Die Dampfziegelei Dirmingen lieferte damals eigens zu diesem Neubau die roten Ziegelsteine. Noch heute nennen die \u00e4lteren Bewohner unseres Dorfes den Bau achtungsvoll \u201eBruche Kaufhaus\u201c. Das Warenhaus war bis zuletzt sehr bekannt und versorgte Kunden aus dem gesamten Saarland. Adolf Bruch hatte mit seinem Warenhaus gro\u00dfen Erfolg. Verkauft wurde fast alles: Gegenst\u00e4nde des t\u00e4glichen Lebens, Schuhn\u00e4gel, Kleidung, Bedarfsmittel aus dem Haushalt und sogar Hochzeitskleidung. Sp\u00e4ter wurde aus dem Kolonialhandel mehr und mehr ein Textilwarengesch\u00e4ft, in dem sogar Arbeitskleidung verkauft wurde. In den historischen Kaufhausb\u00fcchern finden wir Eintr\u00e4ge von Bar-und Ratenzahlungen und von Zinszahlungen. Weitere Vermerke lassen darauf schlie\u00dfen, dass kinderreiche Familien und in Not geratene Handwerker oder Landwirte finanziell unterst\u00fctzt wurden. Das Kaufhaus \u201eBruch\u201c hatte definitiv eine soziale Kompetenz und eine gro\u00dfe Solidarit\u00e4t zu den Dorfbewohnern. Im Jahre 1936 \u00fcbernahmen die Eheleute Heinrich Otto und Dora geb. Bruch die Weiterf\u00fchrung des Gesch\u00e4ftes. Bis zum Ende des Gesch\u00e4ftes erlangte das Warenhaus \u201eBruch\u201c einen angesehenen Ruf in Dirmingen.<\/p>\n<p><strong>Die Familie Bruch-Otto zeigte bis zuletzt gro\u00dfes Interesse an der Entwicklung unseres Dorfes. Das Warenhaus \u201eBruch\u201c ist ein St\u00fcck Dirminger Geschichte. Von daher ist es sch\u00f6n, dass die Gesch\u00e4ftsr\u00e4ume noch heute als solche genutzt werden. Fr\u00fcher war es ein Warenhaus, heute ist es ein Friseursalon.<\/strong><\/p>\n\n\t\t<style type=\"text\/css\">\n\t\t\t#gallery-1 {\n\t\t\t\tmargin: auto;\n\t\t\t}\n\t\t\t#gallery-1 .gallery-item {\n\t\t\t\tfloat: left;\n\t\t\t\tmargin-top: 10px;\n\t\t\t\ttext-align: center;\n\t\t\t\twidth: 33%;\n\t\t\t}\n\t\t\t#gallery-1 img {\n\t\t\t\tborder: 2px solid #cfcfcf;\n\t\t\t}\n\t\t\t#gallery-1 .gallery-caption {\n\t\t\t\tmargin-left: 0;\n\t\t\t}\n\t\t\t\/* see gallery_shortcode() in wp-includes\/media.php *\/\n\t\t<\/style>\n\t\t<div id='gallery-1' class='gallery galleryid-404 gallery-columns-3 gallery-size-thumbnail'><dl class='gallery-item'>\n\t\t\t<dt class='gallery-icon portrait'>\n\t\t\t\t<a href='https:\/\/echta-derminga.de\/?attachment_id=405'><img loading=\"lazy\" decoding=\"async\" width=\"150\" height=\"150\" src=\"https:\/\/echta-derminga.de\/wp-content\/uploads\/2018\/02\/1-150x150.jpg\" class=\"attachment-thumbnail size-thumbnail\" alt=\"\" aria-describedby=\"gallery-1-405\" \/><\/a>\n\t\t\t<\/dt>\n\t\t\t\t<dd class='wp-caption-text gallery-caption' id='gallery-1-405'>\n\t\t\t\tFr\u00fcher \n\t\t\t\t<\/dd><\/dl><dl class='gallery-item'>\n\t\t\t<dt class='gallery-icon landscape'>\n\t\t\t\t<a href='https:\/\/echta-derminga.de\/?attachment_id=406'><img loading=\"lazy\" decoding=\"async\" width=\"150\" height=\"150\" src=\"https:\/\/echta-derminga.de\/wp-content\/uploads\/2018\/02\/2-150x150.jpg\" class=\"attachment-thumbnail size-thumbnail\" alt=\"\" aria-describedby=\"gallery-1-406\" \/><\/a>\n\t\t\t<\/dt>\n\t\t\t\t<dd class='wp-caption-text gallery-caption' id='gallery-1-406'>\n\t\t\t\tHeute\n\t\t\t\t<\/dd><\/dl>\n\t\t\t<br style='clear: both' \/>\n\t\t<\/div>\n\n","protected":false},"excerpt":{"rendered":"<p>Noch heute habe ich, wenn ich\u00a0 den Friseur meiner Wahl besuche, diesen angenehmen Geruch in meiner Nase. Es ist der Duft von Stoffen, Textilien und T\u00fcchern. Bis auf die Tatsache, dass heute alles neu und modern eingerichtet wurde, erinnern die\u00a0 R\u00e4umlichkeiten des Friseursalons \u201eHair und Styling \u201cvon Inga Neufang, in ihrem Baustil, noch immer an das alte Warenhaus &#8222;Bruch&#8220;.\u00a0 Wenn<\/p>\n","protected":false},"author":1,"featured_media":406,"comment_status":"closed","ping_status":"closed","sticky":false,"template":"","format":"standard","meta":{"_crdt_document":"","footnotes":""},"categories":[8],"tags":[29,30,27],"class_list":["post-404","post","type-post","status-publish","format-standard","has-post-thumbnail","hentry","category-sellemols-und-awweile","tag-dirmingen-friseursalon","tag-hair-und-styling","tag-warenhaus-bruch"],"_links":{"self":[{"href":"https:\/\/echta-derminga.de\/index.php?rest_route=\/wp\/v2\/posts\/404","targetHints":{"allow":["GET"]}}],"collection":[{"href":"https:\/\/echta-derminga.de\/index.php?rest_route=\/wp\/v2\/posts"}],"about":[{"href":"https:\/\/echta-derminga.de\/index.php?rest_route=\/wp\/v2\/types\/post"}],"author":[{"embeddable":true,"href":"https:\/\/echta-derminga.de\/index.php?rest_route=\/wp\/v2\/users\/1"}],"replies":[{"embeddable":true,"href":"https:\/\/echta-derminga.de\/index.php?rest_route=%2Fwp%2Fv2%2Fcomments&post=404"}],"version-history":[{"count":5,"href":"https:\/\/echta-derminga.de\/index.php?rest_route=\/wp\/v2\/posts\/404\/revisions"}],"predecessor-version":[{"id":411,"href":"https:\/\/echta-derminga.de\/index.php?rest_route=\/wp\/v2\/posts\/404\/revisions\/411"}],"wp:featuredmedia":[{"embeddable":true,"href":"https:\/\/echta-derminga.de\/index.php?rest_route=\/wp\/v2\/media\/406"}],"wp:attachment":[{"href":"https:\/\/echta-derminga.de\/index.php?rest_route=%2Fwp%2Fv2%2Fmedia&parent=404"}],"wp:term":[{"taxonomy":"category","embeddable":true,"href":"https:\/\/echta-derminga.de\/index.php?rest_route=%2Fwp%2Fv2%2Fcategories&post=404"},{"taxonomy":"post_tag","embeddable":true,"href":"https:\/\/echta-derminga.de\/index.php?rest_route=%2Fwp%2Fv2%2Ftags&post=404"}],"curies":[{"name":"wp","href":"https:\/\/api.w.org\/{rel}","templated":true}]}}