{"id":4070,"date":"2019-07-17T20:11:12","date_gmt":"2019-07-17T19:11:12","guid":{"rendered":"http:\/\/echta-derminga.de\/?p=4070"},"modified":"2019-07-17T20:20:46","modified_gmt":"2019-07-17T19:20:46","slug":"genau-so-hatte-ich-mir-unser-parkfest-vorgestellt-in-dirmingen-steckt-so-viel-potential-und-talent","status":"publish","type":"post","link":"https:\/\/echta-derminga.de\/?p=4070","title":{"rendered":"Genau so hatte ich mir unser Parkfest vorgestellt \u2013 In Dirmingen steckt so viel Potential und Talent"},"content":{"rendered":"\n<blockquote class=\"wp-block-quote is-layout-flow wp-block-quote-is-layout-flow\"><p><strong>Donnerstag, 11.Juli 2019: <\/strong><\/p><cite>R\u00fcckblick:<\/cite><\/blockquote>\n\n\n\n<p class=\"wp-block-paragraph\" style=\"font-size:18px\"><strong>Seit drei Tagen sind wir nun schon im Br\u00fchlpark mit den Vorarbeiten zum ersten Park-und Strandfest besch\u00e4ftigt. Bis dahin gab es vieles zu erledigen. Bereits seit dem vergangenen Jahr arbeiten wir an der Organisation dieser Neuauflage des Parkfestes. Unz\u00e4hlige Telefonate wurden gef\u00fchrt und tausende E-Mails beantwortet. Nun stehen wir, einen Tag vor der Fester\u00f6ffnung im Br\u00fchlpark, buchst\u00e4blich im Regen und haben gelinde gesagt die Schnauze voll. Es regnet wie aus k\u00fcbeln und es scheint auch keine Besserung in Sicht zu sein. Unglaublich. Seit Wochen hat der Sommer Hochkonjunktur und die Menschen sehnen sich nach einem Regenschauer. Gerade dann, wenn wir den Regen am wenigsten ben\u00f6tigen, kommt er in Form eins Unwetters. Wie drei begossene Pudel stehen Reimund Klein, ich und unser Ortsvorsteher Manfred Klein nebeneinander. Unser Ober-Kulturaner Manne bricht das Schweigen:\u201c Wenn es nicht besser wird m\u00fcssen wir absagen\u201c. Sein Bruder Reimund f\u00e4llt ihm schimpfend ins Wort:\u201c Quatsch, wir ziehen das jetzt durch, notfalls feiern wir alleine&#8220;. Manfred nickt. Ich stehe schweigend daneben und kann es nicht fassen. Wie kann man soviel Pech haben? Oder liegt vielleicht ein Fluch auf dem Parkfest? Bereits in den 1970-ger Jahren richtete der Heimat -und Verkehrsverein Dirmingen erstmals ein Parkfest im Br\u00fchl aus. Die Veranstaltung wurde in regelm\u00e4\u00dfigen Abst\u00e4nden bis in die fr\u00fchen 1990-ger Jahre durchgef\u00fchrt. Irgendwann stellte der Verein seine diesbez\u00fcglichen Aktivit\u00e4ten ein. In unseren Quellen finden wir einen Hinweis darauf, dass der Wettergott nur selten mitspielte und das Fest oftmals sprichw\u00f6rtlich ins Wasser fiel. Jetzt also wieder ? Unglaublich.<\/strong><\/p>\n\n\n\n<p class=\"wp-block-paragraph\" style=\"font-size:18px\">Das Wetter war auch noch zur Fester\u00f6ffnung am Freitag,12.Juli verregnet. Der frisch-sanierte Br\u00fchlpark musste seine erste Bew\u00e4hrungsprobe bestehen. In uns wuchs die Sorge, dass die gerade erst get\u00e4tigten Sanierungsarbeiten umsonst waren. Hoffentlich h\u00e4lt der Strand den Wassermassen stand. Unabh\u00e4ngig davon liefen die Aufbauarbeiten zum Fest auf Hochtouren und p\u00fcnktlich zum Auftakt konnten alle Arbeiten beendet werden. Wie so oft im Leben, folgt Sonne auf Regen. Das Wetter wurde besser und das Fest konnte beginnen.<\/p>\n\n\n\n<figure class=\"wp-block-image\"><img loading=\"lazy\" decoding=\"async\" width=\"644\" height=\"483\" src=\"https:\/\/echta-derminga.de\/wp-content\/uploads\/2019\/07\/Echt-3-644x483.jpg\" alt=\"\" class=\"wp-image-4084\" srcset=\"https:\/\/echta-derminga.de\/wp-content\/uploads\/2019\/07\/Echt-3-644x483.jpg 644w, https:\/\/echta-derminga.de\/wp-content\/uploads\/2019\/07\/Echt-3-300x225.jpg 300w, https:\/\/echta-derminga.de\/wp-content\/uploads\/2019\/07\/Echt-3-768x576.jpg 768w, https:\/\/echta-derminga.de\/wp-content\/uploads\/2019\/07\/Echt-3.jpg 800w\" sizes=\"auto, (max-width: 644px) 100vw, 644px\" \/><\/figure>\n\n\n\n<p class=\"wp-block-paragraph\" style=\"font-size:18px\"><strong>Bereits um 18:00 Uhr pilgerten die ersten Besucher in den Br\u00fchlpark. Als die Band JESTAN aufspielte war der Platz bereits gut gef\u00fcllt.&nbsp; Zum Konzert der Mariuzz Westernhagen Coverband herrschte unter den zahlreichen Besuchern eine ausgelassene Stimmung. Wir waren positiv \u00fcberrascht. Trotz der schlimmsten Prognosen und dem eher m\u00e4\u00dfigen Wetter wurde der erste Festtag ausgesprochen gut angenommen. Letztlich war dies nur der Auftakt zu einem unvergesslichen Wochenende. Das erste Park- und Strandfest, im Br\u00fchlpark, wurde zur Sommerparty 2019. Unz\u00e4hlige Menschen str\u00f6mten in den Park, um dieses wunderbare Fest zu genie\u00dfen. Bereits am Samstagabend waren wir von den ersten positiven R\u00fcckmeldungen geflasht. Damit hatten wir nicht gerechnet. Keine Frage,wir alle hatten uns ein sch\u00f6nes Dorffest im Br\u00fchlpark gew\u00fcnscht. Niemand konnte jedoch ahnen, dass dieses Fest so erfolgreich sein w\u00fcrde. Alle drei Festtagen verliefen wunderbar und sogar das Wetter beruhigte sich. Gro\u00dfartige Musik, freundliche Gesichter, lachende Kinder und ausgelassene Stimmung. Die teilnehmenden Vereine hatten alle H\u00e4nde voll zu tun, um ihre Kunden mit ihren kulinarischen Leckereien zu versorgen. <\/strong><\/p>\n\n\n\n<figure class=\"wp-block-image\"><img loading=\"lazy\" decoding=\"async\" width=\"644\" height=\"375\" src=\"https:\/\/echta-derminga.de\/wp-content\/uploads\/2019\/07\/echta-8-644x375.jpg\" alt=\"\" class=\"wp-image-4086\" srcset=\"https:\/\/echta-derminga.de\/wp-content\/uploads\/2019\/07\/echta-8-644x375.jpg 644w, https:\/\/echta-derminga.de\/wp-content\/uploads\/2019\/07\/echta-8-300x175.jpg 300w, https:\/\/echta-derminga.de\/wp-content\/uploads\/2019\/07\/echta-8-768x447.jpg 768w, https:\/\/echta-derminga.de\/wp-content\/uploads\/2019\/07\/echta-8.jpg 800w\" sizes=\"auto, (max-width: 644px) 100vw, 644px\" \/><\/figure>\n\n\n\n<p class=\"wp-block-paragraph\" style=\"font-size:18px\">Wie das Leben so spielt:\u201c Immer, wenn man denkt es geht nicht mehr, kommt von irgendwo ein Lichtlein her\u201c. Genauso hatte ich mir dieses Dorffest vorgestellt. Bereits am Sonntagnachmittag konnten die Verantwortlichen des Kulturvereins eine positive Resonanz ziehen. Sogar der \u00f6kumenische Gottesdienst am Sonntagmorgen wurde ausgesprochen gut besucht. Woher kommt dieser Erfolg ? Nicht ausgeschlossen, dass es wirklich nur am Br\u00fchlpark und seinem wundersch\u00f6nen Ambiente liegt? Ich musste an unseren Ortsvorsteher Manfred Klein denken. Wie oft hatten wir \u00fcber dieses Parkfest geredet und Hoffnungen damit verbunden. Manfred Klein hat immer an dieses Fest geglaubt. Ohne seine zahlreichen Mitstreiter, Arbeitsbienen und Unterst\u00fctzer h\u00e4tte sich dieser Traum jedoch niemals erf\u00fcllt. Die Kulturaner haben enorm viel Arbeitskraft und Engagement eingebracht. Manchmal frage ich mich: Was treibt uns an? \u00dcberhaupt hat der Kulturverein mit diesem Fest erneut ein gro\u00dfes finanzielles Risiko auf sich genommen. Letztlich haben sich die mutigen Investitionen gelohnt. Immerhin feierte der Kulturverein w\u00e4hrend des diesj\u00e4hrigen Park- und Strandfest sein 20. Vereinsjubil\u00e4um. Gl\u00fcckwunsch Kulturverein !<\/p>\n\n\n\n<figure class=\"wp-block-image\"><img loading=\"lazy\" decoding=\"async\" width=\"644\" height=\"429\" src=\"https:\/\/echta-derminga.de\/wp-content\/uploads\/2019\/07\/Kultur-Blog-5-644x429.jpg\" alt=\"\" class=\"wp-image-4090\" srcset=\"https:\/\/echta-derminga.de\/wp-content\/uploads\/2019\/07\/Kultur-Blog-5-644x429.jpg 644w, https:\/\/echta-derminga.de\/wp-content\/uploads\/2019\/07\/Kultur-Blog-5-300x200.jpg 300w, https:\/\/echta-derminga.de\/wp-content\/uploads\/2019\/07\/Kultur-Blog-5-768x512.jpg 768w, https:\/\/echta-derminga.de\/wp-content\/uploads\/2019\/07\/Kultur-Blog-5.jpg 800w\" sizes=\"auto, (max-width: 644px) 100vw, 644px\" \/><\/figure>\n\n\n\n<p class=\"wp-block-paragraph\" style=\"font-size:18px\"><strong>Ich pers\u00f6nlich hatte w\u00e4hrend dieses Dorffestes drei emotionale Momente. Das erste \u201eAha- Erlebnis\u201c kam am sp\u00e4ten Samstagsabend. W\u00e4hrend die Band \u201eEdelwei\u00df-Express\u201c das feier-w\u00fctige Volk mit toller Musik verw\u00f6hnte liefen zwei Waldelfen, vom Stelzentheater, durch den Br\u00fchlpark. Ich wei\u00df nicht ob es an den beiden Figuren lag, aber in diesem Moment sah ich \u00fcberall gl\u00fcckliche und entspannte Gesichter. Niemand st\u00f6rte sich an dem sanften Regen, der vom Himmel nieder fiel. In diesem Moment lag eine gewisse Magie in der Luft. Wundersch\u00f6n!<\/strong> <strong>Als ich meinen Kopf nach links dreht entdeckte ich meine beiden T\u00f6chter beim gemeinsamen Tanz.<\/strong> <strong>Einpaar Meter weiter sa\u00dfen die beiden Freunde meiner T\u00f6chter gemeinsam beim Bier. Ich war zufrieden. Das Leben kann sch\u00f6n sein.<\/strong><\/p>\n\n\n\n<p class=\"wp-block-paragraph\" style=\"font-size:18px\">Mein emotionalster Moment war jedoch der Auftritt meiner beiden T\u00f6chter Annika und Vanessa und ihrer gemeinsamen Partnerin Aileen Schwinn. Wir hatten uns vorgenommen den Sonntagmittag f\u00fcr Nachwuchstalente freizuhalten. Unser Plan war es, dem eigenen Nachwuchs eine Chance zu geben. Junge Musiker sollten unsere gro\u00dfe Show-B\u00fchne nutzen und ihr K\u00f6nnen unter Beweis stellen. Meine beiden T\u00f6chter und Aileen hatten eigens f\u00fcr dieses Fest eine Gruppe gegr\u00fcndet. An diesem Sonntagmittag sollte die Band \u201eAVA\u201c ihre Premiere feiern. Hammer ! Dieser erste Auftritt war definitiv ein Erfolg . Ich war schlichtweg begeistert. Eine wunderbare Performance der drei M\u00e4dels. \u00dcberhaupt steckt soviel Talent in unserem Dorf. Auch die anderen Newcomer zeigten was sie drauf hatten. Man muss sich mal vor Augen f\u00fchren wie viele verborgene Talente es in Dirmingen gibt. Auch die Band \u201eSTAY\u201c, mit der Dirmingerin Vanessa Wagner oder die Band \u201eSin Importancia\u201c mit dem Bandmitglied Jonas Baltes, aus Dirmingen, waren fantastisch. Ohne viel zu \u00fcberlegen k\u00f6nnte ich noch weitere junge Menschen aus unserem Heimatort aufz\u00e4hlen die \u00fcber gro\u00dfes Talent verf\u00fcgen. Wir sind gut beraten diesen jungen Menschen eine echte Chance zu geben.<\/p>\n\n\n\n<figure class=\"wp-block-image\"><img loading=\"lazy\" decoding=\"async\" width=\"644\" height=\"483\" src=\"https:\/\/echta-derminga.de\/wp-content\/uploads\/2019\/07\/Echt-4-644x483.jpg\" alt=\"\" class=\"wp-image-4092\" srcset=\"https:\/\/echta-derminga.de\/wp-content\/uploads\/2019\/07\/Echt-4-644x483.jpg 644w, https:\/\/echta-derminga.de\/wp-content\/uploads\/2019\/07\/Echt-4-300x225.jpg 300w, https:\/\/echta-derminga.de\/wp-content\/uploads\/2019\/07\/Echt-4-768x576.jpg 768w, https:\/\/echta-derminga.de\/wp-content\/uploads\/2019\/07\/Echt-4.jpg 800w\" sizes=\"auto, (max-width: 644px) 100vw, 644px\" \/><\/figure>\n\n\n\n<p class=\"wp-block-paragraph\" style=\"font-size:18px\"><strong>Mein dritter emotionaler \u201eAha-Moment\u201c erlebte ich dann am Sonntagabend. Gemeinsam mit allen Kulturaner standen wir auf der B\u00fchne und verabschiedeten uns von den G\u00e4sten. Der warme Applaus und der gro\u00dfe Zuspruch haben sehr gut getan. In diesem Moment wussten wir, dass sich jede M\u00fche gelohnt hatte. Als ich abends gem\u00fctlich mein Bier trank erinnerte ich mich an einen Satz unseres ehemaligen katholischen Pastors Hirschhauer. W\u00e4hrend eines l\u00e4ngeren Gespr\u00e4ches sagte er einmal zu mir: \u201eEs gibt keinen Tag, an dem es von morgens bis abends nur regnet. Zwischendurch gibt es immer wieder lichte Momente\u201c. Da ist was dran.<\/strong><\/p>\n\n\n\n<p class=\"wp-block-paragraph\" style=\"font-size:18px\">Was hat uns dieses Parkfest gelehrt? Zun\u00e4chst einmal, dass man die Nerven bewahren sollte und das auf Blitz und Gewitter meistens die Sonne folgt. Au\u00dferdem durften wir die Erkenntnis gewinnen, dass es in unserem Dorf enorm viel Potential gibt. Es ist lange her, dass so viel einheimische Bewohner unseres Heimatortes ein Dorffest besuchten. Genauso hatte ich mir das vorgestellt. Ein Fest f\u00fcr alle Dirmingerinnen und Dirminger. Das diesj\u00e4hrige Parkfest hat gezeigt, dass wir Dirminger vieles bewirken k\u00f6nnen. Jeder ist eingeladen mitzumachen! Viele haben mitgemacht. Danke an alle die ein Teil des gro\u00dfen Ganzen waren. Wenn ich jeden aufz\u00e4hlen m\u00fcsste, w\u00fcrde ich bestimmt jemanden vergessen. Von daher danke ich allen Vereinen, Organisationen, Unterst\u00fctzern, G\u00f6nnern und Sponsoren. Ein besonderer Dank geht jedoch an alle Besucher. Das erste Park- und Strandfest hat uns ermutigt den eingeschlagenen Weg fortzuf\u00fchren. In Dirmingen steckt sehr viel Potential. Wir m\u00fcssen nur lernen es abzurufen.<\/p>\n\n\n\n<figure class=\"wp-block-image\"><img loading=\"lazy\" decoding=\"async\" width=\"644\" height=\"483\" src=\"https:\/\/echta-derminga.de\/wp-content\/uploads\/2019\/07\/Echt-5-644x483.jpg\" alt=\"\" class=\"wp-image-4094\" srcset=\"https:\/\/echta-derminga.de\/wp-content\/uploads\/2019\/07\/Echt-5-644x483.jpg 644w, https:\/\/echta-derminga.de\/wp-content\/uploads\/2019\/07\/Echt-5-300x225.jpg 300w, https:\/\/echta-derminga.de\/wp-content\/uploads\/2019\/07\/Echt-5.jpg 700w\" sizes=\"auto, (max-width: 644px) 100vw, 644px\" \/><\/figure>\n\n\n\n<blockquote class=\"wp-block-quote is-layout-flow wp-block-quote-is-layout-flow\"><p><strong>Sonntag,14.Juli 2019:<\/strong><\/p><\/blockquote>\n\n\n\n<p class=\"wp-block-paragraph\" style=\"font-size:18px\"><strong>Die letzten T\u00f6ne sind verklungen. Die letzten Besucher tummeln sich noch vor dem Pavillon und leeren ihre letzten Getr\u00e4nke. Inmitten des Br\u00fchlparks haben sich einige Kulturaner und Musikfreunde eingefunden, um gemeinsam zu musizieren. Es ist vollbracht, alles gut! Ich geselle mich zu unserem Ortsvorsteher Manfred Klein klopfe ihm aufmunternd auf die Schulter. Grinsend sehe ich ihn an und frage:\u201c\u2026und Manne machen wir es wieder?\u201c Seine Antwort lie\u00df nicht lange auf sich warten:\u201c Jo\u201c. <\/strong>&nbsp;<\/p>\n","protected":false},"excerpt":{"rendered":"<p>Donnerstag, 11.Juli 2019: R\u00fcckblick: Seit drei Tagen sind wir nun schon im Br\u00fchlpark mit den Vorarbeiten zum ersten Park-und Strandfest besch\u00e4ftigt. Bis dahin gab es vieles zu erledigen. Bereits seit dem vergangenen Jahr arbeiten wir an der Organisation dieser Neuauflage des Parkfestes. Unz\u00e4hlige Telefonate wurden gef\u00fchrt und tausende E-Mails beantwortet. Nun stehen wir, einen Tag vor der Fester\u00f6ffnung im Br\u00fchlpark,<\/p>\n","protected":false},"author":1,"featured_media":4083,"comment_status":"closed","ping_status":"closed","sticky":false,"template":"","format":"standard","meta":{"_crdt_document":"","footnotes":""},"categories":[1,9,100],"tags":[52,5,701,618,687,699,700],"class_list":["post-4070","post","type-post","status-publish","format-standard","has-post-thumbnail","hentry","category-allgemein","category-dorfgetratsche","category-meine-kulturaner","tag-bruehlpark","tag-dirmingen","tag-dorffest-dirmingen","tag-gemeinde-eppelborn","tag-ill","tag-park-und-strandfest","tag-strand"],"_links":{"self":[{"href":"https:\/\/echta-derminga.de\/index.php?rest_route=\/wp\/v2\/posts\/4070","targetHints":{"allow":["GET"]}}],"collection":[{"href":"https:\/\/echta-derminga.de\/index.php?rest_route=\/wp\/v2\/posts"}],"about":[{"href":"https:\/\/echta-derminga.de\/index.php?rest_route=\/wp\/v2\/types\/post"}],"author":[{"embeddable":true,"href":"https:\/\/echta-derminga.de\/index.php?rest_route=\/wp\/v2\/users\/1"}],"replies":[{"embeddable":true,"href":"https:\/\/echta-derminga.de\/index.php?rest_route=%2Fwp%2Fv2%2Fcomments&post=4070"}],"version-history":[{"count":24,"href":"https:\/\/echta-derminga.de\/index.php?rest_route=\/wp\/v2\/posts\/4070\/revisions"}],"predecessor-version":[{"id":4101,"href":"https:\/\/echta-derminga.de\/index.php?rest_route=\/wp\/v2\/posts\/4070\/revisions\/4101"}],"wp:featuredmedia":[{"embeddable":true,"href":"https:\/\/echta-derminga.de\/index.php?rest_route=\/wp\/v2\/media\/4083"}],"wp:attachment":[{"href":"https:\/\/echta-derminga.de\/index.php?rest_route=%2Fwp%2Fv2%2Fmedia&parent=4070"}],"wp:term":[{"taxonomy":"category","embeddable":true,"href":"https:\/\/echta-derminga.de\/index.php?rest_route=%2Fwp%2Fv2%2Fcategories&post=4070"},{"taxonomy":"post_tag","embeddable":true,"href":"https:\/\/echta-derminga.de\/index.php?rest_route=%2Fwp%2Fv2%2Ftags&post=4070"}],"curies":[{"name":"wp","href":"https:\/\/api.w.org\/{rel}","templated":true}]}}