{"id":4112,"date":"2019-07-21T14:17:31","date_gmt":"2019-07-21T13:17:31","guid":{"rendered":"http:\/\/echta-derminga.de\/?p=4112"},"modified":"2019-07-21T16:07:58","modified_gmt":"2019-07-21T15:07:58","slug":"dirminger-kulturecke-kulturverein-dirmingen-zur-rechten-zeit-am-rechten-ort","status":"publish","type":"post","link":"https:\/\/echta-derminga.de\/?p=4112","title":{"rendered":"Dirminger Kulturecke -Kulturverein Dirmingen"},"content":{"rendered":"\n<p class=\"wp-block-paragraph\" style=\"font-size:18px\"><strong>In der Dirminger Kulturecke erfahren Sie alles, was Sie schon immer \u00fcber Dirmingen wissen wollten oder wissen sollten. Wussten Sie schon, dass der heutige Kulturverein Dirmingen w\u00e4hrend einer au\u00dferordentlichen Mitgliederversammlung des damaligen Vereinsrings am 09.Mai 2000 gegr\u00fcndet wurde?<\/strong><\/p>\n\n\n\n<p class=\"wp-block-paragraph\" style=\"font-size:18px\">Diese au\u00dferordentliche Versammlung fand im\nGasthaus \u201eSchuhhannnesse\u201c statt und wurde vom kommissarischen Vorsitzenden H-G\nWagner geleitet.<\/p>\n\n\n\n<p class=\"wp-block-paragraph\" style=\"font-size:18px\">Anwesende\nVereinsvertreter waren:<\/p>\n\n\n\n<ul class=\"wp-block-list\"><li><strong>Hans-Gerd Wagner, Akkordeonclub, <\/strong><\/li><li><strong>J\u00fcrgen Graus, Freiwillige Feuerwehr, <\/strong><\/li><li><strong>Dieter Scholtes, Gewerbeverein, <\/strong><\/li><li><strong>Werner Gebhard, M\u00e4nnergesangverein, <\/strong><\/li><li><strong>Anni Schmitt, Landfrauen, Rosi Wagner, Landfrauen, <\/strong><\/li><li><strong>Hermann Hoffmann, Heimat- und Verkehrsverein, <\/strong><\/li><li><strong>Ilse Wagner, Obst- und Gartenbauverein, <\/strong><\/li><li><strong>Hans-Peter Hoffmann, Kolpingsfamilie Dirmingen, <\/strong><\/li><li><strong>Josef Reichert, Sportverein Dirmingen, <\/strong><\/li><li><strong>Rudi Hell, SPD-Ortsverein, <\/strong><\/li><li><strong>Herbert Guth\u00f6rl, Gruppe Rastlos,<\/strong><\/li><li><strong>Manfred Gabler, Gruppe Rastlos, <\/strong><\/li><li><strong>Manfred Klein, Gruppe Rastlos, <\/strong><\/li><li><strong>Eberhard Wagner, Turnverein Dirmingen, <\/strong><\/li><li><strong>Hans Zimmer, Turnverein Dirmingen, <\/strong><\/li><li><strong>Ernst Nienhaus, Reservistenkameradschaft, <\/strong><\/li><li><strong>Reimund Klein, Turnverein Dirmingen<\/strong><\/li><\/ul>\n\n\n\n<p class=\"wp-block-paragraph\" style=\"font-size:18px\">Auf der Tagesordnung\nstand damals:<\/p>\n\n\n\n<ol class=\"wp-block-list\"><li><strong>Begr\u00fc\u00dfung durch den kommissarischen Vorsitzenden H.G. Wagner <\/strong><\/li><li><strong>Vorstellung der neu zu beschlie\u00dfender Satzung durch Herbert Guth\u00f6rl<\/strong><\/li><li><strong>Aussprache zu Punkt 2<\/strong><\/li><li><strong>Abstimmung \u00fcber die Neufassung der Satzung<\/strong><\/li><li><strong>Wahl eines Versammlungsleiters<\/strong><\/li><li><strong>Wahl des Vorstandes<\/strong><\/li><li><strong>1. Vorsitzender<\/strong><\/li><li><strong>2. Vorsitzender<\/strong><\/li><li><strong>Schriftf\u00fchrer<\/strong><\/li><li><strong>Kassenwart<\/strong><\/li><li><strong>Organisationsleiter<\/strong><\/li><li><strong>Kulturbeauftragter<\/strong><\/li><li><strong>Stellvtr. Organisationleiter und Beisitzer<\/strong><\/li><li><strong>Beisitzer<\/strong><\/li><li><strong>Wahl der Kassenpr\u00fcfer<\/strong><\/li><li><strong>Verschiedenes<\/strong><\/li><\/ol>\n\n\n\n<p class=\"wp-block-paragraph\" style=\"font-size:18px\">Der kommissarische Versammlungsleiter H.G. Wagner verlieh zun\u00e4chst seiner Hoffnung Ausdruck, dass in der einger\u00e4umten au\u00dferordentlichen Mitgliederversammlung ein funktionsf\u00e4higer Vorstand gew\u00e4hlt werden kann. Im Vorfeld dieser Versammlung hatte sich bereits eine Interessengruppe bereit erkl\u00e4rt, unter bestimmten Voraussetzungen, Vorstands\u00e4mter zu \u00fcbernehmen. Herbert Guth\u00f6rl, von der Gruppe RASTLOS, ergriff auch als erstes das Wort und stellte die Pl\u00e4ne dieser Interessengruppe vor. In seiner Pr\u00e4sentation teilte Herbert Guth\u00f6rl der Versammlung mit, dass 5 Personen Verantwortung im Vereinsring \u00fcbernehmen m\u00f6chten. Diese Bereitschaft war jedoch an gewisse Bedingungen gekn\u00fcpft:<\/p>\n\n\n\n<ol class=\"wp-block-list\"><li><strong>Umbenennung des Vereins in \u201eKulturverein\u201c.<\/strong><\/li><li><strong>Umbenennung verschiedener Vorstands\u00e4mter und Erweiterung des Vorstandes:<\/strong><\/li><li><strong>Vorsitzender<\/strong><\/li><li><strong>Vorsitzender<\/strong><\/li><li><strong>Schriftf\u00fcher<\/strong><\/li><li><strong>Kassenwart<\/strong><\/li><li><strong>Organisationsleiter<\/strong><\/li><li><strong>Kulturbeauftragter<\/strong><\/li><li><strong>Beisitzer<\/strong><\/li><\/ol>\n\n\n\n<ul class=\"wp-block-list\"><li><strong>Neben der Organisation der gemeinsamen Veranstaltungen (Volksfest und Weihnachtsmarkt) soll die Planung und Durchf\u00fchrung von Veranstaltungen unterschiedlicher Art durch den Vorstand ohne vorherige Genehmigung der Mitglieder m\u00f6glich sein, um das kulturelle Leben unserer Gemeinde zu erweitern und neu zu gestalten.<\/strong><\/li><\/ul>\n\n\n\n<ul class=\"wp-block-list\"><li><strong>Kompetenzerweiterung des Vorstandes, bei solchen Anl\u00e4ssen \u00fcber eine begrenzte Geldsumme ohne R\u00fcckfragen verf\u00fcgen zu k\u00f6nnen.<\/strong><\/li><\/ul>\n\n\n\n<ul class=\"wp-block-list\"><li><strong>Ernennung eines Vorstandsmitgliedes durch alle Mitgliedsvereine zum permanenten Ansprechpartner f\u00fcr den Vorstand des Kulturvereines.<\/strong><\/li><\/ul>\n\n\n\n<ul class=\"wp-block-list\"><li><strong>\u00dcberpr\u00fcfung der M\u00f6glichkeit, in kulturellen Fragen mit dem Heimat- und Verkehrsverein enger zusammenzuarbeiten.<\/strong><\/li><\/ul>\n\n\n\n<ul class=\"wp-block-list\"><li><strong>Planung und Bau einer fest installierten \u00fcberdachten Freiluftb\u00fchne (einschl. Toilettenanlage) auf dem Festplatz, die von allen Vereinen bei ihren Festlichkeiten benutzt werden kann. <\/strong><\/li><\/ul>\n\n\n\n<p class=\"wp-block-paragraph\" style=\"font-size:18px\">Im\nAnschluss an die Ausf\u00fchrungen stellten sich Herbert Guth\u00f6rl, Manfred Klein und\nManfred Gabler der anschlie\u00dfenden Diskussion und beantworten die Fragen der\nMitglieder.<\/p>\n\n\n\n<p class=\"wp-block-paragraph\" style=\"font-size:18px\">Die Gr\u00fcndung eines Kulturvereins hingegen war nichts neues. Bereits unmittelbar nach dem zweiten Weltkrieg wurde in Dirmingen ein Kulturverein Dirmingen gegr\u00fcndet. <\/p>\n\n\n\n<figure class=\"wp-block-image\"><img loading=\"lazy\" decoding=\"async\" width=\"644\" height=\"441\" src=\"https:\/\/echta-derminga.de\/wp-content\/uploads\/2019\/07\/Blog-2-644x441.jpg\" alt=\"\" class=\"wp-image-4117\" srcset=\"https:\/\/echta-derminga.de\/wp-content\/uploads\/2019\/07\/Blog-2-644x441.jpg 644w, https:\/\/echta-derminga.de\/wp-content\/uploads\/2019\/07\/Blog-2-300x205.jpg 300w, https:\/\/echta-derminga.de\/wp-content\/uploads\/2019\/07\/Blog-2-768x525.jpg 768w\" sizes=\"auto, (max-width: 644px) 100vw, 644px\" \/><\/figure>\n\n\n\n<p class=\"wp-block-paragraph\" style=\"font-size:18px\">Die franz\u00f6sische Milit\u00e4rregierung erlie\u00df am 29. Dezember 1945 eine Verordnung \u00fcber die Umbildung der Sportvereine und kulturellen Vereine im Saargebiet.&nbsp; In jedem Dorf durften damals nur ein Sportverein und ein Verein f\u00fcr kulturelle Angelegenheiten gebildet werden. Der SV Dirmingen \u00fcbernahm damals als Omni-Sportverein die F\u00fchrung alle Sporttreibenden Vereine in Dirmingen. Auf der anderen Seite war ein Omni-Kulturverein Dirmingen- Abt. Verkehr u. Versch\u00f6nerung- Dirmingen f\u00fcr den kulturellen Bereich verantwortlich. Diesem Omni-Kulturverein geh\u00f6rten damals Musikvereine, Theatervereine und Ch\u00f6re an. &nbsp;Am 14.Mai 1949 wurde im Gasthaus Valentin Schneider der \u201eVerkehrsverein der Kulturgemeinschaft Dirmingen\u201c gegr\u00fcndet. Aus diesem Verein entstammte der heutige Heimat- und Verkehrsverein Dirmingen. In dieser Gr\u00fcndung lag die Absicht der Mitglieder mitzuhelfen den Ort wieder aufzubauen und zu versch\u00f6nern. Immerhin war Dirmingen der am meisten kriegsgesch\u00e4digten D\u00f6rfer im damaligen Kreis Ottweiler.<\/p>\n\n\n\n<p class=\"wp-block-paragraph\" style=\"font-size:18px\">Die anwesenden Mitglieder der au\u00dferordentlichen Versammlung am 09.Mai 2000 stimmten Einstimmig f\u00fcr die Neufassung der Satzung. Der Kulturverein Dirmingen war somit praktisch gegr\u00fcndet. Im Wesentlichen beinhaltete dies folgende \u00c4nderungen gegen\u00fcber der alten Satzung des Vereinsrings: <\/p>\n\n\n\n<ol class=\"wp-block-list\"><li><strong>Die Pr\u00e4ambel \u201eSatzung\u201c wird umge\u00e4ndert in \u201eSatzung des Kulturvereins Dirmingen e.V.\u201c<\/strong><\/li><li><strong>\u00a7 1 Nr. 1: Der am 18. November 1980 unter dem Namen \u201eVereinsring Dirmingen e.V.\u201c gegr\u00fcndete Verein f\u00fchrt ab sofort den Namen \u201eKulturverein Dirmingen e.V.\u201c.<\/strong><\/li><li><strong>Das Aufgabenspektrum wurde in \u00a7 1 Nr. 4 erweitert.<\/strong><\/li><li><strong>Gem\u00e4\u00df \u00a7 2 Nr. 1 k\u00f6nnen k\u00fcnftig auch Einzelpersonen Mitglied im Kulturverein werden.<\/strong><\/li><li><strong>Der Mitgliederbeitrag wurde in \u00a7 3 ab 2001 auf 12,78 Euro f\u00fcr Einzelpersonen und auf 25,56 Euro f\u00fcr Vereine und Gruppen festgesetzt.<\/strong><\/li><li><strong>Gem\u00e4\u00df \u00a7 7 Nr. 1 sind die bisherigen Vorstands\u00e4mter um das Amt eines Kulturbeauftragten erweitert worden.<\/strong><\/li><li><strong>Die Kompetenzen des Vorsitzenden zur Erf\u00fcllung von Aufgaben des Vereines im Einzelfall sind in \u00a7 7 Nr. 7 festgelegt.<\/strong><\/li><\/ol>\n\n\n\n<p class=\"wp-block-paragraph\" style=\"font-size:18px\">Mit dem Beschluss, zur Gr\u00fcndung des neuen Kulturvereins Dirmingen, musste ein neuer Vorstand gew\u00e4hlt werden. Der Dirminger Adolf Eisenhauer wurde einstimmig zum Versammlungsleiter bestimmt. Nach seinem Dank an die Mitglieder des fr\u00fcheren Vereinsrings nahm der Versammlungsleiter die Vorschl\u00e4ge f\u00fcr das Amt des 1. Vorsitzenden entgegen. Manfred Klein wurde zum ersten Vorsitzenden des Kulturvereins vorgeschlagen und schlie\u00dflich einstimmig gew\u00e4hlt.<\/p>\n\n\n\n<p class=\"wp-block-paragraph\" style=\"font-size:18px\">Sein\nneuer Vorstand setzte sich wie folgt zusammen:<\/p>\n\n\n\n<p class=\"wp-block-paragraph\" style=\"font-size:18px\">2.\nVorsitzender: Rudi Hell<\/p>\n\n\n\n<p class=\"wp-block-paragraph\" style=\"font-size:18px\">Schriftf\u00fchrer:\nHans-Peter Hoffmann<\/p>\n\n\n\n<p class=\"wp-block-paragraph\" style=\"font-size:18px\">Kassenwart:\nHerbert Guth\u00f6rl<\/p>\n\n\n\n<p class=\"wp-block-paragraph\" style=\"font-size:18px\">Organisationsleiter:\nReimund Klein<\/p>\n\n\n\n<p class=\"wp-block-paragraph\" style=\"font-size:18px\">Kulturbeauftragter:\nManfred Gabler<\/p>\n\n\n\n<p class=\"wp-block-paragraph\" style=\"font-size:18px\">Stellvtr.\nOrganisationsleiter: Werner Gebhard<\/p>\n\n\n\n<p class=\"wp-block-paragraph\" style=\"font-size:18px\">Beisitzer:\nJosef Reichert, Hans-Gerd Wagner, Eberhard Wagner, Hans Zimmer<\/p>\n\n\n\n<p class=\"wp-block-paragraph\" style=\"font-size:18px\"><strong>Der neu gew\u00e4hlte erste Vorsitzende Manfred Klein bedankt sich f\u00fcr das ihm und dem neuen Vorstand entgegengebrachte Vertrauen und appelliert eindringlich an das Zusammengeh\u00f6rigkeitsgef\u00fchl aller Dirminger Vereine. Mit dem Schlussappell \u201eNur gemeinsam sind wir stark\u201c endet eine harmonische Versammlung. Nur wenige Monate sp\u00e4ter entstand aus diesem ersten emotionalen Appell das Motto des heutigen Kulturvereins: \u201e Einer f\u00fcr alle, alle f\u00fcr einen\u201c.<\/strong><\/p>\n\n\n\n<figure class=\"wp-block-image\"><img loading=\"lazy\" decoding=\"async\" width=\"644\" height=\"483\" src=\"https:\/\/echta-derminga.de\/wp-content\/uploads\/2019\/07\/Blog-3-644x483.jpg\" alt=\"\" class=\"wp-image-4119\" srcset=\"https:\/\/echta-derminga.de\/wp-content\/uploads\/2019\/07\/Blog-3-644x483.jpg 644w, https:\/\/echta-derminga.de\/wp-content\/uploads\/2019\/07\/Blog-3-300x225.jpg 300w, https:\/\/echta-derminga.de\/wp-content\/uploads\/2019\/07\/Blog-3-768x576.jpg 768w, https:\/\/echta-derminga.de\/wp-content\/uploads\/2019\/07\/Blog-3.jpg 800w\" sizes=\"auto, (max-width: 644px) 100vw, 644px\" \/><\/figure>\n\n\n\n<p class=\"wp-block-paragraph\">&nbsp;Zitat<\/p>\n\n\n\n<blockquote class=\"wp-block-quote is-layout-flow wp-block-quote-is-layout-flow\"><p><em>&#8222;Und jetzt, Freunde&#8220;, sagte d&#8217;Artagnan, ohne sich die M\u00fche zu machen, Porthos sein Verhalten zu erkl\u00e4ren, &#8222;einer f\u00fcr alle, alle f\u00fcr einen! Das soll unser Wahlspruch sein, einverstanden?&#8220;<\/em><\/p><cite>Roman: Drei Musketiere &#8211; Alexandre Dumas<\/cite><\/blockquote>\n\n\n\n<p class=\"wp-block-paragraph\" style=\"font-size:18px\">Dieses ber\u00fchmte Zitat aus dem Roman \u201eDie drei Musketiere\u201c von Alexandre Dumas wurde zum Leitspruch der Kulturaner. Unter diesem Motto wurde in den letzten 20 Jahren vieles bewegt und auf den Weg gebracht. J\u00e4hrlich werden kulturelle Kleinveranstaltungen, Konzerte, Jazz-Matinee\u2018s und \u201eIrische Abende\u201c durchgef\u00fchrt. Die gr\u00f6\u00dften Errungenschaften des heutigen Kulturvereins liegen jedoch in der Wiederbelebung und Aufwertung der \u201eDerminga Kerb\u201c, des \u201eDerminga Folxfeschdes\u201c und des \u201eMittelalterlichen Weihnachtsmarktes\u201c. Aktionen wie z.B der traditionelle Weihnachtsbaumverkauf und die Teilnahme an saisonalen Veranstaltungen auf Finkenrech tragen dazu bei, dass die vielen Veranstaltungen finanziert werden k\u00f6nnen.<\/p>\n\n\n\n<figure class=\"wp-block-image\"><img loading=\"lazy\" decoding=\"async\" width=\"644\" height=\"483\" src=\"https:\/\/echta-derminga.de\/wp-content\/uploads\/2019\/07\/Blog-4-644x483.jpg\" alt=\"\" class=\"wp-image-4121\" srcset=\"https:\/\/echta-derminga.de\/wp-content\/uploads\/2019\/07\/Blog-4-644x483.jpg 644w, https:\/\/echta-derminga.de\/wp-content\/uploads\/2019\/07\/Blog-4-300x225.jpg 300w, https:\/\/echta-derminga.de\/wp-content\/uploads\/2019\/07\/Blog-4-768x576.jpg 768w, https:\/\/echta-derminga.de\/wp-content\/uploads\/2019\/07\/Blog-4.jpg 1024w\" sizes=\"auto, (max-width: 644px) 100vw, 644px\" \/><\/figure>\n\n\n\n<p class=\"wp-block-paragraph\" style=\"font-size:18px\">Offiziell\ngegr\u00fcndet wurde der Kultverein am 09.Mai 2000. Jedoch forcierten die Bem\u00fchungen\nzur Aufwertung der \u201eDerminga Kerb\u201c im Jahre 1999, durch Ortsvorsteher Rudi Hell\nund eine neue junge Mannschaft, die Gr\u00fcndung des Kulturvereins im Jahre 2000.\nDie erste offizielle Veranstaltung des Kulturvereins Dirmingen war ein Konzert\nder saarl\u00e4ndischen Formation \u201eMarx Rootschilt Tillermann\u201c am 22.10 2000.<\/p>\n\n\n\n<p class=\"wp-block-paragraph\" style=\"font-size:18px\"><strong>Offiziell feiert<\/strong> <strong>der Kulturverein Dirmingen feiert also erst im kommenden Jahr sein 20. Jubil\u00e4um. Der Grundstein f\u00fcr die Neuformierung und Umbenennung des ehemaligen Vereinsrings, in den Kulturverein Dirmingen, wurde jedoch im Jahre 1999 gelegt.<\/strong><\/p>\n\n\n\n<figure class=\"wp-block-image\"><img loading=\"lazy\" decoding=\"async\" width=\"644\" height=\"649\" src=\"https:\/\/echta-derminga.de\/wp-content\/uploads\/2019\/07\/Blog-5-644x649.jpg\" alt=\"\" class=\"wp-image-4123\" srcset=\"https:\/\/echta-derminga.de\/wp-content\/uploads\/2019\/07\/Blog-5-644x649.jpg 644w, https:\/\/echta-derminga.de\/wp-content\/uploads\/2019\/07\/Blog-5-150x150.jpg 150w, https:\/\/echta-derminga.de\/wp-content\/uploads\/2019\/07\/Blog-5-298x300.jpg 298w, https:\/\/echta-derminga.de\/wp-content\/uploads\/2019\/07\/Blog-5.jpg 700w\" sizes=\"auto, (max-width: 644px) 100vw, 644px\" \/><figcaption>Quelle Saarbr\u00fccker Zeitung ( Berichterstattung 2018)<\/figcaption><\/figure>\n","protected":false},"excerpt":{"rendered":"<p>In der Dirminger Kulturecke erfahren Sie alles, was Sie schon immer \u00fcber Dirmingen wissen wollten oder wissen sollten. Wussten Sie schon, dass der heutige Kulturverein Dirmingen w\u00e4hrend einer au\u00dferordentlichen Mitgliederversammlung des damaligen Vereinsrings am 09.Mai 2000 gegr\u00fcndet wurde? Diese au\u00dferordentliche Versammlung fand im Gasthaus \u201eSchuhhannnesse\u201c statt und wurde vom kommissarischen Vorsitzenden H-G Wagner geleitet. Anwesende Vereinsvertreter waren: Hans-Gerd Wagner, Akkordeonclub,<\/p>\n","protected":false},"author":1,"featured_media":4116,"comment_status":"closed","ping_status":"closed","sticky":false,"template":"","format":"standard","meta":{"_crdt_document":"","footnotes":""},"categories":[1,2,100],"tags":[702,703,349,704],"class_list":["post-4112","post","type-post","status-publish","format-standard","has-post-thumbnail","hentry","category-allgemein","category-kulturecke","category-meine-kulturaner","tag-gasthaus-schuhhannesse","tag-heimat-und-verkehrsverein","tag-kulturverein-dirmingen","tag-mitgliederversammlung"],"_links":{"self":[{"href":"https:\/\/echta-derminga.de\/index.php?rest_route=\/wp\/v2\/posts\/4112","targetHints":{"allow":["GET"]}}],"collection":[{"href":"https:\/\/echta-derminga.de\/index.php?rest_route=\/wp\/v2\/posts"}],"about":[{"href":"https:\/\/echta-derminga.de\/index.php?rest_route=\/wp\/v2\/types\/post"}],"author":[{"embeddable":true,"href":"https:\/\/echta-derminga.de\/index.php?rest_route=\/wp\/v2\/users\/1"}],"replies":[{"embeddable":true,"href":"https:\/\/echta-derminga.de\/index.php?rest_route=%2Fwp%2Fv2%2Fcomments&post=4112"}],"version-history":[{"count":20,"href":"https:\/\/echta-derminga.de\/index.php?rest_route=\/wp\/v2\/posts\/4112\/revisions"}],"predecessor-version":[{"id":4140,"href":"https:\/\/echta-derminga.de\/index.php?rest_route=\/wp\/v2\/posts\/4112\/revisions\/4140"}],"wp:featuredmedia":[{"embeddable":true,"href":"https:\/\/echta-derminga.de\/index.php?rest_route=\/wp\/v2\/media\/4116"}],"wp:attachment":[{"href":"https:\/\/echta-derminga.de\/index.php?rest_route=%2Fwp%2Fv2%2Fmedia&parent=4112"}],"wp:term":[{"taxonomy":"category","embeddable":true,"href":"https:\/\/echta-derminga.de\/index.php?rest_route=%2Fwp%2Fv2%2Fcategories&post=4112"},{"taxonomy":"post_tag","embeddable":true,"href":"https:\/\/echta-derminga.de\/index.php?rest_route=%2Fwp%2Fv2%2Ftags&post=4112"}],"curies":[{"name":"wp","href":"https:\/\/api.w.org\/{rel}","templated":true}]}}