{"id":412,"date":"2018-02-06T19:44:44","date_gmt":"2018-02-06T18:44:44","guid":{"rendered":"http:\/\/echta-derminga.de\/?p=412"},"modified":"2021-01-24T15:14:15","modified_gmt":"2021-01-24T14:14:15","slug":"dirminger-kulturecke-entstehung-der-derminga-faasend","status":"publish","type":"post","link":"https:\/\/echta-derminga.de\/?p=412","title":{"rendered":"Dirminger Kulturecke &#8211; Entstehung der &#8222;Derminga Faasend&#8220;"},"content":{"rendered":"\n<p class=\"wp-block-paragraph\"><b>In der Dirminger Kulturecke erfahren Sie alles was Sie schon immer \u00fcber Dirmingen wissen wollten oder wissen sollten. Wussten Sie schon, dass bereits in den fr\u00fchen 1950-ger Jahre der Heimat-und Verkehrsverein Dirmingen versucht hat das Fastnachtsbrauchtum zu erhalten? Die Wahl eines Dirminger Prinzenpaares, ein bunter Fastnachtsumzug und eine gro\u00dfe Verhaftungswelle am &#8222;Faasend-Dienstag&#8220; geh\u00f6rten zu den n\u00e4rrischen Aktivit\u00e4ten. Nebenbei wurde am sogenannten &#8222;Veilchen-Dienstag&#8220; ein Krammarkt durchgef\u00fchrt.&nbsp;Woher der Name Veilchendienstag kommt, scheint nicht eindeutig gekl\u00e4rt. Es ist nahe liegend, dass wie der Nelkensamstag, Tulpensonntag oder Orchideensonntag die floralen Namen so sch\u00f6n zum Rosenmontag&nbsp; passten.<\/b><\/p>\n\n\n\n<p class=\"wp-block-paragraph\">Nach anf\u00e4nglichem Erfolg sank das Interesse der Bev\u00f6lkerung an diesen n\u00e4rrischen Veranstaltungen. Die Aktivit\u00e4ten wurden eingestellt und das Brauchtum kam zum erlegen.<\/p>\n\n\n\n<div class=\"wp-block-image wp-image-413 size-medium\"><figure class=\"alignleft\"><img loading=\"lazy\" decoding=\"async\" width=\"251\" height=\"300\" src=\"https:\/\/echta-derminga.de\/wp-content\/uploads\/2018\/02\/Umz\u00fcge-251x300.jpg\" alt=\"\" class=\"wp-image-413\" srcset=\"https:\/\/echta-derminga.de\/wp-content\/uploads\/2018\/02\/Umz\u00fcge-251x300.jpg 251w, https:\/\/echta-derminga.de\/wp-content\/uploads\/2018\/02\/Umz\u00fcge-676x808.jpg 676w, https:\/\/echta-derminga.de\/wp-content\/uploads\/2018\/02\/Umz\u00fcge.jpg 679w\" sizes=\"auto, (max-width: 251px) 100vw, 251px\" \/><figcaption>Fastnachtsumzug in Dirmingen<\/figcaption><\/figure><\/div>\n\n\n\n<p class=\"wp-block-paragraph\">Bereits vor dem zweiten Weltkrieg hatte sich der damalige Dirminger Handwerkerverein um die Durchf\u00fchrung der Fastnacht mit Umzug und Kram-und Viehmarkt bem\u00fcht.<\/p>\n\n\n\n<p class=\"wp-block-paragraph\">Nachweislich wurde jedoch noch viel fr\u00fcher in Dirmingen Fastnacht gefeiert. Schon vor dem ersten Weltkrieg gab es in Dirmingen einen Fastnachtsumzug am Veilchendienstag. Im Jahre 1903 erschien ein sogenanntes \u201eLiederbuch der Gesellschaft\u201c, mit vielen n\u00e4rrischen Stimmungsliedern. Im Jahre 1903 richtete die Dirminger Fastnachtsgesellschaft &#8222;D&#8217;moss senn&#8220;, zu Dirmingen, eine gro\u00dfe Fastnachtsveranstaltung mit diversen B\u00e4llen und gro\u00dfen Fastnachtsumzug aus. Im Jahre 1905 stand sogar das ganze Fastnachts-Wochenende unter dem Motto:&#8220; Dirminger Faschingsfeier im Jahre des Humors 1905&#8243;. Dies sind zeitgleich die \u00e4ltesten vorliegenden Nachweise auf karnevalistisches Treiben in unserem Dorf.<\/p>\n\n\n\n<p class=\"wp-block-paragraph\"><strong>Im Jahre 1955 \u00fcbernahm die Kolpingfamilie Dirmingen das Kommando. Alles begann mit einem bunten Maskenball im &#8222;Hesedenz-Saal&#8220;. Diese Veranstaltung war praktisch die Geburtsstunde der heutigen Kappensitzungen. Seit dieser Zeit schwingt die Kolpingfamilie das n\u00e4rrische Zepter in unserem Heimatort. In den 1970-ger Jahren wurde aus organisatorischen Gr\u00fcnden ein Umzug in die Borrwieshalle unausweichlich. Seitdem feiern wir in Dirmingen die Kappensitzungen wie wir Sie kennen.<\/strong><\/p>\n","protected":false},"excerpt":{"rendered":"<p>In der Dirminger Kulturecke erfahren Sie alles was Sie schon immer \u00fcber Dirmingen wissen wollten oder wissen sollten. Wussten Sie schon, dass bereits in den fr\u00fchen 1950-ger Jahre der Heimat-und Verkehrsverein Dirmingen versucht hat das Fastnachtsbrauchtum zu erhalten? Die Wahl eines Dirminger Prinzenpaares, ein bunter Fastnachtsumzug und eine gro\u00dfe Verhaftungswelle am &#8222;Faasend-Dienstag&#8220; geh\u00f6rten zu den n\u00e4rrischen Aktivit\u00e4ten. Nebenbei wurde am<\/p>\n","protected":false},"author":1,"featured_media":299,"comment_status":"closed","ping_status":"closed","sticky":false,"template":"","format":"standard","meta":{"_crdt_document":"","footnotes":""},"categories":[2],"tags":[31,32,34,33],"class_list":["post-412","post","type-post","status-publish","format-standard","has-post-thumbnail","hentry","category-kulturecke","tag-fastnachtsumzug-dirmingen","tag-kolpingfamilie","tag-prinzenpaar-dirmingen","tag-veilchen-dienstag"],"_links":{"self":[{"href":"https:\/\/echta-derminga.de\/index.php?rest_route=\/wp\/v2\/posts\/412","targetHints":{"allow":["GET"]}}],"collection":[{"href":"https:\/\/echta-derminga.de\/index.php?rest_route=\/wp\/v2\/posts"}],"about":[{"href":"https:\/\/echta-derminga.de\/index.php?rest_route=\/wp\/v2\/types\/post"}],"author":[{"embeddable":true,"href":"https:\/\/echta-derminga.de\/index.php?rest_route=\/wp\/v2\/users\/1"}],"replies":[{"embeddable":true,"href":"https:\/\/echta-derminga.de\/index.php?rest_route=%2Fwp%2Fv2%2Fcomments&post=412"}],"version-history":[{"count":9,"href":"https:\/\/echta-derminga.de\/index.php?rest_route=\/wp\/v2\/posts\/412\/revisions"}],"predecessor-version":[{"id":8711,"href":"https:\/\/echta-derminga.de\/index.php?rest_route=\/wp\/v2\/posts\/412\/revisions\/8711"}],"wp:featuredmedia":[{"embeddable":true,"href":"https:\/\/echta-derminga.de\/index.php?rest_route=\/wp\/v2\/media\/299"}],"wp:attachment":[{"href":"https:\/\/echta-derminga.de\/index.php?rest_route=%2Fwp%2Fv2%2Fmedia&parent=412"}],"wp:term":[{"taxonomy":"category","embeddable":true,"href":"https:\/\/echta-derminga.de\/index.php?rest_route=%2Fwp%2Fv2%2Fcategories&post=412"},{"taxonomy":"post_tag","embeddable":true,"href":"https:\/\/echta-derminga.de\/index.php?rest_route=%2Fwp%2Fv2%2Ftags&post=412"}],"curies":[{"name":"wp","href":"https:\/\/api.w.org\/{rel}","templated":true}]}}