{"id":4141,"date":"2019-07-28T15:42:15","date_gmt":"2019-07-28T14:42:15","guid":{"rendered":"http:\/\/echta-derminga.de\/?p=4141"},"modified":"2019-07-28T17:06:27","modified_gmt":"2019-07-28T16:06:27","slug":"urlaub-am-starnberger-see-und-auf-den-spuren-des-maerchenkoenigs-sind-wir-gleich-da","status":"publish","type":"post","link":"https:\/\/echta-derminga.de\/?p=4141","title":{"rendered":"Im Urlaub am Starnberger See auf den Spuren des M\u00e4rchenk\u00f6nigs &#8211; &#8222;Sind wir gleich da?&#8220;"},"content":{"rendered":"\n<p class=\"wp-block-paragraph\" style=\"font-size:18px\"><strong>Warum in die Ferne schweifen, wenn das Gute liegt so nah? Ich bleibe dabei, im Saarland kann man wunderbar Urlaub machen. Wenn das Wetter mitspielt kann man im sch\u00f6nsten Bundesland der Welt so einiges erleben. Kultur und Natur sind hier eng miteinander verbunden. Radfahren, Wandern oder auch Baden in zwei wunderbaren Stauseen. Im Saarland ist vieles m\u00f6glich!<\/strong><\/p>\n\n\n\n<p class=\"wp-block-paragraph\" style=\"font-size:18px\">Dennoch stand in diesem Jahr mal wieder ein Urlaubsreise auf dem Programm der Familie Klein, aus der \u201eHennagass\u201c. Urlaub wird im Hause Klein nur in dringenden F\u00e4llen genehmigt und in unregelm\u00e4\u00dfigen Abst\u00e4nden durchgef\u00fchrt. In diesem Jahr sollte es mal wieder soweit sein. Die Reise ging nach Bayern, an den sch\u00f6nen Starnberger See. Als Bauchmensch lasse ich mich gerne von meinen Emotionen leiten und somit war Bayern nicht gerade meine erste Wahl. Zugegebenerma\u00dfen spielt da auch der Fu\u00dfball eine gewichtige Rolle. Ich muss zugeben, dass ich alles andere als fair mit unserem gr\u00f6\u00dften deutschen Bundesland umging und zu viele Vorurteile hatte. Nach diesem Urlaub muss ich mir jedoch eingestehen, dass ich mich get\u00e4uscht habe. Unser Familienurlaub am Starnberger See war wunderbar und ein echtes Erlebnis. Der See ein Traum, die Landschaft herrlich und die Menschen allesamt freundlich und zuvorkommend. &nbsp;Das Wetter war fantastisch und an guten Tagen konnte man, im See schwimmend, die Aussicht auf die Alpen genie\u00dfen. Ja, ich habe den Bayern Unrecht getan.<\/p>\n\n\n\n<div class=\"wp-block-image\"><figure class=\"aligncenter size-large\"><img loading=\"lazy\" decoding=\"async\" width=\"644\" height=\"483\" src=\"https:\/\/echta-derminga.de\/wp-content\/uploads\/2019\/07\/2-644x483.jpg\" alt=\"\" class=\"wp-image-4171\" srcset=\"https:\/\/echta-derminga.de\/wp-content\/uploads\/2019\/07\/2-644x483.jpg 644w, https:\/\/echta-derminga.de\/wp-content\/uploads\/2019\/07\/2-300x225.jpg 300w, https:\/\/echta-derminga.de\/wp-content\/uploads\/2019\/07\/2.jpg 700w\" sizes=\"auto, (max-width: 644px) 100vw, 644px\" \/><figcaption>Starnberger See, im Hintergrund die Alpen.<\/figcaption><\/figure><\/div>\n\n\n\n<p class=\"wp-block-paragraph\" style=\"font-size:18px\"><strong>Mein Sohn Tristan hingegen hatte ganz andere Probleme. Langes Autofahren ist f\u00fcr den kleinen Mann ein Graus. Bereits auf der Hinfahrt stellte er auf der Autobahn, in H\u00f6he Illingen, erstmals die Frage: \u201eSind wir gleich da?\u201c Genau diese Frage mussten wir uns bis zum Urlaubsende so einige Male anh\u00f6ren. \u00dcberhaupt war der Urlaub f\u00fcr meinen Sohn nur mit einem Besuch im \u201eLego-Land\u201c zu rechtfertigen. Der sch\u00f6ne Starnberger See vers\u00fc\u00dfte ihm jedoch die Zeit bis zum Besuch in seinem hei\u00dfgeliebten \u201eLego-Land\u201c. <\/strong><\/p>\n\n\n\n<p class=\"wp-block-paragraph\" style=\"font-size:18px\">Wir durften in dieser Urlaubswoche so einiges erleben und lernten zudem viele nette Menschen kennen. Ausgerechnet ein &#8222;Echta Derminga&#8220; sorgte jedoch daf\u00fcr, dass wir die bayrische Metropole M\u00fcnchen besser kennen lernen durften. Der Dirminger Daniel Klein lebt in M\u00fcnchen und hatte uns zu einem Besuch eingeladen.Ein wunderbarer Tag wobei wir die bayrische Hauptstadt aus einem v\u00f6llig anderen Blickwinkel betrachten konnten. Sogar die Wiege meines Arbeitgebers konnte ich mir einmal genauer ansehen. Danke Daniel !<\/p>\n\n\n\n<div class=\"wp-block-image\"><figure class=\"aligncenter size-large\"><img loading=\"lazy\" decoding=\"async\" width=\"644\" height=\"517\" src=\"https:\/\/echta-derminga.de\/wp-content\/uploads\/2019\/07\/IMG_20190726_171935_resized_20190728_041433468-Kopie-644x517.jpg\" alt=\"\" class=\"wp-image-4173\" srcset=\"https:\/\/echta-derminga.de\/wp-content\/uploads\/2019\/07\/IMG_20190726_171935_resized_20190728_041433468-Kopie-644x517.jpg 644w, https:\/\/echta-derminga.de\/wp-content\/uploads\/2019\/07\/IMG_20190726_171935_resized_20190728_041433468-Kopie-300x241.jpg 300w, https:\/\/echta-derminga.de\/wp-content\/uploads\/2019\/07\/IMG_20190726_171935_resized_20190728_041433468-Kopie.jpg 647w\" sizes=\"auto, (max-width: 644px) 100vw, 644px\" \/><figcaption>&#8222;Echte Derminga&#8220; vor dem Rathaus in M\u00fcnchen<\/figcaption><\/figure><\/div>\n\n\n\n<p class=\"wp-block-paragraph\" style=\"font-size:18px\">Bayern ist das Land der Schl\u00f6sser, der Wanderwege und der Radfahrer. In Bayern steht eines der wohl beliebtesten Touristenziele Deutschlands: Schloss Neuschwanstein. Erbaut wurde das M\u00e4rchenschloss von Ludwig II., der auch \u201eM\u00e4rchenk\u00f6nig\u201c genannt wurde. Dabei erbaute Ludwig II. nicht nur Schloss Neuschwanstein, sondern auch Schloss Herrenchiemsee und Schloss Linderhof sowie zahlreiche weitere Prachtbauten. Bayern l\u00e4sst sich den Erhalt der alten Burgen und Schl\u00f6sser einiges kosten. <\/p>\n\n\n\n<p class=\"wp-block-paragraph\" style=\"font-size:18px\"><strong>Auch am Starnberger See investiert der Freistaat Bayern in sch\u00f6ne Prachtbauten. Das Ber\u00fchmteste d\u00fcrfte das Schloss Possenhofen sein. Die bekannte Kaiserin Elisabeth (Sissi) von \u00d6sterreich verbrachte in diesem historischen Gem\u00e4uer viel Zeit und traf sich nachweislich mit Ludwig  auf der nahe gelegenen\u00a0Roseninsel. Also nicht nur der Bayern-K\u00f6nig, sondern auch die Kaiserin von \u00d6sterreich-Ungarn, Elisabeth verbrachten viele Tage am Starnberger See. Elisabeth war eine Cousine von Ludwig II. und pflegte ein sehr inniges Verh\u00e4ltnis zum umstrittenen Monarchen. Irgendwo konnte ich einmal lesen, dass sich die beiden seelenverwandt f\u00fchlten.<\/strong><\/p>\n\n\n\n<div class=\"wp-block-image\"><figure class=\"aligncenter size-large\"><img loading=\"lazy\" decoding=\"async\" width=\"700\" height=\"452\" src=\"https:\/\/echta-derminga.de\/wp-content\/uploads\/2019\/07\/6-644x416.jpg\" alt=\"\" class=\"wp-image-4182\" srcset=\"https:\/\/echta-derminga.de\/wp-content\/uploads\/2019\/07\/6-644x416.jpg 644w, https:\/\/echta-derminga.de\/wp-content\/uploads\/2019\/07\/6-300x194.jpg 300w, https:\/\/echta-derminga.de\/wp-content\/uploads\/2019\/07\/6.jpg 700w\" sizes=\"auto, (max-width: 700px) 100vw, 700px\" \/><figcaption>Schlo\u00df Possenhofen am Starnberger See<\/figcaption><\/figure><\/div>\n\n\n\n<p class=\"wp-block-paragraph\" style=\"font-size:18px\">W\u00e4hrend ich so schreibe, f\u00e4llt mir auf, dass ich schon mitten im Thema bin. Nat\u00fcrlich habe ich auch diesen Urlaub dazu genutzt mein geschichtliches Allgemeinwissen aufzuwerten. Ich meine, wenn ich schon mal am Starnberger See bin, kann ich mich auch auf die Spuren des Bayern-K\u00f6nigs Ludwigs machen. Ich denke mir ist das, im Einklang mit meiner Familie, sehr gut gelungen. Zwischen dem Faulenzen am See und dem schlichten Daseins eines Touristen konnte ich mir den ein oder andere &#8222;Forschungstrip&#8220; nicht verkneifen. Abends erholten wir uns dann im Biergarten und genossen bei einem \u201eMoa\u00df\u201c den sch\u00f6nen Blick \u00fcber den See.<\/p>\n\n\n\n<p class=\"wp-block-paragraph\" style=\"font-size:18px\"><strong>Im zarten Alter von 18 Jahren bestieg Ludwig im Jahre 1864 den bayerischen Thron. Von seinen Ministern wurde er gehasst, vom Volk geliebt. Unter diesem Druck fl\u00fcchtete der sensible Monarch immer mehr in wirre Phantasien. Mit dem Schloss Neuschwanstein verwirklichte er sich seinen Traum. Mit seinen teuren Schlossbauten und diversen anderen Ausgaben strapazierte Ludwig nicht nur die Reichskasse, sondern auch die Nerven seiner Minister. Der Schuldenberg stieg im Jahre 1884 bereits auf \u00fcber acht Millionen Reichsmark. Die Minister hatten Handlungsbedarf und sahen das Ansehen Bayerns gef\u00e4hrdet. K\u00f6nig Ludwig hielt man l\u00e4ngst f\u00fcr einen Verr\u00fcckten. Nun ging es darum das Ganze auch offiziell zu machen. Ministerpr\u00e4sident Johann von Lutz beauftragte im M\u00e4rz 1886 den Obermedizinalrat Dr. Bernhard von Gudden ein Gutachten \u00fcber Ludwigs Geisteszustand zu erstellen. Tats\u00e4chlich scheint der Monarch in seinen letzten Jahren an Halluzinationen gelitten zu haben. Ludwig baute physisch sehr stark ab. Hinzu kamen schlechte Ern\u00e4hrung und zuviel Alkohol. Am Ende war sein K\u00f6rper aufgedunsen wobei ihm nachweislich fast alle Z\u00e4hne ausfielen. Ludwig konnte nur noch mit Medikamenten schlafen. Heute w\u00fcrde man dem Monarchen zumindest eine Depression attestieren. <\/strong><\/p>\n\n\n\n<div class=\"wp-block-image\"><figure class=\"aligncenter size-large\"><img loading=\"lazy\" decoding=\"async\" width=\"644\" height=\"483\" src=\"https:\/\/echta-derminga.de\/wp-content\/uploads\/2019\/07\/5-644x483.jpg\" alt=\"\" class=\"wp-image-4178\" srcset=\"https:\/\/echta-derminga.de\/wp-content\/uploads\/2019\/07\/5-644x483.jpg 644w, https:\/\/echta-derminga.de\/wp-content\/uploads\/2019\/07\/5-300x225.jpg 300w, https:\/\/echta-derminga.de\/wp-content\/uploads\/2019\/07\/5.jpg 700w\" sizes=\"auto, (max-width: 644px) 100vw, 644px\" \/><figcaption>Fundort des toten Bayern-K\u00f6nigs im Starnberger See<\/figcaption><\/figure><\/div>\n\n\n\n<p class=\"wp-block-paragraph\" style=\"font-size:18px\">Im Jahre 1886 wurde K\u00f6nig Ludwig II. f\u00fcr geisteskrank erkl\u00e4rt und \u00f6ffentlich abgesetzt. Schloss Neuschwanstein war sein letzter Aufenthaltsort. Am 12. Juni 1886 wurde der Bayern-K\u00f6nig widerstandslos nach Berg am Starnberger See gebracht. Dort hatte man das kleine K\u00f6nigsschloss vorsorglich zu einer privaten Irrenanstalt umgebaut. Das t\u00e4gliche Spazieren gehen geh\u00f6rte zu den wenigen Dingen die Ludwig noch machen durfte. Allerdings niemals allein! Sein Nervenarzt von Gudden begleitete ihn in der Regel. Meistens war zudem eine Wache abgestellt die dem Monarchen auf Schritt und Tritt folgte.<\/p>\n\n\n\n<p class=\"wp-block-paragraph\" style=\"font-size:18px\"><strong>Am 13.06.1886 starb Ludwig auf mysteri\u00f6se Weise im Starnberger See. Am Abend des 13. Juni, dem Pfingstsonntag, um 18.45 Uhr verlie\u00dfen er und sein Arzt von Gudden das Schloss Berg. Aus unbekannten Gr\u00fcnden verzichtete von Gudden diesmal auf Personenschutz. Als sie um 20 Uhr trotz mittlerweile starken Regens immer noch nicht zur\u00fcck waren, wurde man im Schloss langsam unruhig. Eine gro\u00dfangelegte Suchaktion brachte schlie\u00dflich die traurige Gewissheit. Gegen 23 Uhr stie\u00df man im Starnberger See auf zwei Leichen. K\u00f6nig Ludwigs Uhr war um 18:54 Uhr stehengeblieben. W\u00e4hrend einer Obduktion fand man bei Ludwig keine \u00e4u\u00dferlichen Verletzungen. War der Bayern-K\u00f6nig wirklich ertrunken?&nbsp; Quellen behaupten, dass Ludwig in seinem Leben ein sehr guter Schwimmer und Sportler gewesen war. Von Guddens Gesicht wies Kratzwunden und einen blauen Fleck auf. Was war passiert ?<\/strong><\/p>\n\n\n\n<div class=\"wp-block-image\"><figure class=\"aligncenter size-large\"><img loading=\"lazy\" decoding=\"async\" width=\"600\" height=\"450\" src=\"https:\/\/echta-derminga.de\/wp-content\/uploads\/2019\/07\/7.jpg\" alt=\"\" class=\"wp-image-4180\" srcset=\"https:\/\/echta-derminga.de\/wp-content\/uploads\/2019\/07\/7.jpg 600w, https:\/\/echta-derminga.de\/wp-content\/uploads\/2019\/07\/7-300x225.jpg 300w\" sizes=\"auto, (max-width: 600px) 100vw, 600px\" \/><figcaption>In Erinnerung an den Bayern-K\u00f6nig<\/figcaption><\/figure><\/div>\n\n\n\n<p class=\"wp-block-paragraph\" style=\"font-size:18px\">Die Ungewissheit \u00fcber Ludwigs Todesumst\u00e4nde sind bis heute ungekl\u00e4rt. Irgendwie d\u00fcrfte das ganz in seinem Sinne gewesen sein. Passend \u00fcberliefert hierzu ist ein altes Zitat des Bayern K\u00f6nigs: <strong>&#8222;Ein ewiges R\u00e4tsel bleiben will ich mir und anderen.&#8220;<\/strong> Meine pers\u00f6nliche Meinung sollte hier nicht unerw\u00e4hnt bleiben: Ich glaube nicht an einen Suizid des Monarchen. Aus meiner Sicht gibt es zu viele Ungereimtheiten die auf ein Verbrechen deuten.<\/p>\n\n\n\n<p class=\"wp-block-paragraph\" style=\"font-size:18px\"><strong>Als Ludwig II. seine Cousine Elisabeth von \u00d6sterreich, geborene Herzogin von Bayern, im 1864 kennen lernte, war Sie 26 und Er 18 Jahre alt. Sie verstanden sich auf Anhieb sehr gut und pflegten ein harmonisches Miteinander. Am Ende soll die beiden eine lebenslange Freundschaft verbunden haben. Nat\u00fcrlich wurde viel hineininterpretiert. Erwiesen ist bis heute nix!<\/strong> <strong>Dennoch waren sich die beiden Monarchen im Grunde sehr \u00e4hnlich. K\u00f6nigin Elisabeth und auch Ludwig II. hielten \u00fcberhaupt nichts von k\u00f6niglichen Zw\u00e4ngen. Beide f\u00fchlten sich in einem \u201egoldenen K\u00e4fig\u201c gefangen. Sissi f\u00fchlte sich nach eigener Aussage von ihrer pers\u00f6nlichen Freiheit beraubt. Am Ende starben beide auf mysteri\u00f6se Art und Weise. Ludwig der II. starb aus bisher unerkl\u00e4rten Gr\u00fcnden im W\u00fcrmsee, dem heutigen Starnberger See, Kaiserin Sissi hingegen wurde am 10. September 1898 in Genf ermordet.<\/strong><\/p>\n\n\n\n<p class=\"wp-block-paragraph\" style=\"font-size:18px\">Auch diese Geschichte verlief h\u00f6chst eigenartig. Wenn man so will ermordete der italienische Gelegenheitsarbeiter Luigi Lucheni die \u00f6sterreichische Kaiserin Sissi praktisch &#8222;zuf\u00e4llig&#8220;. Eigentlich wollte Lucheni den italienischen K\u00f6nig Umberto I. t\u00f6ten. Weil das Geld f\u00fcr die Reise fehlte, fand er mit dem Herzog von Orl\u00e9ans ein &#8222;Ersatzopfer&#8220;. Als der Besuch kurzfristig abgesagt wurde, nahm Lucheni eben der guten Sissi das Leben. Sissis letzte Worte waren: <strong>&#8222;Was wollte dieser Mann denn eigentlich? Vielleicht wollte er mir die Uhr wegnehmen?<\/strong>&#8220; Kurze Zeit sp\u00e4ter bricht sie auf einem Dampfer zusammen und verstirbt.<\/p>\n\n\n\n<div class=\"wp-block-image\"><figure class=\"aligncenter size-large\"><img loading=\"lazy\" decoding=\"async\" width=\"644\" height=\"483\" src=\"https:\/\/echta-derminga.de\/wp-content\/uploads\/2019\/07\/9-644x483.jpg\" alt=\"\" class=\"wp-image-4184\" srcset=\"https:\/\/echta-derminga.de\/wp-content\/uploads\/2019\/07\/9-644x483.jpg 644w, https:\/\/echta-derminga.de\/wp-content\/uploads\/2019\/07\/9-300x225.jpg 300w, https:\/\/echta-derminga.de\/wp-content\/uploads\/2019\/07\/9.jpg 700w\" sizes=\"auto, (max-width: 644px) 100vw, 644px\" \/><figcaption>&#8222;Unser&#8220; Strand am Starnberger See<\/figcaption><\/figure><\/div>\n\n\n\n<p class=\"wp-block-paragraph\" style=\"font-size:18px\"><strong>Unser Urlaub Starnberger See war in jeder Hinsicht ein echtes Erlebnis. Herz was willst du mehr als Erholung, Kultur, Natur und nat\u00fcrlich einen Besuch im \u201eLego-Land\u201c. Gef\u00fchlt haben wir die Frage: \u201eSind wir gleich da?\u201c mindestens zehn tausendmal geh\u00f6rt. Unser Urlaub endete schlie\u00dflich mit dem Besuch im hei\u00df ersehnten \u201eLego-Land\u201c. Als wir uns nach diesem erlebnisreichen Tag auf den Heimweg ins geliebte Saarland machten, stellte mein kleiner Sohn bereits beim Einsteigen in unser Auto seine Frage: \u201eSind wir gleich da?\u201c<\/strong><\/p>\n\n\n\n<div class=\"wp-block-image\"><figure class=\"aligncenter size-large\"><img loading=\"lazy\" decoding=\"async\" width=\"644\" height=\"483\" src=\"https:\/\/echta-derminga.de\/wp-content\/uploads\/2019\/07\/10-644x483.jpg\" alt=\"\" class=\"wp-image-4186\" srcset=\"https:\/\/echta-derminga.de\/wp-content\/uploads\/2019\/07\/10-644x483.jpg 644w, https:\/\/echta-derminga.de\/wp-content\/uploads\/2019\/07\/10-300x225.jpg 300w, https:\/\/echta-derminga.de\/wp-content\/uploads\/2019\/07\/10.jpg 700w\" sizes=\"auto, (max-width: 644px) 100vw, 644px\" \/><figcaption>Sind wir gleich da ? Ja, wir sind da !<\/figcaption><\/figure><\/div>\n","protected":false},"excerpt":{"rendered":"<p>Warum in die Ferne schweifen, wenn das Gute liegt so nah? Ich bleibe dabei, im Saarland kann man wunderbar Urlaub machen. Wenn das Wetter mitspielt kann man im sch\u00f6nsten Bundesland der Welt so einiges erleben. Kultur und Natur sind hier eng miteinander verbunden. Radfahren, Wandern oder auch Baden in zwei wunderbaren Stauseen. Im Saarland ist vieles m\u00f6glich! Dennoch stand in<\/p>\n","protected":false},"author":1,"featured_media":4169,"comment_status":"open","ping_status":"closed","sticky":false,"template":"","format":"standard","meta":{"_crdt_document":"","footnotes":""},"categories":[1,318],"tags":[706,5,707,705,708],"class_list":["post-4141","post","type-post","status-publish","format-standard","has-post-thumbnail","hentry","category-allgemein","category-uff-da-schnerr","tag-bayern","tag-dirmingen","tag-muenchen","tag-urlaub-starnberger-see","tag-urlaubsziel-saarland"],"_links":{"self":[{"href":"https:\/\/echta-derminga.de\/index.php?rest_route=\/wp\/v2\/posts\/4141","targetHints":{"allow":["GET"]}}],"collection":[{"href":"https:\/\/echta-derminga.de\/index.php?rest_route=\/wp\/v2\/posts"}],"about":[{"href":"https:\/\/echta-derminga.de\/index.php?rest_route=\/wp\/v2\/types\/post"}],"author":[{"embeddable":true,"href":"https:\/\/echta-derminga.de\/index.php?rest_route=\/wp\/v2\/users\/1"}],"replies":[{"embeddable":true,"href":"https:\/\/echta-derminga.de\/index.php?rest_route=%2Fwp%2Fv2%2Fcomments&post=4141"}],"version-history":[{"count":76,"href":"https:\/\/echta-derminga.de\/index.php?rest_route=\/wp\/v2\/posts\/4141\/revisions"}],"predecessor-version":[{"id":4226,"href":"https:\/\/echta-derminga.de\/index.php?rest_route=\/wp\/v2\/posts\/4141\/revisions\/4226"}],"wp:featuredmedia":[{"embeddable":true,"href":"https:\/\/echta-derminga.de\/index.php?rest_route=\/wp\/v2\/media\/4169"}],"wp:attachment":[{"href":"https:\/\/echta-derminga.de\/index.php?rest_route=%2Fwp%2Fv2%2Fmedia&parent=4141"}],"wp:term":[{"taxonomy":"category","embeddable":true,"href":"https:\/\/echta-derminga.de\/index.php?rest_route=%2Fwp%2Fv2%2Fcategories&post=4141"},{"taxonomy":"post_tag","embeddable":true,"href":"https:\/\/echta-derminga.de\/index.php?rest_route=%2Fwp%2Fv2%2Ftags&post=4141"}],"curies":[{"name":"wp","href":"https:\/\/api.w.org\/{rel}","templated":true}]}}