{"id":4248,"date":"2019-08-06T15:13:03","date_gmt":"2019-08-06T14:13:03","guid":{"rendered":"http:\/\/echta-derminga.de\/?p=4248"},"modified":"2019-08-06T15:35:13","modified_gmt":"2019-08-06T14:35:13","slug":"feuerwehrfest-in-dirmingen-einfach-mal-ein-stueck-zurueckgeben-von-dem-was-man-ueber-das-jahr-bekommt","status":"publish","type":"post","link":"https:\/\/echta-derminga.de\/?p=4248","title":{"rendered":"Feuerwehrfest in Dirmingen- Einfach mal ein St\u00fcck zur\u00fcckgeben, von dem was man \u00fcber das Jahr bekommt"},"content":{"rendered":"\n<p class=\"wp-block-paragraph\" style=\"font-size:18px\"><strong>Die \u00f6rtliche Feuerwehr l\u00e4dt ein zum \u201eTag der offenen T\u00fcr\u201c und alle Dirminger geben sich die Ehre. So sollte es sein und so w\u00fcnschte es sich auch der L\u00f6schbezirk Dirmingen.<\/strong> <strong>Am Ende waren viele gekommen, aber eben nicht alle! Ich beobachte diese Entwicklung seit vielen Jahren kritisch. Das \u00f6rtliche Feuerwehrfest gibt der Bev\u00f6lkerung die M\u00f6glichkeit etwas von dem zur\u00fcck zu geben, von dem was man im Laufe eines Jahres von der Feuerwehr bekommt. Dabei geht es nicht nur um Sicherheit, Hilfe, Beistand sondern auch um retten und bergen.<\/strong> <strong> <\/strong><\/p>\n\n\n\n<p class=\"wp-block-paragraph\" style=\"font-size:18px\">Am Samstag und Sonntag, 03.\/04. August 2019 feierte die Dirminger Feuerwehr wieder am eigenen Ger\u00e4tehaus an der Alsbachschule. An zwei Tagen gab es wie gewohnt Spa\u00df, gute Unterhaltung, leckeres Essen und k\u00fchlen Getr\u00e4nken. Unser L\u00f6schbezirk hatte keine Kosten und M\u00fchen gescheut, um der Bev\u00f6lkerung auch in diesem Jahr ein sch\u00f6nes Fest anzubieten. Bereits zur Er\u00f6ffnung des Festes wurden Ehrungen und Bef\u00f6rderungen durchgef\u00fchrt.<\/p>\n\n\n\n<div class=\"wp-block-image\"><figure class=\"aligncenter size-large\"><img loading=\"lazy\" decoding=\"async\" width=\"644\" height=\"411\" src=\"https:\/\/echta-derminga.de\/wp-content\/uploads\/2019\/08\/ffw2-644x411.jpg\" alt=\"\" class=\"wp-image-4261\" srcset=\"https:\/\/echta-derminga.de\/wp-content\/uploads\/2019\/08\/ffw2-644x411.jpg 644w, https:\/\/echta-derminga.de\/wp-content\/uploads\/2019\/08\/ffw2-300x191.jpg 300w, https:\/\/echta-derminga.de\/wp-content\/uploads\/2019\/08\/ffw2.jpg 756w\" sizes=\"auto, (max-width: 644px) 100vw, 644px\" \/><figcaption>Nach den Ehrungen und Bef\u00f6rderungen<\/figcaption><\/figure><\/div>\n\n\n\n<p class=\"wp-block-paragraph\" style=\"font-size:18px\">Dabei ist allein der kulinarische Hintergrund dieses Festes ein Besuch wert. Schnitzel-burger, Rostw\u00fcrste, Erbsensuppe, Rahmschnitzel und viele leckere Kuchen werden an zwei Tagen angeboten. Herz was willst du mehr? Dahinter stecken viel Arbeit und ein gro\u00dfer Aufwand. Das Ganze in Anbetracht dessen, dass jeden Moment die Sirene ert\u00f6nt und die Mannschaft ausr\u00fccken muss. Die Feuerwehr ist allzeit bereit und immer im Dienst der Menschlichkeit. Wissen wir das heute noch zu sch\u00e4tzen oder halten wir das l\u00e4ngst f\u00fcr eine Selbstverst\u00e4ndlichkeit. Anhand eines buntes Rahmenprogramm mit Life-Musik und einer Schau\u00fcbung der eigenen Jugendwehr wurden den G\u00e4sten bestens unterhalten. Auch dahinter steckt reichlich Arbeit und viel Organisation.<\/p>\n\n\n\n<p class=\"wp-block-paragraph\" style=\"font-size:18px\"><strong>Ich finde wir sollten der Feuerwehr mehr Respekt entgegenbringen. Die Ausr\u00fcckzeit unserer Feuerwehr ist erstaunlich niedrig und zudem hat sich die Anzahl der technischen Hilfeleistungen erh\u00f6ht. Es geht l\u00e4ngst nicht mehr nur um Retten-L\u00f6schen-Bergen-Sch\u00fctzen. Heute geh\u00f6rt vieles mehr dazu! Dies bedeutet im Umkehrschluss, dass die Anzahl der Eins\u00e4tze in den letzten Jahren massiv gestiegen ist.<\/strong><\/p>\n\n\n\n<p class=\"wp-block-paragraph\" style=\"font-size:18px\">Ich f\u00fcr meinen Teil w\u00fcnsche mir, dass man der Feuerwehr mehr Respekt und Aufmerksamkeit zukommen l\u00e4sst. Dies ist nicht zuletzt auch eine Aufgabe der Politik. Wenn es darum geht beispielsweise einen Brandschutzbedarfsplan zu erstellen oder feuerwehrtechnische Anschaffungen zu machen, sollte zun\u00e4chst auf die Feuerwehr geh\u00f6rt werden. Parteipolitische Spielereien haben bei der Feuerwehr nichts zu suchen. Wir leben in Zeiten der Mediengeilheit, des Shitstorms und der \u00f6ffentlichen Hetze. Heute ist es \u201ecool\u201c ein Unfallopfer zu fotografieren oder ein aktuell brennendes Haus zu filmen und ins Netz zu stellen. Unsere Feuerwehr steht da oftmals machtlos daneben. Wir alle sollten uns in unserem Umgang auf der Suche nach Sensationen ma\u00dfregeln und zur\u00fcckhalten. Auch hier gilt die Devise: Was du nicht willst was man dir tut, dass f\u00fcg auch keinem anderen zu!<\/p>\n\n\n\n<p class=\"wp-block-paragraph\" style=\"font-size:18px\"><strong>Der L\u00f6schbezirk Dirmingen verf\u00fcgt \u00fcber eine gute Mannschaft mit vielen engagierten Frauen und M\u00e4nnern. Das diesj\u00e4hrige Feuerwehrfest hat dies wiederum eindrucksvoll unter Beweis gestellt. Wir k\u00f6nnen sehr stolz auf unseren Dirminger L\u00f6schbezirk sein. F\u00fcr mich pers\u00f6nlich war es eine Ehre zu helfen. Eine kleine Dienstleistung auf dem eigenen Feuerwehrfest ist das mindeste was man tun kann, um der Wehr ein bisschen etwas zur\u00fcck zu geben. <\/strong><\/p>\n\n\n\n<div class=\"wp-block-image\"><figure class=\"aligncenter size-large\"><img loading=\"lazy\" decoding=\"async\" width=\"644\" height=\"406\" src=\"https:\/\/echta-derminga.de\/wp-content\/uploads\/2019\/08\/ffw3-644x406.jpg\" alt=\"\" class=\"wp-image-4263\" srcset=\"https:\/\/echta-derminga.de\/wp-content\/uploads\/2019\/08\/ffw3-644x406.jpg 644w, https:\/\/echta-derminga.de\/wp-content\/uploads\/2019\/08\/ffw3-300x189.jpg 300w, https:\/\/echta-derminga.de\/wp-content\/uploads\/2019\/08\/ffw3-768x484.jpg 768w, https:\/\/echta-derminga.de\/wp-content\/uploads\/2019\/08\/ffw3.jpg 794w\" sizes=\"auto, (max-width: 644px) 100vw, 644px\" \/><figcaption>Dirminger Jugendwehr nach der Schau\u00fcbung<\/figcaption><\/figure><\/div>\n\n\n\n<p class=\"wp-block-paragraph\" style=\"font-size:18px\">Mein kleiner Sohn ist seit zwei Jahren bei der Dirminger\nJugendwehr t\u00e4tig. Nachdem er kein Interesse am Fu\u00dfball oder Handball hatte\nmusste ein anderes Angebot herhalten. Uns war es wichtig, dass der Spr\u00f6ssling\nirgendeinem Hobby im Team nachgeht. Der soziale Aspekt und das Miteinander sollten\nschon von Kindesbeinen aus praktiziert werden. Die Feuerwehr ist daf\u00fcr ein\nperfektes Beispiel. Hier lernen Kinder und Jugendliche im Miteinander f\u00fcr\nandere einzustehen und zu helfen. So soll es ein! <\/p>\n\n\n\n<p class=\"wp-block-paragraph\" style=\"font-size:18px\"><strong>Ich w\u00fcnsche dem L\u00f6schbezirk Dirmingen allzeit viel Gl\u00fcck und Erfolg. Kommt immer wieder gesund aus euren Eins\u00e4tzen zur\u00fcck und bleibt uns erhalten. Gut Wehr!<\/strong><\/p>\n","protected":false},"excerpt":{"rendered":"<p>Die \u00f6rtliche Feuerwehr l\u00e4dt ein zum \u201eTag der offenen T\u00fcr\u201c und alle Dirminger geben sich die Ehre. So sollte es sein und so w\u00fcnschte es sich auch der L\u00f6schbezirk Dirmingen. Am Ende waren viele gekommen, aber eben nicht alle! Ich beobachte diese Entwicklung seit vielen Jahren kritisch. Das \u00f6rtliche Feuerwehrfest gibt der Bev\u00f6lkerung die M\u00f6glichkeit etwas von dem zur\u00fcck zu<\/p>\n","protected":false},"author":1,"featured_media":4270,"comment_status":"open","ping_status":"closed","sticky":false,"template":"","format":"standard","meta":{"_crdt_document":"","footnotes":""},"categories":[1,9],"tags":[5,711,712,618,106],"class_list":["post-4248","post","type-post","status-publish","format-standard","has-post-thumbnail","hentry","category-allgemein","category-dorfgetratsche","tag-dirmingen","tag-ffw-dirmingen","tag-freiwillige-feuerwehr-eppelborn","tag-gemeinde-eppelborn","tag-loeschbezirk-dirmingen"],"_links":{"self":[{"href":"https:\/\/echta-derminga.de\/index.php?rest_route=\/wp\/v2\/posts\/4248","targetHints":{"allow":["GET"]}}],"collection":[{"href":"https:\/\/echta-derminga.de\/index.php?rest_route=\/wp\/v2\/posts"}],"about":[{"href":"https:\/\/echta-derminga.de\/index.php?rest_route=\/wp\/v2\/types\/post"}],"author":[{"embeddable":true,"href":"https:\/\/echta-derminga.de\/index.php?rest_route=\/wp\/v2\/users\/1"}],"replies":[{"embeddable":true,"href":"https:\/\/echta-derminga.de\/index.php?rest_route=%2Fwp%2Fv2%2Fcomments&post=4248"}],"version-history":[{"count":20,"href":"https:\/\/echta-derminga.de\/index.php?rest_route=\/wp\/v2\/posts\/4248\/revisions"}],"predecessor-version":[{"id":4273,"href":"https:\/\/echta-derminga.de\/index.php?rest_route=\/wp\/v2\/posts\/4248\/revisions\/4273"}],"wp:featuredmedia":[{"embeddable":true,"href":"https:\/\/echta-derminga.de\/index.php?rest_route=\/wp\/v2\/media\/4270"}],"wp:attachment":[{"href":"https:\/\/echta-derminga.de\/index.php?rest_route=%2Fwp%2Fv2%2Fmedia&parent=4248"}],"wp:term":[{"taxonomy":"category","embeddable":true,"href":"https:\/\/echta-derminga.de\/index.php?rest_route=%2Fwp%2Fv2%2Fcategories&post=4248"},{"taxonomy":"post_tag","embeddable":true,"href":"https:\/\/echta-derminga.de\/index.php?rest_route=%2Fwp%2Fv2%2Ftags&post=4248"}],"curies":[{"name":"wp","href":"https:\/\/api.w.org\/{rel}","templated":true}]}}