{"id":4274,"date":"2019-08-07T14:17:12","date_gmt":"2019-08-07T13:17:12","guid":{"rendered":"http:\/\/echta-derminga.de\/?p=4274"},"modified":"2019-08-07T14:20:47","modified_gmt":"2019-08-07T13:20:47","slug":"dirminger-kulturecke-kinder-und-jugendchor-illtal-lerchen","status":"publish","type":"post","link":"https:\/\/echta-derminga.de\/?p=4274","title":{"rendered":"Dirminger Kulturecke &#8211; Kinder- und Jugendchor &#8222;Illtal-Lerchen&#8220;"},"content":{"rendered":"\n<blockquote class=\"wp-block-quote is-layout-flow wp-block-quote-is-layout-flow\"><p><strong>In der Dirminger Kulturecke erfahren Sie alles was Sie schon immer \u00fcber Dirmingen wissen wollten oder wissen sollten. <\/strong><\/p><\/blockquote>\n\n\n\n<p class=\"wp-block-paragraph\" style=\"font-size:18px\">Wussten Sie schon, dass im Jahre 1971 unter der F\u00fchrung des M\u00e4nnergesangsverein 1898 \u201eHarmonie\u201c der Kinderchor \u201eIlltal-Lerchen\u201c ins Leben gerufen wurde?   Im Jahre 1975 wurde zudem ein Jugendchor gegr\u00fcndet. Beide Ch\u00f6re verf\u00fcgten \u00fcber zahlreiche S\u00e4ngerinnen und S\u00e4nger. Insbesondere der Jugendchor war \u00fcber die Dorfgrenzen hinaus bekannt. Nach einigen erfolgreichen Jahren wurden beide Ch\u00f6re aufgel\u00f6st. Im Herbst des Jahres 1979 wurde ein neuer Kinderchor gegr\u00fcndet. Dieser neue Kinderchor verf\u00fcgte sehr schnell \u00fcber fast 30 S\u00e4ngerinnen und S\u00e4nger. Die beiden Chormitglieder Peter Beckh\u00e4user und Roland Wagner k\u00fcmmerten sich im MGV 1898 Harmonie um die Belange des Kinderchores. Langj\u00e4hriger Dirigent des Kinder- und Jugendchores war der Lehrer Ernst Lutz. <\/p>\n\n\n\n<p class=\"wp-block-paragraph\" style=\"font-size:18px\"><strong>Der M\u00e4nnergesangsverein Harmonie wurde am 09.August 1898 gegr\u00fcndet. \u00dcber viele Jahre hinweg geh\u00f6rte der Chor zu den \u00e4ltesten Organisationen unseres Heimatortes. Bereits im Jahre 1880 gab es in Dirmingen einen vierstimmigen Chor, der unter der Leitung von Lehrer Keller stand. Viele Jahre war es guter Brauch, dass Ch\u00f6re von Lehrern oder Geistlichen dirigiert wurden.  Zur Gr\u00fcndung des MGV 1898 &#8222;Harmonie&#8220; \u00fcbernahm der Lehrer Seybold das Amt des Dirigenten. Im Jahre 1926 gab es erste Unstimmigkeiten in den Verein. Zahlreiche S\u00e4nger verlie\u00dfen den Chor und gr\u00fcndeten den M\u00e4nnergesangsverein &#8222;Edelwei\u00df&#8220;. Im Jahre 1930 trennten sich erneut einige S\u00e4nger von dem vorhandenen Chor \u201eEdelwei\u00df&#8220; und gr\u00fcndeten wiederum einen weiteren M\u00e4nnergesangsverein mit dem Namen MGV 1930 Dirmingen.<\/strong><\/p>\n\n\n\n<p class=\"wp-block-paragraph\" style=\"font-size:18px\">Auf Betreiben der Deutschen Front schlossen sich im Jahre 1934 wieder alle drei vorhandenen Dirminger M\u00e4nnerch\u00f6re zusammen. Ziel war es, dass ein gemeinsamer Chor anl\u00e4sslich der R\u00fcckgliederung der Saar im Jahre 1935 einen gemeinsamen gro\u00dfen Auftritt absolvierten sollten.Letztlich blieb der \u00e4lteste Chor der MGV 1898 &#8222;Harmonie&#8220; erhalten und setze gerade in der Nachkriegszeit echte Glanzpunkte. Unter anderem wurden Operettenauff\u00fchrungen, Theaterst\u00fccke und Konzerte veranstaltet. Das d\u00f6rfliche Leben wurde durch den MGV Harmonie auf gro\u00dfartige Weise bereichert. Im Jahre 2017 l\u00f6ste sich der MGV Dirmingen auf. Der Altersdurchschnitt war am Ende zu hoch und es fehlte zuletzt an Nachwuchs.<\/p>\n\n\n\n<div class=\"wp-block-image\"><figure class=\"aligncenter size-large\"><img loading=\"lazy\" decoding=\"async\" width=\"644\" height=\"319\" src=\"https:\/\/echta-derminga.de\/wp-content\/uploads\/2019\/08\/22-644x319.jpg\" alt=\"\" class=\"wp-image-4280\" srcset=\"https:\/\/echta-derminga.de\/wp-content\/uploads\/2019\/08\/22-644x319.jpg 644w, https:\/\/echta-derminga.de\/wp-content\/uploads\/2019\/08\/22-300x149.jpg 300w, https:\/\/echta-derminga.de\/wp-content\/uploads\/2019\/08\/22.jpg 700w\" sizes=\"auto, (max-width: 644px) 100vw, 644px\" \/><figcaption>Einer der letzten Auftritte des MGV 1898 Dirmingen<\/figcaption><\/figure><\/div>\n\n\n\n<p class=\"wp-block-paragraph\" style=\"font-size:18px\"><strong>Heute gibt es in Dirmingen nur noch den Evangelischen Kirchenchor Dirmingen. Auch der katholische Kirchenchor \u201eC\u00e4cilia\u201c wurde vor einigen Jahren aufgel\u00f6st. In der evangelischen Kirchengemeinde Dirmingen gibt es derzeit einen kleinen Kinderchor. Die Proben finden jeden Freitag um 17:00 Uhr im evangelischen Gemeindehaus Dirmingen statt.<\/strong><\/p>\n","protected":false},"excerpt":{"rendered":"<p>In der Dirminger Kulturecke erfahren Sie alles was Sie schon immer \u00fcber Dirmingen wissen wollten oder wissen sollten. Wussten Sie schon, dass im Jahre 1971 unter der F\u00fchrung des M\u00e4nnergesangsverein 1898 \u201eHarmonie\u201c der Kinderchor \u201eIlltal-Lerchen\u201c ins Leben gerufen wurde? Im Jahre 1975 wurde zudem ein Jugendchor gegr\u00fcndet. Beide Ch\u00f6re verf\u00fcgten \u00fcber zahlreiche S\u00e4ngerinnen und S\u00e4nger. Insbesondere der Jugendchor war \u00fcber<\/p>\n","protected":false},"author":1,"featured_media":4278,"comment_status":"open","ping_status":"closed","sticky":false,"template":"","format":"standard","meta":{"_crdt_document":"","footnotes":""},"categories":[2],"tags":[5,464,714,715,713,716],"class_list":["post-4274","post","type-post","status-publish","format-standard","has-post-thumbnail","hentry","category-kulturecke","tag-dirmingen","tag-dirminger-kulturecke","tag-illtal-lerchen","tag-jugendchor","tag-kinderchor","tag-mgv-1898-dirmingen"],"_links":{"self":[{"href":"https:\/\/echta-derminga.de\/index.php?rest_route=\/wp\/v2\/posts\/4274","targetHints":{"allow":["GET"]}}],"collection":[{"href":"https:\/\/echta-derminga.de\/index.php?rest_route=\/wp\/v2\/posts"}],"about":[{"href":"https:\/\/echta-derminga.de\/index.php?rest_route=\/wp\/v2\/types\/post"}],"author":[{"embeddable":true,"href":"https:\/\/echta-derminga.de\/index.php?rest_route=\/wp\/v2\/users\/1"}],"replies":[{"embeddable":true,"href":"https:\/\/echta-derminga.de\/index.php?rest_route=%2Fwp%2Fv2%2Fcomments&post=4274"}],"version-history":[{"count":11,"href":"https:\/\/echta-derminga.de\/index.php?rest_route=\/wp\/v2\/posts\/4274\/revisions"}],"predecessor-version":[{"id":4287,"href":"https:\/\/echta-derminga.de\/index.php?rest_route=\/wp\/v2\/posts\/4274\/revisions\/4287"}],"wp:featuredmedia":[{"embeddable":true,"href":"https:\/\/echta-derminga.de\/index.php?rest_route=\/wp\/v2\/media\/4278"}],"wp:attachment":[{"href":"https:\/\/echta-derminga.de\/index.php?rest_route=%2Fwp%2Fv2%2Fmedia&parent=4274"}],"wp:term":[{"taxonomy":"category","embeddable":true,"href":"https:\/\/echta-derminga.de\/index.php?rest_route=%2Fwp%2Fv2%2Fcategories&post=4274"},{"taxonomy":"post_tag","embeddable":true,"href":"https:\/\/echta-derminga.de\/index.php?rest_route=%2Fwp%2Fv2%2Ftags&post=4274"}],"curies":[{"name":"wp","href":"https:\/\/api.w.org\/{rel}","templated":true}]}}