{"id":432,"date":"2018-02-12T19:45:53","date_gmt":"2018-02-12T18:45:53","guid":{"rendered":"http:\/\/echta-derminga.de\/?p=432"},"modified":"2018-02-26T19:45:02","modified_gmt":"2018-02-26T18:45:02","slug":"schoen-ein-echter-faasebooz-zu-sein","status":"publish","type":"post","link":"https:\/\/echta-derminga.de\/?p=432","title":{"rendered":"Sch\u00f6n ein echter &#8222;Faasebooz&#8220; zu sein !"},"content":{"rendered":"<div id=\"attachment_434\" style=\"width: 310px\" class=\"wp-caption alignleft\"><img loading=\"lazy\" decoding=\"async\" aria-describedby=\"caption-attachment-434\" class=\"wp-image-434 size-medium\" src=\"https:\/\/echta-derminga.de\/wp-content\/uploads\/2018\/02\/2-1-300x231.jpg\" alt=\"\" width=\"300\" height=\"231\" srcset=\"https:\/\/echta-derminga.de\/wp-content\/uploads\/2018\/02\/2-1-300x231.jpg 300w, https:\/\/echta-derminga.de\/wp-content\/uploads\/2018\/02\/2-1.jpg 637w\" sizes=\"auto, (max-width: 300px) 100vw, 300px\" \/><p id=\"caption-attachment-434\" class=\"wp-caption-text\">Mittendrin<\/p><\/div>\n<p><strong>Jedes Jahr freue ich mich auf die Fastnacht und bin am Ende auch wieder froh wenn die n\u00e4rrische Zeit ein Ende gefunden hat. Man wird halt mit den Jahren nicht j\u00fcnger und die f\u00fcnfte Jahreszeit kostet doch mehr Kraft als vermutet. Obwohl am\u00a0 Aschermittwoch bekanntlich alles vorbei ist, bleibt die Erinnerung an eine sch\u00f6ne und besondere Zeit erhalten.<\/strong><\/p>\n<p>Mit viel Dankbarkeit blicke ich zur\u00fcck auf ein sch\u00f6nes n\u00e4rrisches Wochenende.<\/p>\n<p>Wie zur Fastnacht \u00fcblich wurde auch in Dirmingen das Leben gefeiert.\u00a0\u00a0Es waren sch\u00f6ne Stunden im Kreise von Freunde und Bekannten. Die Stra\u00dfenfastnacht war auch in diesem Jahr ein besonderes Erlebnis. Wir haben viel gelacht, gesungen und gefeiert.<\/p>\n<p>Gerade zur Fastnacht kommt das Zusammengeh\u00f6rigkeitsgef\u00fchl deutlich zum Vorschein. Man tr\u00e4gt die Farben seines Vereins und hat Menschen an seiner Seite die man ein Leben lang kennt. Da sind alte Freunde und Weggef\u00e4hrten an deiner Seite, die einmal im Jahr, die gleiche Begeisterung teilen.\u00a0Dies kommt im Verlaufe der Stra\u00dfenfastnacht und besonders w\u00e4hrend eines Umzuges deutlich zum tragen.<\/p>\n<p><strong>Einige Elferratsmitglieder und Akteure kenne ich bereits seit meiner Kindheit. Seite an Seite schlendern wir \u00fcber die Strassen, werfen S\u00fc\u00dfigkeiten und rufen &#8222;Hoppla Hopp&#8220;. F\u00fcr einige Stunden vergessen wir die Sorgen und Alltagsprobleme. Fastnacht kann verbinden und ermutigen. Dicht hinter dem Elferrat marschiert die Garde. Viele der M\u00e4dchen kenne ich seit fr\u00fchen Kindertagen. Meine beiden T\u00f6chter sind mittendrin und geh\u00f6ren dazu. F\u00fcr mich bedeutet das Fastnachtswochenende auch immer viel Zeit mit meinen Kindern. Es macht mich schon ein St\u00fcckweit Stolz meine beiden T\u00f6chter in Mitte der Dirminger Garde zu sehen. Sie sind angekommen und stehen mitten im Leben. Die beiden werden begleitet von M\u00e4dchen die sie ebenfalls schon seit ihrer fr\u00fchen Kindheit kennen. Auch meine M\u00e4dchen teilen gemeinsam mit ihren Freundinnen seit fr\u00fchster Kindheit ihre Leidenschaft. Fastnacht verbindet.Ich sehe die M\u00e4dels an und stelle fest wie schnell die Zeit vergeht. Mittlerweile ist meine ganze Familie in das n\u00e4rrische Treiben integriert.<\/strong><\/p>\n<p>In Macherbach, Eppelborn, Berschweiler und Bubach\/Calmesweiler hinterlie\u00dfen die &#8222;Derminga Faasebooze&#8220; eine wunderbare Visitenkarte. Der KKV Dirmingen ist in Sachen Fastnachtsbrauchtum eine echte Hausnummer. Dies wurde, aus meiner Sicht, besonders beim Rathaussturm in Eppelborn deutlich. In diesem Jahr lockte die traditionsreiche Veranstaltung nur wenige n\u00e4rrische Schaulustige an. Der KKV Dirmingen war treibende Kraft beim Sturm auf das Eppelborner Rathaus und hat einen bleibenden Eindruck hinterlassen. Der Besuch des Elferrates auf dem Dirminger Kindermaskenball ist der letzte offizielle Auftritt einer jeden Session. In der Borrwieshalle geben die KKV-ler noch einmal alles und werfen ihre letzten S\u00fc\u00dfigkeiten in die Menge. Am Aschermittwoch ist alles vorbei. Wirklich alles ? Nein. Mit dem Ende der Fastnacht am Aschermittwoch beginnen die Vorbereitungsarbeiten auf die neue Session 2019.<\/p>\n<p>Mein Fazit bleibt \u00fcberwiegend positiv:<\/p>\n<p><b>Es war eine kalte Fastnacht mit vielen warmen Momenten. Leider wurden die zahlreichen Umz\u00fcge nicht so gut besucht wie in den Jahren zuvor. Ein Grund k\u00f6nnten die winterlichen Witterungsverh\u00e4ltnisse gewesen sein. Der KKV Dirmingen lie\u00df sich davon jedoch nicht beeindrucken. Vielleicht sollte man auch manches \u00fcberdenken.Ich pers\u00f6nlich finde das jetzige Konzept des Rathausturms in Eppelborn recht gut. Irgendwie scheint der Funke jedoch nicht auf die Bev\u00f6lkerung \u00fcber zuspringen. In Eppelborn, Berschweiler, Macherbach und Bubach\/Calmesweiler wurde viel Zeit und Liebe investiert. Die Organisatoren stecken viel M\u00fche und Arbeit in die Durchf\u00fchrung des Fastnachtsbrauchtums. Bleibt zu hoffen, dass dies auch in Zukunft so bleibt und die Leute weiterhin begeistert werden. Der Dirminger Kindermaskenball wurde gut angenommen. In diesem Jahr verbuchten die Veranstalter sogar einige Besucher mehr als im Jahr zuvor. Gut so !<\/b><\/p>\n<p><strong>Ich pers\u00f6nlich war froh ein Teil des Ganzen gewesen zu sein. Es ist\u00a0sch\u00f6n ein &#8222;Derminga Faasebooze&#8220; zu sein !<\/strong><\/p>\n<p>&nbsp;<\/p>\n<p>&nbsp;<\/p>\n","protected":false},"excerpt":{"rendered":"<p>Jedes Jahr freue ich mich auf die Fastnacht und bin am Ende auch wieder froh wenn die n\u00e4rrische Zeit ein Ende gefunden hat. Man wird halt mit den Jahren nicht j\u00fcnger und die f\u00fcnfte Jahreszeit kostet doch mehr Kraft als vermutet. Obwohl am\u00a0 Aschermittwoch bekanntlich alles vorbei ist, bleibt die Erinnerung an eine sch\u00f6ne und besondere Zeit erhalten. Mit viel<\/p>\n","protected":false},"author":1,"featured_media":434,"comment_status":"closed","ping_status":"closed","sticky":false,"template":"","format":"standard","meta":{"_crdt_document":"","footnotes":""},"categories":[44],"tags":[41,42,43,36],"class_list":["post-432","post","type-post","status-publish","format-standard","has-post-thumbnail","hentry","category-meine-faasend","tag-faasebooz","tag-fastnachtsumzuege","tag-kindermaskenball","tag-kkv-dirmingen"],"_links":{"self":[{"href":"https:\/\/echta-derminga.de\/index.php?rest_route=\/wp\/v2\/posts\/432","targetHints":{"allow":["GET"]}}],"collection":[{"href":"https:\/\/echta-derminga.de\/index.php?rest_route=\/wp\/v2\/posts"}],"about":[{"href":"https:\/\/echta-derminga.de\/index.php?rest_route=\/wp\/v2\/types\/post"}],"author":[{"embeddable":true,"href":"https:\/\/echta-derminga.de\/index.php?rest_route=\/wp\/v2\/users\/1"}],"replies":[{"embeddable":true,"href":"https:\/\/echta-derminga.de\/index.php?rest_route=%2Fwp%2Fv2%2Fcomments&post=432"}],"version-history":[{"count":6,"href":"https:\/\/echta-derminga.de\/index.php?rest_route=\/wp\/v2\/posts\/432\/revisions"}],"predecessor-version":[{"id":441,"href":"https:\/\/echta-derminga.de\/index.php?rest_route=\/wp\/v2\/posts\/432\/revisions\/441"}],"wp:featuredmedia":[{"embeddable":true,"href":"https:\/\/echta-derminga.de\/index.php?rest_route=\/wp\/v2\/media\/434"}],"wp:attachment":[{"href":"https:\/\/echta-derminga.de\/index.php?rest_route=%2Fwp%2Fv2%2Fmedia&parent=432"}],"wp:term":[{"taxonomy":"category","embeddable":true,"href":"https:\/\/echta-derminga.de\/index.php?rest_route=%2Fwp%2Fv2%2Fcategories&post=432"},{"taxonomy":"post_tag","embeddable":true,"href":"https:\/\/echta-derminga.de\/index.php?rest_route=%2Fwp%2Fv2%2Ftags&post=432"}],"curies":[{"name":"wp","href":"https:\/\/api.w.org\/{rel}","templated":true}]}}