{"id":4357,"date":"2019-08-26T20:01:07","date_gmt":"2019-08-26T19:01:07","guid":{"rendered":"http:\/\/echta-derminga.de\/?p=4357"},"modified":"2019-08-26T20:15:03","modified_gmt":"2019-08-26T19:15:03","slug":"heimatliebe-jenseits-der-stadt-heisst-dorf-kultur-natur-erleben","status":"publish","type":"post","link":"https:\/\/echta-derminga.de\/?p=4357","title":{"rendered":"Heimatliebe jenseits der Stadt hei\u00dft Dorf- Kultur- Natur- erleben!"},"content":{"rendered":"\n<p class=\"wp-block-paragraph\" style=\"font-size:18px\"><strong>Die Interessengemeinschaft Heimat-und Denkmalpflege hat ihre Operation \u201eHistorische Schauk\u00e4sten\u201c inzwischen erfolgreich abgeschlossen. W\u00e4hrend einer Feststunde im Gasthaus \u201eSchuhhannesse\u201c wurden die Schauk\u00e4sten eingeweiht und feierlich der Dorfgemeinschaft \u00fcbergeben. B\u00fcrgermeisterin Birgit M\u00fcller-Closset dankte der Interessengemeinschaft und verwies auf den hohen Stellenwert der eigenen Dorfkultur. Recht hat Sie, wobei wir wieder beim Thema sind: D\u00fcrfen wir das W\u00f6rtchen \u201eHeimatliebe\u201c heute noch bedenkenlos aussprechen. Ich denke schon und wehre mich als bekennender \u201eDorfpatriot\u201c gegen jeglichen missverstandenen Gedanken. Eine politische Gesinnung hat \u00fcberhaupt nichts mit der eigenen Verbundenheit zur Heimat zu tun. Wir d\u00fcrfen uns das W\u00f6rtchen Heimat nicht rauben oder verunglimpfen lassen. Keiner hat ein Patent auf das Wort \u201eHeimatliebe\u201cerworben.<\/strong><\/p>\n\n\n\n<div class=\"wp-block-image\"><figure class=\"aligncenter size-large\"><img loading=\"lazy\" decoding=\"async\" width=\"644\" height=\"714\" src=\"https:\/\/echta-derminga.de\/wp-content\/uploads\/2019\/08\/schaui-1-644x714.jpg\" alt=\"\" class=\"wp-image-4386\" srcset=\"https:\/\/echta-derminga.de\/wp-content\/uploads\/2019\/08\/schaui-1-644x714.jpg 644w, https:\/\/echta-derminga.de\/wp-content\/uploads\/2019\/08\/schaui-1-270x300.jpg 270w, https:\/\/echta-derminga.de\/wp-content\/uploads\/2019\/08\/schaui-1.jpg 706w\" sizes=\"auto, (max-width: 644px) 100vw, 644px\" \/><\/figure><\/div>\n\n\n\n<p class=\"wp-block-paragraph\" style=\"font-size:18px\">Die Aktion \u201eHistorische Schauk\u00e4sten\u201c hat uns deutlich vor Augen gef\u00fchrt, wie sich Dorfkultur aktiv beleben l\u00e4sst. Nicht jeder mag diese Aktion gut finden. Dennoch wurde etwas gemacht, angeregt und umgesetzt und genau darauf kommt es am Ende an. In Sachen Heimatkultur ist Stillstand der Tod! Man muss st\u00e4ndig in Bewegung bleiben und versuchen den Menschen die eigene Dorfkultur schmackhaft zu machen.  Ich pers\u00f6nlich reiche jedem die Hand der aktiv an Heimatforschung oder deren Ergebnisse interessiert ist. Miteinander und nicht gegeneinander sollte die Devise sein. Immerhin geht es um unsere gemeinsame Kultur. Jeder hat diesbez\u00fcglich seine ureigene Erfahrung gemacht, denn Heimat hat am Ende auch immer etwas mit der eigenen Kindheit zu tun. Jeder Mensch sammelt im Laufe seines Lebens seine ureigenen Erfahrungen. W\u00e4hrend die einen lieber erz\u00e4hlen, m\u00f6chten andere hingegen lieber vergessen. So ist das im Leben.<\/p>\n\n\n\n<div class=\"wp-block-image\"><figure class=\"aligncenter size-large\"><img loading=\"lazy\" decoding=\"async\" width=\"644\" height=\"444\" src=\"https:\/\/echta-derminga.de\/wp-content\/uploads\/2019\/08\/0-644x444.jpg\" alt=\"\" class=\"wp-image-4367\" srcset=\"https:\/\/echta-derminga.de\/wp-content\/uploads\/2019\/08\/0-644x444.jpg 644w, https:\/\/echta-derminga.de\/wp-content\/uploads\/2019\/08\/0-300x207.jpg 300w, https:\/\/echta-derminga.de\/wp-content\/uploads\/2019\/08\/0-768x530.jpg 768w, https:\/\/echta-derminga.de\/wp-content\/uploads\/2019\/08\/0.jpg 1060w\" sizes=\"auto, (max-width: 644px) 100vw, 644px\" \/><\/figure><\/div>\n\n\n\n<p class=\"wp-block-paragraph\" style=\"font-size:18px\"><strong>Um die eigene Dorfkultur voranzutreiben oder zu beleben bedarf es manchmal \u00fcberhaupt nicht so viel. Oftmals reichen eine Idee oder ein guter Wille. Seit nunmehr 4 Jahren veranstalten mein Freund Hans-Werner Guth\u00f6rl und meine Wenigkeit eine \u201eDerminga\u201c Kulturwanderung. Dabei geht es darum den Menschen w\u00e4hrend einer Wanderung an verschiedenen Orten die eigene Dorfkultur n\u00e4her zubringen. Das Konzept hat sich mittlerweile durchaus bew\u00e4hrt. Immerhin gelingt es uns jedes Jahr zahlreiche Menschen f\u00fcr diese Wanderung zu begeistern. Was geschah einst in Dirmingen oder wie sah es fr\u00fcher hier aus? Mit diesen Fragen besch\u00e4ftigen wir uns seit vielen Jahren. Manchmal mit gro\u00dfem Erfolg und manchmal auch mit weniger Zuspruch. Man muss es nehmen wie es kommt.<\/strong><\/p>\n\n\n\n<div class=\"wp-block-image\"><figure class=\"aligncenter size-large\"><img loading=\"lazy\" decoding=\"async\" width=\"644\" height=\"425\" src=\"https:\/\/echta-derminga.de\/wp-content\/uploads\/2019\/08\/echti-644x425.jpg\" alt=\"\" class=\"wp-image-4380\" srcset=\"https:\/\/echta-derminga.de\/wp-content\/uploads\/2019\/08\/echti-644x425.jpg 644w, https:\/\/echta-derminga.de\/wp-content\/uploads\/2019\/08\/echti-300x198.jpg 300w, https:\/\/echta-derminga.de\/wp-content\/uploads\/2019\/08\/echti-768x507.jpg 768w, https:\/\/echta-derminga.de\/wp-content\/uploads\/2019\/08\/echti.jpg 800w\" sizes=\"auto, (max-width: 644px) 100vw, 644px\" \/><\/figure><\/div>\n\n\n\n<p class=\"wp-block-paragraph\" style=\"font-size:18px\">Die \u201eDerminga\u201c Kulturwanderung hat uns durchaus dazu motiviert weiterzumachen und neue Wege zu beschreiten. Wir besch\u00e4ftigen uns immer wieder mit der Frage: Was k\u00f6nnen wir noch machen und was interessiert die Menschen? Ideen und M\u00f6glichkeiten gibt es gen\u00fcgend nur die Zeit fehlt manchmal an allen Ecken und Enden.<\/p>\n\n\n\n<p class=\"wp-block-paragraph\" style=\"font-size:18px\"><strong>Es ist etwas wunderbares den Menschen die eigene Heimat wieder n\u00e4herzubringen und dar\u00fcber zu erz\u00e4hlen oder zu diskutieren. Selbst wenn wir etwas nicht wissen oder keine Antwort finden, haben wir mit unserem Wirken erreicht, dass die Menschen dar\u00fcber reden und sich mit diesem Thema besch\u00e4ftigen. Genau das ist der Punkt! Ich bin mit Sicherheit kein menschliches \u201eDerminga\u201c Lexikon und habe vielleicht weniger Erinnerungen wie so manch anderer Zeitgenosse. Jedoch f\u00fchrt das dar\u00fcber reden immer wieder dazu, dass die Menschen sich f\u00fcr die eigene Dorfkultur interessieren. Das wiederum ist ein Erfolg!<\/strong><\/p>\n\n\n\n<div class=\"wp-block-image\"><figure class=\"aligncenter size-large\"><img loading=\"lazy\" decoding=\"async\" width=\"644\" height=\"413\" src=\"https:\/\/echta-derminga.de\/wp-content\/uploads\/2019\/08\/eche-44-644x413.jpg\" alt=\"\" class=\"wp-image-4370\" srcset=\"https:\/\/echta-derminga.de\/wp-content\/uploads\/2019\/08\/eche-44-644x413.jpg 644w, https:\/\/echta-derminga.de\/wp-content\/uploads\/2019\/08\/eche-44-300x192.jpg 300w, https:\/\/echta-derminga.de\/wp-content\/uploads\/2019\/08\/eche-44-768x492.jpg 768w, https:\/\/echta-derminga.de\/wp-content\/uploads\/2019\/08\/eche-44.jpg 1041w\" sizes=\"auto, (max-width: 644px) 100vw, 644px\" \/><\/figure><\/div>\n\n\n\n<p class=\"wp-block-paragraph\" style=\"font-size:18px\">In einem Dorf zu leben ist nicht immer einfach. Sicherlich hat das Leben in einer Stadt seine Vorz\u00fcge. Wenn wir jedoch genauer hinsehen werden uns immer \u00f6fter die gleichen Probleme vor Auge gef\u00fchrt. St\u00e4dtischer Wohnraummangel, hoher Mietpreis, Feinstaub, Stress und andere Gefahren. Im Dorf wiederum gibt es ganz andere Probleme wie z. B Leerstand, fehlende Lebensmittelm\u00e4rkte und kaum vorhandene Infrastruktur. Letztlich muss man sich irgendwann im Leben entscheiden wohin der eigene Weg f\u00fchrt. In einem Dorf zu Leben kann auch Vorteile haben. Das pers\u00f6nliche Miteinander und die Verbundenheit zu den eigenen Wurzeln kann Br\u00fccken bauen. Erlebt habe ich dieses Gef\u00fchl wieder nach unserer diesj\u00e4hrigen Kulturwanderung. Gemeinsam wurde gesungen, getrunken, \u201egudd gess\u201c und \u201egesproocht\u201c. Man kennt sich und wei\u00df genau wie der andere tickt. Nat\u00fcrlich kann man dies auch in der Stadt erleben. Es ist halt eben etwas anders!<\/p>\n\n\n\n<div class=\"wp-block-image\"><figure class=\"aligncenter size-large\"><img loading=\"lazy\" decoding=\"async\" width=\"644\" height=\"313\" src=\"https:\/\/echta-derminga.de\/wp-content\/uploads\/2019\/08\/echte-55-644x313.jpg\" alt=\"\" class=\"wp-image-4374\" srcset=\"https:\/\/echta-derminga.de\/wp-content\/uploads\/2019\/08\/echte-55-644x313.jpg 644w, https:\/\/echta-derminga.de\/wp-content\/uploads\/2019\/08\/echte-55-300x146.jpg 300w, https:\/\/echta-derminga.de\/wp-content\/uploads\/2019\/08\/echte-55-768x373.jpg 768w, https:\/\/echta-derminga.de\/wp-content\/uploads\/2019\/08\/echte-55.jpg 1599w\" sizes=\"auto, (max-width: 644px) 100vw, 644px\" \/><\/figure><\/div>\n\n\n\n<p class=\"wp-block-paragraph\" style=\"font-size:18px\"><strong>Am Ende liegt eine stressige, sch\u00f6ne und erfolgreiche Woche hinter mir und meinen Mitstreitern. Schauk\u00e4sten aufstellen, Feierstunde organisieren, Wanderung vorbereiten und nebenbei noch zur Arbeit gehen. Genug gejammert. Ich finde das ist positiver Stress und dieser macht mit Sicherheit nicht krank. Ich w\u00fcrde mir w\u00fcnschen, dass die Schauk\u00e4sten auch noch in einem Jahr an Ort und Stelle und in dem gleichen Zustand h\u00e4ngen. Es w\u00e4re w\u00fcnschenswert, wenn Vandalismus und Schmierereien einmal au\u00dfen vor bleiben und nicht praktiziert w\u00fcrden.So wie es jetzt ist wird es ohnehin nicht bleiben. Zumindest betrifft dies den Inhalt der Schauk\u00e4sten. Wir werden in regelm\u00e4\u00dfigen Abst\u00e4nden neues Info-material anfertigen und in die Schauk\u00e4sten h\u00e4ngen. Genauso bleibt Dorfkultur lebendig!<\/strong><\/p>\n","protected":false},"excerpt":{"rendered":"<p>Die Interessengemeinschaft Heimat-und Denkmalpflege hat ihre Operation \u201eHistorische Schauk\u00e4sten\u201c inzwischen erfolgreich abgeschlossen. W\u00e4hrend einer Feststunde im Gasthaus \u201eSchuhhannesse\u201c wurden die Schauk\u00e4sten eingeweiht und feierlich der Dorfgemeinschaft \u00fcbergeben. B\u00fcrgermeisterin Birgit M\u00fcller-Closset dankte der Interessengemeinschaft und verwies auf den hohen Stellenwert der eigenen Dorfkultur. Recht hat Sie, wobei wir wieder beim Thema sind: D\u00fcrfen wir das W\u00f6rtchen \u201eHeimatliebe\u201c heute noch bedenkenlos aussprechen.<\/p>\n","protected":false},"author":1,"featured_media":4372,"comment_status":"closed","ping_status":"closed","sticky":false,"template":"","format":"standard","meta":{"_crdt_document":"","footnotes":""},"categories":[1,9,318],"tags":[724,725,618,310,720,248],"class_list":["post-4357","post","type-post","status-publish","format-standard","has-post-thumbnail","hentry","category-allgemein","category-dorfgetratsche","category-uff-da-schnerr","tag-derminga-kulturwanderung","tag-dorfleben","tag-gemeinde-eppelborn","tag-saarland","tag-schaukaesten","tag-wanderung"],"_links":{"self":[{"href":"https:\/\/echta-derminga.de\/index.php?rest_route=\/wp\/v2\/posts\/4357","targetHints":{"allow":["GET"]}}],"collection":[{"href":"https:\/\/echta-derminga.de\/index.php?rest_route=\/wp\/v2\/posts"}],"about":[{"href":"https:\/\/echta-derminga.de\/index.php?rest_route=\/wp\/v2\/types\/post"}],"author":[{"embeddable":true,"href":"https:\/\/echta-derminga.de\/index.php?rest_route=\/wp\/v2\/users\/1"}],"replies":[{"embeddable":true,"href":"https:\/\/echta-derminga.de\/index.php?rest_route=%2Fwp%2Fv2%2Fcomments&post=4357"}],"version-history":[{"count":30,"href":"https:\/\/echta-derminga.de\/index.php?rest_route=\/wp\/v2\/posts\/4357\/revisions"}],"predecessor-version":[{"id":4397,"href":"https:\/\/echta-derminga.de\/index.php?rest_route=\/wp\/v2\/posts\/4357\/revisions\/4397"}],"wp:featuredmedia":[{"embeddable":true,"href":"https:\/\/echta-derminga.de\/index.php?rest_route=\/wp\/v2\/media\/4372"}],"wp:attachment":[{"href":"https:\/\/echta-derminga.de\/index.php?rest_route=%2Fwp%2Fv2%2Fmedia&parent=4357"}],"wp:term":[{"taxonomy":"category","embeddable":true,"href":"https:\/\/echta-derminga.de\/index.php?rest_route=%2Fwp%2Fv2%2Fcategories&post=4357"},{"taxonomy":"post_tag","embeddable":true,"href":"https:\/\/echta-derminga.de\/index.php?rest_route=%2Fwp%2Fv2%2Ftags&post=4357"}],"curies":[{"name":"wp","href":"https:\/\/api.w.org\/{rel}","templated":true}]}}