{"id":4477,"date":"2019-09-15T16:17:03","date_gmt":"2019-09-15T15:17:03","guid":{"rendered":"http:\/\/echta-derminga.de\/?p=4477"},"modified":"2019-09-17T19:57:17","modified_gmt":"2019-09-17T18:57:17","slug":"neue-paechter-gesucht-quo-vadis-landhotel-finkenrech","status":"publish","type":"post","link":"https:\/\/echta-derminga.de\/?p=4477","title":{"rendered":"Neue P\u00e4chter gesucht &#8211; Quo Vadis Landhotel Finkenrech"},"content":{"rendered":"\n<p class=\"wp-block-paragraph\" style=\"font-size:18px\"><strong>Dirmingen verf\u00fcgt auf seiner Gemarkung \u00fcber sehr viel Land und Waldfl\u00e4che. Bereits im Jahre 1929 wurde das bis dahin verwildertes Finkenrech kultiviert und vom Kreis Ottweiler als Viehweide genutzt. Von 1929 bis zum Jahre 1971 standen im Sommer mehr als 1800 Rinder aus den Bauernh\u00f6fen der umliegenden D\u00f6rfer auf dieser Viehweide. Die Bauern mussten damals lediglich ein kleines Entgelt f\u00fcr die Nutzung bezahlen. Mit der Durchf\u00fchrung von Flurbereinigungen und der Entstehung von Aussiedlerh\u00f6fen legten die Bauern eigene Weiden in Hof n\u00e4he an. Im Jahre 1971 wuchs im Kreis Ottweiler die \u00dcberlegung, das stillgelegte Weideareal den Gartenfreunden zur Verf\u00fcgung zu stellen. Am 27.M\u00e4rz 1972 erfolgte die Gr\u00fcndung der \u201eArbeitsgemeinschaft Kreisschulungs- und Freizeitzentrum Finkenrech\u201c. Das Ziel dieser neuen Arbeitsgemeinschaft war die Anpflanzung von sogenannten Versuchs -und Musterpflanzen. Bereits im Herbst des Jahres 1972 konnte mit den Anpflanzungen begonnen werden. Schon am 15.Oktober 1975 wurde ein neues Gasthaus mit Schulungsraum eingeweiht.<\/strong><\/p>\n\n\n\n<div class=\"wp-block-image\"><figure class=\"alignleft size-large is-resized\"><img loading=\"lazy\" decoding=\"async\" src=\"https:\/\/echta-derminga.de\/wp-content\/uploads\/2019\/09\/dirmingen153-644x431.jpg\" alt=\"\" class=\"wp-image-4480\" width=\"322\" height=\"216\" srcset=\"https:\/\/echta-derminga.de\/wp-content\/uploads\/2019\/09\/dirmingen153-644x431.jpg 644w, https:\/\/echta-derminga.de\/wp-content\/uploads\/2019\/09\/dirmingen153-300x201.jpg 300w, https:\/\/echta-derminga.de\/wp-content\/uploads\/2019\/09\/dirmingen153.jpg 700w\" sizes=\"auto, (max-width: 322px) 100vw, 322px\" \/><\/figure><\/div>\n\n\n\n<p class=\"wp-block-paragraph\" style=\"font-size:18px\">Genau dieses Geb\u00e4ude bereitet uns heute im Jahre 2019 so\nmanche Sorge. Wie geht es weiter mit dem Landhotel \u201eOrangerie\u201c Finkenrech? Nach\nf\u00fcnf erfolgreichen Jahren haben sich die Verantwortlichen des Landkreises\nNeunkirchen und die beiden P\u00e4chter darauf verst\u00e4ndigt, den zum Jahresende\nauslaufenden Pachtvertrag nicht zu verl\u00e4ngern. F\u00fcnf Jahren haben Guido Rimkus\nund Silvia Gessner das Landhotel Finkenrech und das dazugeh\u00f6rige Restaurant\n\u201eOrangerie\u201c im Freizeitzentrum Finkenrech Dirmingen betrieben. Am 30.09.19 endet\nnun die gemeinsame Zusammenarbeit und das Landhotel Finkenrech schlie\u00dft vorerst\nseine Pforten. Ein neuer P\u00e4chter soll gesucht und gefunden werden. Ein\nUnterfangen, dass in unserer Zeit alles andere als einfach sein d\u00fcrfte. Der\nLandkreis teilt mit, dass derzeit Gespr\u00e4che mit potenziellen Nachfolgern\ngef\u00fchrt werden. Eine Entscheidung wird aller voraussichtlich im Laufe des\nOktobers erwartet. Schade, Silvia Gessner und Guido Rimkus waren nicht nur eine\nechte Bereicherung f\u00fcr Finkenrech sondern auch f\u00fcr unsere Dorfgemeinschaft. <\/p>\n\n\n\n<div class=\"wp-block-image\"><figure class=\"alignleft size-large is-resized\"><img loading=\"lazy\" decoding=\"async\" src=\"https:\/\/echta-derminga.de\/wp-content\/uploads\/2019\/09\/dirmingen152-644x407.jpg\" alt=\"\" class=\"wp-image-4481\" width=\"322\" height=\"204\" srcset=\"https:\/\/echta-derminga.de\/wp-content\/uploads\/2019\/09\/dirmingen152-644x407.jpg 644w, https:\/\/echta-derminga.de\/wp-content\/uploads\/2019\/09\/dirmingen152-300x189.jpg 300w, https:\/\/echta-derminga.de\/wp-content\/uploads\/2019\/09\/dirmingen152-768x485.jpg 768w, https:\/\/echta-derminga.de\/wp-content\/uploads\/2019\/09\/dirmingen152.jpg 800w\" sizes=\"auto, (max-width: 322px) 100vw, 322px\" \/><\/figure><\/div>\n\n\n\n<p class=\"wp-block-paragraph\" style=\"font-size:18px\"><strong>W\u00e4hrend die Suche nach einem geeigneten Nachfolger bereits auf Hochtouren l\u00e4uft, macht man sich in unserem Dorf dar\u00fcber Gedanken ob es gelingt, den zahlreichen G\u00e4sten auch zuk\u00fcnftig ein attraktives Speise- und Getr\u00e4nkeangebot zu unterbreiten. Immerhin wurde in den letzten Jahren so einiges in das Landhotel Finkenrech investiert. Allerdings machte sich der Kreistag seine damalige Entscheidung im Jahre 2012 f\u00fcr den Standort Finkenrech nicht so einfach. Den Beschluss zur Renovierung des Landhotels hatte der Kreistag mit Stimmen der SPD, Linken und Unabh\u00e4ngigen mehrheitlich gefasst. Nach dem Beschluss suchte der Landkreis mehrere Monate einen geeigneten P\u00e4chter. Diese wurden schlie\u00dflich mit Silvia Gessner und Guido Rimkus gefunden. Bevor das Parkhotel damals neu er\u00f6ffnet wurde, mussten die elf Hotelzimmer und der Biergarten erneuert werden. Der Kreistag erh\u00f6hte zudem den urspr\u00fcnglichen Kostenrahmen, um zus\u00e4tzlich eine wesentlich teurere regenerative Heizungsanlage einzubauen. Der Weg zu diesem Beschluss war jedoch alles andere als einfach. Die CDU und FDP im Kreistag wollten einer \u00bbLuxussanierung\u00ab des Hotels nicht zustimmen. Ich erinnere mich noch gut daran, dass ich mich damals sehr ge\u00e4rgert hatte und ich mir tats\u00e4chlich mehr Unterst\u00fctzung der CDU-Kreistagsmitglieder aus dem Illtal gew\u00fcnscht h\u00e4tte. Am Ende hat es auch so gereicht und heute wissen alle, dass damals die richtigen Entscheidungen getroffen wurden. Der sanfte Tourismus auf Finkenrech konnte erfolgreich vorangetrieben werden. <\/strong><\/p>\n\n\n\n<p class=\"wp-block-paragraph\" style=\"font-size:18px\">Im Jahre 1981 wurde Finkenrech zum \u201e1. Saarl\u00e4ndischen\nNaturschutzzentrum\u201c erkl\u00e4rt. In diesem Jahr wurden wichtige Entscheidungen f\u00fcr\nden sanften Tourismus in unserem Landkreis getroffen. Damals wurde ein\nZeltplatz angelegt und ein Waschraum und Toilettenanlage errichtet. Au\u00dferdem entstanden\nein Bienenhaus, ein Kleintierstall und einige Gartenh\u00e4user. Nat\u00fcrlich wurden\nauch Parkpl\u00e4tze eingerichtet und die Zu- und Ausfahrt zum Finkenrech ausgebaut.\nZun\u00e4chst pflegten ehrenamtliche Gartenfreunde die rund 5 ha gro\u00dfe Anlage. In\nden ersten Beeten entstanden ca. 350 Irisarten, 350 Lilienarten und ca. 6000\nRosensorten. Au\u00dferdem wurden Staudenbeete und Geh\u00f6lzsammlungen angelegt.\nSchlie\u00dflich wurde ein Heide- und Steingarten angebaut.<\/p>\n\n\n\n<div class=\"wp-block-image\"><figure class=\"alignleft size-large is-resized\"><img loading=\"lazy\" decoding=\"async\" src=\"https:\/\/echta-derminga.de\/wp-content\/uploads\/2019\/09\/Dirmingen-Gasthaus-Finkenrech.jpg\" alt=\"\" class=\"wp-image-4489\" width=\"333\" height=\"220\" srcset=\"https:\/\/echta-derminga.de\/wp-content\/uploads\/2019\/09\/Dirmingen-Gasthaus-Finkenrech.jpg 333w, https:\/\/echta-derminga.de\/wp-content\/uploads\/2019\/09\/Dirmingen-Gasthaus-Finkenrech-300x198.jpg 300w\" sizes=\"auto, (max-width: 333px) 100vw, 333px\" \/><\/figure><\/div>\n\n\n\n<p class=\"wp-block-paragraph\" style=\"font-size:18px\"><strong>Der Landkreis begann sehr fr\u00fch damit Infoveranstaltungen, Vortr\u00e4ge, Lehrg\u00e4nge und Seminare anzubieten. Jahrelang fanden gut organisierte Zeltlager auf Finkenrech statt. Zahlreiche Jugendliche verbrachten damals den Gro\u00dfteil ihrer Sommerferien auf dem Zeltplatz Finkenrech. Ich erinnere mich noch heut sehr gut an diese wunderbaren Zeltlager die ich als Kind erleben durfte. Man hatte das Gef\u00fchl, dass die gesamte Dorfjugend in diesen Wochen auf dem Finkenrech campte. Im Jahre 1984 wurde das Naturschutzzentrum Finkenrech Landessieger im Landeswettbewerb \u201eVorbildliche Campingpl\u00e4tze in der Landschaft\u201c. Auch auf Bundesebene wurde der Zeltplatz mit einer Goldplakette ausgezeichnet. <\/strong><\/p>\n\n\n\n<p class=\"wp-block-paragraph\" style=\"font-size:18px\">Finkenrech geh\u00f6rt nicht nur aufgrund seiner Lage zur Gemarkung Dirmingen. In den letzten Jahren ist die Verbundenheit der Dirminger zu dem Naherholungsgebiet Finkenrech deutlich gewachsen. Mittlerweile ist man hier sehr Stolz auf &#8222;seinen Finkenrech&#8220;. Auch f\u00fcr unsere Gemeinde Eppelborn ist Finkenrech l\u00e4ngst zu einem Aush\u00e4ngeschild geworden. Ich habe es immer genossen im Sommer mit dem Roller \u00fcber die Feldwege bis hin zum Finkenrech zu \u201eDriven\u201c um dann dort gen\u00fcsslich mein, nat\u00fcrlich alkoholfreies Weizenbier, zu verk\u00f6stigen. Gerne habe ich den Menschen zugeh\u00f6rt, wenn sie die Vorz\u00fcge und die wundersch\u00f6ne Lage des Naturschutzgebietes gelobt haben. Ich erinnere mich an viele sch\u00f6ne Abende in den Kreisen guter Freunde und an das hervorragende Essen. Soll dies alles nun ein Ende finden? Irgendwie wird es schon weitergehen. Genau darin liegt jedoch der Teufel im Detail. Es darf nicht nur einfach so weitergehen, sondern wir alle m\u00fcssen es besser machen. Wir alle sind in der Verantwortung. Der Landkreis genauso wie wir G\u00e4ste und Touristen. Leider gab es auch einige Tage an denen der Besuch der Kunden zu w\u00fcnschen \u00fcbrig lie\u00df. Wenn man einen solchen Schatz wie Finkenrech hat, muss man ihn auch zu nutzen wissen. Dies gilt f\u00fcr die saisonalen Veranstaltungen wie \u201eFr\u00fchling- oder Herbst auf Finkenrech\u201c genauso wie f\u00fcr den gemeinen Wochentag.<\/p>\n\n\n\n<div class=\"wp-block-image\"><figure class=\"alignleft size-large is-resized\"><img loading=\"lazy\" decoding=\"async\" src=\"https:\/\/echta-derminga.de\/wp-content\/uploads\/2019\/09\/Parkhotel-644x483.jpg\" alt=\"\" class=\"wp-image-4482\" width=\"322\" height=\"242\" srcset=\"https:\/\/echta-derminga.de\/wp-content\/uploads\/2019\/09\/Parkhotel-644x483.jpg 644w, https:\/\/echta-derminga.de\/wp-content\/uploads\/2019\/09\/Parkhotel-300x225.jpg 300w, https:\/\/echta-derminga.de\/wp-content\/uploads\/2019\/09\/Parkhotel-768x576.jpg 768w, https:\/\/echta-derminga.de\/wp-content\/uploads\/2019\/09\/Parkhotel.jpg 800w\" sizes=\"auto, (max-width: 322px) 100vw, 322px\" \/><\/figure><\/div>\n\n\n\n<p class=\"wp-block-paragraph\" style=\"font-size:18px\"><strong>Schade, dass wir nun wunderbare P\u00e4chter verloren haben. Ich pers\u00f6nlich war mit dem Service und dem vorhandenen Angebot immer hochzufrieden.<\/strong><\/p>\n\n\n\n<p class=\"wp-block-paragraph\" style=\"font-size:18px\"><strong> Es bleibt die Hoffnung, dass es nicht nur einfach so weitergeht sondern st\u00e4ndig versucht wird es noch besser zu machen.<\/strong> <strong>In der Hoffnung, dass wir schon sehr bald von einem neuen P\u00e4chter f\u00fcr das Landhotel h\u00f6ren w\u00fcnsche ich den nun scheidenden P\u00e4chtern alles Gute und viel Gl\u00fcck.<\/strong><\/p>\n","protected":false},"excerpt":{"rendered":"<p>Dirmingen verf\u00fcgt auf seiner Gemarkung \u00fcber sehr viel Land und Waldfl\u00e4che. Bereits im Jahre 1929 wurde das bis dahin verwildertes Finkenrech kultiviert und vom Kreis Ottweiler als Viehweide genutzt. Von 1929 bis zum Jahre 1971 standen im Sommer mehr als 1800 Rinder aus den Bauernh\u00f6fen der umliegenden D\u00f6rfer auf dieser Viehweide. Die Bauern mussten damals lediglich ein kleines Entgelt f\u00fcr<\/p>\n","protected":false},"author":1,"featured_media":4479,"comment_status":"closed","ping_status":"closed","sticky":false,"template":"","format":"standard","meta":{"_crdt_document":"","footnotes":""},"categories":[9,8],"tags":[5,129,379,618,127,207],"class_list":["post-4477","post","type-post","status-publish","format-standard","has-post-thumbnail","hentry","category-dorfgetratsche","category-sellemols-und-awweile","tag-dirmingen","tag-finkenrech","tag-freizeitzentrum","tag-gemeinde-eppelborn","tag-landkreis-neunkirchen","tag-naherholungsgebiet-finkenrech"],"_links":{"self":[{"href":"https:\/\/echta-derminga.de\/index.php?rest_route=\/wp\/v2\/posts\/4477","targetHints":{"allow":["GET"]}}],"collection":[{"href":"https:\/\/echta-derminga.de\/index.php?rest_route=\/wp\/v2\/posts"}],"about":[{"href":"https:\/\/echta-derminga.de\/index.php?rest_route=\/wp\/v2\/types\/post"}],"author":[{"embeddable":true,"href":"https:\/\/echta-derminga.de\/index.php?rest_route=\/wp\/v2\/users\/1"}],"replies":[{"embeddable":true,"href":"https:\/\/echta-derminga.de\/index.php?rest_route=%2Fwp%2Fv2%2Fcomments&post=4477"}],"version-history":[{"count":14,"href":"https:\/\/echta-derminga.de\/index.php?rest_route=\/wp\/v2\/posts\/4477\/revisions"}],"predecessor-version":[{"id":4502,"href":"https:\/\/echta-derminga.de\/index.php?rest_route=\/wp\/v2\/posts\/4477\/revisions\/4502"}],"wp:featuredmedia":[{"embeddable":true,"href":"https:\/\/echta-derminga.de\/index.php?rest_route=\/wp\/v2\/media\/4479"}],"wp:attachment":[{"href":"https:\/\/echta-derminga.de\/index.php?rest_route=%2Fwp%2Fv2%2Fmedia&parent=4477"}],"wp:term":[{"taxonomy":"category","embeddable":true,"href":"https:\/\/echta-derminga.de\/index.php?rest_route=%2Fwp%2Fv2%2Fcategories&post=4477"},{"taxonomy":"post_tag","embeddable":true,"href":"https:\/\/echta-derminga.de\/index.php?rest_route=%2Fwp%2Fv2%2Ftags&post=4477"}],"curies":[{"name":"wp","href":"https:\/\/api.w.org\/{rel}","templated":true}]}}