{"id":4552,"date":"2019-09-29T14:50:20","date_gmt":"2019-09-29T13:50:20","guid":{"rendered":"http:\/\/echta-derminga.de\/?p=4552"},"modified":"2019-09-29T14:52:40","modified_gmt":"2019-09-29T13:52:40","slug":"tschuess-frau-buergermeisterin-hallo-herr-buergermeister","status":"publish","type":"post","link":"https:\/\/echta-derminga.de\/?p=4552","title":{"rendered":"Tsch\u00fc\u00df Frau B\u00fcrgermeisterin, hallo Herr B\u00fcrgermeister !"},"content":{"rendered":"\n<p class=\"wp-block-paragraph\" style=\"font-size:18px\"><strong>Nach sieben Jahren an der Rathausspitze wurde B\u00fcrgermeisterin Birgit M\u00fcller-Closset am Donnerstag, 26.September feierlich im \u201eBig Eppel\u201c verabschiedet. <\/strong><\/p>\n\n\n\n<p class=\"wp-block-paragraph\" style=\"font-size:18px\"><strong>Tsch\u00fc\u00df Frau B\u00fcrgermeisterin, hallo Herr B\u00fcrgermeister!<\/strong><\/p>\n\n\n\n<p class=\"wp-block-paragraph\" style=\"font-size:18px\">Zahlreiche Projekte hat die Rathauschefin unabdingbar mit ihrem Namen verbunden. Allein in Dirmingen wurde der Neubau der Kita Pusteblume, der Neubau des Bahnhofsparkplatzes, die Einrichtung eines JUZ und nicht zuletzt die Anschaffung eines neuen L\u00f6schfahrzeugs f\u00fcr unsere Dirminger Feuerwehr angekurbelt. Nach den Starkregenereignissen, vom Jahre 2016, hat Sie keine Sekunde gez\u00f6gert um als Krisen-Managerin aktiv anzupacken und mit allen Mitteln zu helfen. <\/p>\n\n\n\n<div class=\"wp-block-image\"><figure class=\"alignleft size-large is-resized\"><img loading=\"lazy\" decoding=\"async\" src=\"https:\/\/echta-derminga.de\/wp-content\/uploads\/2019\/09\/2-644x858.jpg\" alt=\"\" class=\"wp-image-4560\" width=\"322\" height=\"429\" srcset=\"https:\/\/echta-derminga.de\/wp-content\/uploads\/2019\/09\/2-644x858.jpg 644w, https:\/\/echta-derminga.de\/wp-content\/uploads\/2019\/09\/2-225x300.jpg 225w, https:\/\/echta-derminga.de\/wp-content\/uploads\/2019\/09\/2.jpg 700w\" sizes=\"auto, (max-width: 322px) 100vw, 322px\" \/><figcaption>Die B\u00fcrgermeisterin<\/figcaption><\/figure><\/div>\n\n\n\n<p class=\"wp-block-paragraph\" style=\"font-size:18px\"><strong>Eigentlich wurden \u00fcberall in den Ortsteilen unserer Gemeinde wichtige Projekte in die Tat umgesetzt. Wir erinnern uns an den Umbau und die neue Einrichtung im B\u00fcrgerhaus Habach, das Neubaugebiet \u201eAuf Wacken\u201c in Bubach\/Calmesweiler, das neues Feuerwehrauto in Macherbach, der Dorfplatz in Humes, die neue Sportanlage in Humes oder die Beachvolleyballanlage und der neue Schankraum in Wiesbach. Immerhin wurde in Eppelborn nach 40 Jahre Stillstand der Weg zur Ortskernsanierung geebnet. Das alles ist der B\u00fcrgermeisterin mit einem ausgeglichenen Finanzhaushalt gelungen.<\/strong> <strong>Unter der Leitung der B\u00fcrgermeisterin Birgit M\u00fcller-Closset wurde Eppelborn erstmals als familienfreundliche Kommune ausgezeichnet. <\/strong><\/p>\n\n\n\n<p class=\"wp-block-paragraph\" style=\"font-size:18px\">In ihrer Amtszeit fehlte der Rathauschefin oft die notwendige und wichtige Unterst\u00fctzung. Zudem hatte es die B\u00fcrgermeisterin stets mit reichlich Gegenwind des politischen Mitbewerbers zu tun. Nein, Birgit M\u00fcller-Closset hatte es als erste Frau auf dem B\u00fcrgermeisterstuhl nicht einfach gehabt.  Letztlich waren es keine leichten Jahre f\u00fcr die B\u00fcrgermeisterin. Diejenigen die heute auf eine enge Zusammenarbeit hoffen, haben es der Rathauschefin t\u00e4glich schwer gemacht.<\/p>\n\n\n\n<p class=\"wp-block-paragraph\" style=\"font-size:18px\"><strong>Sei\u2019s drum, was vorbei ist, ist vorbei. Nach sieben Jahren ist nun Schluss und die B\u00fcrgermeisterin musste ihren Abschied nehmen. Das Ergebnis der B\u00fcrgermeister- und Kommunalwahl im Mai dieses Jahres fiel deutlich zugunsten des Mitbewerbers Dr. Andreas Feld aus. Als Demokraten m\u00fcssen wir dies hinnehmen und die Entscheidung der W\u00e4hler\/innen akzeptieren. Allein die Deutlichkeit des Ergebnisses ist bis heute ein echter Schock. <\/strong><\/p>\n\n\n\n<p class=\"wp-block-paragraph\" style=\"font-size:18px\">Nachhaken gilt nicht! Mittlerweile wurde ein neuer\nGemeinderat konstituiert, Beigeordneten gew\u00e4hlt, Aussch\u00fcsse besetzt und nun\nauch der neue B\u00fcrgermeister verpflichtet. Ich selbst stehe vor meiner ersten\nPeriode im Eppelborner Gemeinderat. Auf unsere schwer geschrumpfte und arg\ngebeutelte SPD Gemeindratsfraktion warten f\u00fcnf harte Jahre. Der politische\nMitbewerber hat die absolute Mehrheit und kann praktisch schalten und walten\nwie er m\u00f6chte.<\/p>\n\n\n\n<div class=\"wp-block-image\"><figure class=\"alignleft size-large is-resized\"><img loading=\"lazy\" decoding=\"async\" src=\"https:\/\/echta-derminga.de\/wp-content\/uploads\/2019\/09\/3.jpg\" alt=\"\" class=\"wp-image-4562\" width=\"300\" height=\"367\" srcset=\"https:\/\/echta-derminga.de\/wp-content\/uploads\/2019\/09\/3.jpg 600w, https:\/\/echta-derminga.de\/wp-content\/uploads\/2019\/09\/3-245x300.jpg 245w\" sizes=\"auto, (max-width: 300px) 100vw, 300px\" \/><figcaption>Vereidigung des B\u00fcrgermeisters<\/figcaption><\/figure><\/div>\n\n\n\n<p class=\"wp-block-paragraph\" style=\"font-size:18px\"><strong>Es ist nun mal wie es ist! Man kann das Ergebnis der Kommunalwahl 2019 nicht \u00e4ndern. Wir haben nun die Aufgabe das Beste daraus zu machen und mit einer guten Oppositionsarbeit dagegen zu halten. Keine leichte Aufgabe. Nun hei\u00dft es also \u201eAnpacken f\u00fcr Eppelborn\u201c. Gem\u00e4\u00df des Wahlkampfmottos der CDU in der Gemeinde Eppelborn spr\u00fcht der politische Mitbewerber nur so vor Ideen und Schaffenskraft. Mal sehen was kommt?!? Die absolute Mehrheit im Gemeinderat d\u00fcrfte auch f\u00fcr die Freunde der CDU Eppelborn eine gro\u00dfe B\u00fcrde sein. Der politische Mitbewerber tr\u00e4gt nun die Verantwortung f\u00fcr die kommenden Jahre. Mal sehen in wie weit wir dabei einwirken, unterst\u00fctzen und helfen k\u00f6nnen. Wie zu lesen war, sieht der neue B\u00fcrgermeisters Dr. Andreas Feld seine wichtigste Aufgabe in der Kinder -und Jugendarbeit sowie im Umweltbereich. Auch die gemeindeeigenen Geb\u00e4ude sollen mehr in den Blickpunkt ger\u00fcckt werden und nat\u00fcrlich wird auch das Thema \u201eOrtskern Eppelborn\u201c wieder an Fahrt gewinnen. Es gibt viel zu tun f\u00fcr den neuen Rathauschef.<\/strong><\/p>\n\n\n\n<p class=\"wp-block-paragraph\" style=\"font-size:18px\">Ganz ehrlich, ich glaube Dr. Andreas Feld bringt gute Voraussetzung mit, um diesen Aufgaben gerecht zu werden. Bei allem politischen Konkurrenz-denken sollte man doch immer fair und im Sinne der B\u00fcrgerinnen und B\u00fcrger miteinander umgehen. Ich glaube genau das erwarten die Menschen in dieser Gemeinde von der Kommunalpolitik. Dr. Andreas Feld ist nun B\u00fcrgermeister unserer Gemeinde und nicht irgendeiner Partei. Schlie\u00dflich ist er zuk\u00fcnftig auch &#8222;mein&#8220; B\u00fcrgermeister und auch ich muss damit lernen umzugehen. Fairness ist das Zauberwort! Wir d\u00fcrfen auf die Zusammenarbeit in den Orts -und Gemeinder\u00e4ten echt gespannt sein. Im Dirminger Ortsrat haben wir gerade in den letzten Jahren, trotz gro\u00dfer Mehrheit, immer versucht den politischen Mitbewerber mitzunehmen und einzubinden. Bleibt abzuwarten, ob wir nun die gleiche Erfahrung machen d\u00fcrfen?<\/p>\n\n\n\n<p class=\"wp-block-paragraph\" style=\"font-size:18px\"><strong>Dr. Andreas Feld ist nun der neue B\u00fcrgermeister in unserer Gemeinde Eppelborn. Seine Amtszeit endet im Jahre 2029. Wir m\u00fcssen nun zum Wohle unserer Heimatgemeinde zusammenr\u00fccken und unparteiisch versuchen das Beste rauszuholen. Ich pers\u00f6nlich m\u00f6chte Birgit M\u00fcller-Closset ganz herzlich danken. Mein Gl\u00fcckwunsch geht an den neuen B\u00fcrgermeister Dr. Andreas Feld.<\/strong><\/p>\n\n\n\n<figure class=\"wp-block-image size-large\"><img loading=\"lazy\" decoding=\"async\" width=\"644\" height=\"483\" src=\"https:\/\/echta-derminga.de\/wp-content\/uploads\/2019\/09\/4-644x483.jpg\" alt=\"\" class=\"wp-image-4564\" srcset=\"https:\/\/echta-derminga.de\/wp-content\/uploads\/2019\/09\/4-644x483.jpg 644w, https:\/\/echta-derminga.de\/wp-content\/uploads\/2019\/09\/4-300x225.jpg 300w, https:\/\/echta-derminga.de\/wp-content\/uploads\/2019\/09\/4.jpg 700w\" sizes=\"auto, (max-width: 644px) 100vw, 644px\" \/><\/figure>\n","protected":false},"excerpt":{"rendered":"<p>Nach sieben Jahren an der Rathausspitze wurde B\u00fcrgermeisterin Birgit M\u00fcller-Closset am Donnerstag, 26.September feierlich im \u201eBig Eppel\u201c verabschiedet. Tsch\u00fc\u00df Frau B\u00fcrgermeisterin, hallo Herr B\u00fcrgermeister! Zahlreiche Projekte hat die Rathauschefin unabdingbar mit ihrem Namen verbunden. Allein in Dirmingen wurde der Neubau der Kita Pusteblume, der Neubau des Bahnhofsparkplatzes, die Einrichtung eines JUZ und nicht zuletzt die Anschaffung eines neuen L\u00f6schfahrzeugs f\u00fcr<\/p>\n","protected":false},"author":1,"featured_media":4558,"comment_status":"closed","ping_status":"closed","sticky":false,"template":"","format":"standard","meta":{"_crdt_document":"","footnotes":""},"categories":[1,9,46],"tags":[734,5,618,127,634],"class_list":["post-4552","post","type-post","status-publish","format-standard","has-post-thumbnail","hentry","category-allgemein","category-dorfgetratsche","category-meine-politik","tag-buergermeisterin","tag-dirmingen","tag-gemeinde-eppelborn","tag-landkreis-neunkirchen","tag-ortsvorsteher"],"_links":{"self":[{"href":"https:\/\/echta-derminga.de\/index.php?rest_route=\/wp\/v2\/posts\/4552","targetHints":{"allow":["GET"]}}],"collection":[{"href":"https:\/\/echta-derminga.de\/index.php?rest_route=\/wp\/v2\/posts"}],"about":[{"href":"https:\/\/echta-derminga.de\/index.php?rest_route=\/wp\/v2\/types\/post"}],"author":[{"embeddable":true,"href":"https:\/\/echta-derminga.de\/index.php?rest_route=\/wp\/v2\/users\/1"}],"replies":[{"embeddable":true,"href":"https:\/\/echta-derminga.de\/index.php?rest_route=%2Fwp%2Fv2%2Fcomments&post=4552"}],"version-history":[{"count":19,"href":"https:\/\/echta-derminga.de\/index.php?rest_route=\/wp\/v2\/posts\/4552\/revisions"}],"predecessor-version":[{"id":4575,"href":"https:\/\/echta-derminga.de\/index.php?rest_route=\/wp\/v2\/posts\/4552\/revisions\/4575"}],"wp:featuredmedia":[{"embeddable":true,"href":"https:\/\/echta-derminga.de\/index.php?rest_route=\/wp\/v2\/media\/4558"}],"wp:attachment":[{"href":"https:\/\/echta-derminga.de\/index.php?rest_route=%2Fwp%2Fv2%2Fmedia&parent=4552"}],"wp:term":[{"taxonomy":"category","embeddable":true,"href":"https:\/\/echta-derminga.de\/index.php?rest_route=%2Fwp%2Fv2%2Fcategories&post=4552"},{"taxonomy":"post_tag","embeddable":true,"href":"https:\/\/echta-derminga.de\/index.php?rest_route=%2Fwp%2Fv2%2Ftags&post=4552"}],"curies":[{"name":"wp","href":"https:\/\/api.w.org\/{rel}","templated":true}]}}