{"id":4639,"date":"2019-10-13T13:09:37","date_gmt":"2019-10-13T12:09:37","guid":{"rendered":"http:\/\/echta-derminga.de\/?p=4639"},"modified":"2019-10-13T13:16:45","modified_gmt":"2019-10-13T12:16:45","slug":"auf-dem-rotweinwanderweg-durch-das-schoene-ahrtal-maennerarbeit-in-der-kirche-einmal-anders-erleben","status":"publish","type":"post","link":"https:\/\/echta-derminga.de\/?p=4639","title":{"rendered":"Auf dem Rotweinwanderweg durch das sch\u00f6ne Ahrtal \u2013 M\u00e4nnerarbeit in der Kirche einmal anders erleben !"},"content":{"rendered":"\n<blockquote class=\"wp-block-quote is-layout-flow wp-block-quote-is-layout-flow\"><p> <strong>Jesus Christus spricht: &#8218;&nbsp;<em>Ich bin der Weinstock<\/em>,&nbsp;<em>ihr seid die Reben<\/em>; wer in mir bleibt und ich in ihm, der bringt viel Frucht <\/strong><\/p><cite>Bibelvers, Johannes 15,1-8 <\/cite><\/blockquote>\n\n\n\n<p class=\"wp-block-paragraph\" style=\"font-size:18px\"><strong>Schon seit einigen Monaten besch\u00e4ftige ich mich mit der Frage: Wie kann man Kirche f\u00fcr M\u00e4nner attraktiver gestalten?&nbsp; Bekannterweise treten M\u00e4nner eher aus der Kirche aus als Frauen. Die M\u00e4nnerarbeit in unserer Kirche ist nur mit h\u00f6chster Innovation und gro\u00dfem Aufwand zu betreiben. Mit sch\u00f6nen Gottesdiensten oder spirituellen Angeboten allein wird man nichts erreichen. Die aktuell&nbsp;von&nbsp;der katholischen&nbsp;&nbsp; und&nbsp;evangelischen Kirche ver\u00f6ffentlichten Zahlen zeigen ganz deutlich, dass M\u00e4nner weniger Bindung zur Kirche haben als Frauen. Woran mag das liegen? Dieser Trend bereitet nicht nur der evangelischen Kirche in Deutschland echte Sorge.&nbsp; Wir m\u00fcssen uns ernsthaft mit diesem Thema besch\u00e4ftigen und fragen lassen: Wie machen wir unsere Kirchenarbeit f\u00fcr M\u00e4nner wieder interessant. Aus meiner Sicht m\u00fcssen wir daran arbeiten neue Angebote f\u00fcr M\u00e4nner zu schaffen. M\u00e4nner m\u00fcssen auf spezifische Weise angesprochen und erreicht werden. Es geht darum ein abwechslungsreiches und anspruchsvolles Freizeitangebot f\u00fcr M\u00e4nner anzubieten. Seit dem Jahr 2018 bin ich Synodal-beauftragter f\u00fcr M\u00e4nnerarbeit im Kirchenkreis Saar-Ost. In den vergangenen Monaten habe ich verschiedene Gemeinden in unserem Kreis besucht, um mich vorzustellen und mir ein Bild der M\u00e4nnerarbeit vor Ort zu machen. Ich konnte viele interessanten Ans\u00e4tze mitnehmen und habe auf der anderen Seite auch viele Sorgen wahrgenommen. Ich denke, unsere Kirche muss sich bewegen und den M\u00e4nnern entgegenkommen. Macht man bei \u201eKirchen\u2019s\u201c genug f\u00fcr die M\u00e4nnerarbeit in den Gemeinden?<\/strong><\/p>\n\n\n\n<div class=\"wp-block-image\"><figure class=\"aligncenter size-large\"><img loading=\"lazy\" decoding=\"async\" width=\"644\" height=\"440\" src=\"https:\/\/echta-derminga.de\/wp-content\/uploads\/2019\/10\/IMG_20191012_112811_resized_20191013_114144623-Kopie-644x440.jpg\" alt=\"\" class=\"wp-image-4653\" srcset=\"https:\/\/echta-derminga.de\/wp-content\/uploads\/2019\/10\/IMG_20191012_112811_resized_20191013_114144623-Kopie-644x440.jpg 644w, https:\/\/echta-derminga.de\/wp-content\/uploads\/2019\/10\/IMG_20191012_112811_resized_20191013_114144623-Kopie-300x205.jpg 300w, https:\/\/echta-derminga.de\/wp-content\/uploads\/2019\/10\/IMG_20191012_112811_resized_20191013_114144623-Kopie-768x524.jpg 768w, https:\/\/echta-derminga.de\/wp-content\/uploads\/2019\/10\/IMG_20191012_112811_resized_20191013_114144623-Kopie.jpg 800w\" sizes=\"auto, (max-width: 644px) 100vw, 644px\" \/><figcaption>&#8222;&#8230;ihr seid der Weinstock&#8230;&#8220;<\/figcaption><\/figure><\/div>\n\n\n\n<p class=\"wp-block-paragraph\" style=\"font-size:18px\">Ich bin der Meinung, wir sollten Kirche anders leben und uns mehr \u00f6ffnen. Wenn wir M\u00e4nner f\u00fcr unsere Gemeinde gewinnen m\u00f6chten, m\u00fcssen wir bereit sein, neue Wege einzuschlagen. Inspiriert von diesem Gedanken wuchs in den vergangenen Monaten die Idee eine Fahrt zu organisieren. Als Reiseziel diente das sch\u00f6ne Ahrtal. Das Ahrtal z\u00e4hlt zu den beliebtesten Wanderregionen im S\u00fcden Deutschlands. Die wundersch\u00f6ne Landschaft rund um Bad Neuenahr-Ahrweiler lockt j\u00e4hrlich zahlreiche Wanderer aus der gesamten Region an. Zu den bekanntesten Wanderwegen z\u00e4hlt der Rotweinwanderweg, der mit seinen 38 Kilometern durch das gesamte Ahrtal f\u00fchrt. Der Weg f\u00fchrt von Bad Bodendorf bis Altenahr mitten durch die sonnenverw\u00f6hnten Weinberge. Winzer bieten auf diesem Weg ihren Wein zu moderaten Preisen an. Das Ahrtal verl\u00e4uft Schlucht-artig wobei gerade die steilen H\u00e4nge und die vielen Felsen ihren Reiz ausmachen. Es gibt viele jahrhundertealte, steile Weinbergterrassen mit schroffen Felsgraten und hoch aufsteigenden W\u00e4ldern. Diese Landschaft ist geradezu perfekt f\u00fcr den Weinbau. Ahrweiler liegt im Zentrum des Ahrtals. Wanderer kommen in der faszinierenden Landschaft des Ahrtals voll auf ihre Kosten. Prachtvolle Landschaften mit Wiesen, W\u00e4lder, imponierenden Steilh\u00e4ngen, Weinberge und Flussauen laden geradezu zum entspannen, relaxen und wandern ein. Von Weinliebhabern wird das Ahrtal auch \u201edie wildeste Tochter des Rheins\u201c gepriesen.<\/p>\n\n\n\n<div class=\"wp-block-image\"><figure class=\"aligncenter size-large\"><img loading=\"lazy\" decoding=\"async\" width=\"644\" height=\"483\" src=\"https:\/\/echta-derminga.de\/wp-content\/uploads\/2019\/10\/IMG_20191012_111315_resized_20191013_114209211-Kopie-644x483.jpg\" alt=\"\" class=\"wp-image-4646\" srcset=\"https:\/\/echta-derminga.de\/wp-content\/uploads\/2019\/10\/IMG_20191012_111315_resized_20191013_114209211-Kopie-644x483.jpg 644w, https:\/\/echta-derminga.de\/wp-content\/uploads\/2019\/10\/IMG_20191012_111315_resized_20191013_114209211-Kopie-300x225.jpg 300w, https:\/\/echta-derminga.de\/wp-content\/uploads\/2019\/10\/IMG_20191012_111315_resized_20191013_114209211-Kopie-768x576.jpg 768w, https:\/\/echta-derminga.de\/wp-content\/uploads\/2019\/10\/IMG_20191012_111315_resized_20191013_114209211-Kopie.jpg 800w\" sizes=\"auto, (max-width: 644px) 100vw, 644px\" \/><figcaption>Ahrweiler im sch\u00f6nen Ahrtal<\/figcaption><\/figure><\/div>\n\n\n\n<p class=\"wp-block-paragraph\" style=\"font-size:18px\"><strong>Obwohl wir einige Absagen hinnehmen mussten, starteten wir am Samstag, 12.Oktober 2019 ins sch\u00f6ne Ahrtal. Gem\u00e4\u00df dem Motto: \u201eWenn Engel reisen scheint die Sonne\u201c, spielte auch das Wetter mit. Schon auf der Reise merkte jeder, dass dies eine besondere Fahrt werden w\u00fcrde. Die Chemie unter den M\u00e4nnern passte einfach und das Miteinander war wunderbar. Gute Gespr\u00e4che, flachsige Spr\u00fcche, derber Humor und nachdenkliche Ans\u00e4tze &#8211; So sind M\u00e4nner eben. V\u00f6llig entspannt erreichten wir schlie\u00dflich das \u00d6rtchen Ahrweiler. Innerhalb der historischen Stadtmauern spielt sich so einiges ab. Zahlreiche idyllische Stra\u00dfencaf\u00e9s und Bistros laden zum Relaxen ein. \u00dcberall wird guter Wein angeboten.<\/strong><\/p>\n\n\n\n<div class=\"wp-block-image\"><figure class=\"aligncenter size-large\"><img loading=\"lazy\" decoding=\"async\" width=\"644\" height=\"483\" src=\"https:\/\/echta-derminga.de\/wp-content\/uploads\/2019\/10\/IMG_20191012_121522_resized_20191013_114124049-Kopie-644x483.jpg\" alt=\"\" class=\"wp-image-4649\" srcset=\"https:\/\/echta-derminga.de\/wp-content\/uploads\/2019\/10\/IMG_20191012_121522_resized_20191013_114124049-Kopie-644x483.jpg 644w, https:\/\/echta-derminga.de\/wp-content\/uploads\/2019\/10\/IMG_20191012_121522_resized_20191013_114124049-Kopie-300x225.jpg 300w, https:\/\/echta-derminga.de\/wp-content\/uploads\/2019\/10\/IMG_20191012_121522_resized_20191013_114124049-Kopie-768x576.jpg 768w, https:\/\/echta-derminga.de\/wp-content\/uploads\/2019\/10\/IMG_20191012_121522_resized_20191013_114124049-Kopie.jpg 800w\" sizes=\"auto, (max-width: 644px) 100vw, 644px\" \/><figcaption>&#8230;.auf ein Glas Wein&#8230;..<\/figcaption><\/figure><\/div>\n\n\n\n<p class=\"wp-block-paragraph\" style=\"font-size:18px\">Auf unserer Wanderung durch das Ahrtal genossen wir das Leben und den guten Wein der an der Strecke stehenden Winzer. Mit einem Glas Wein in der Hand tauschten wir unsere Gedanken aus und genossen den Blick \u00fcber das sch\u00f6ne Tal. W\u00e4hrend eines kurzen Abstechers ins Kloster Kalvarienberg erlebte das ein oder andere Mitglied unserer Gruppe einen besonderen Moment. Dieser Augenblick hatte schon irgendwie etwas spirituelles und Besonderes. Ich pers\u00f6nlich stellte mir in diesem Augenblick vor, wie es wohl sein w\u00fcrde einmal den Jakobsweg zu begehen. Mit diesem Gedanken besch\u00e4ftige ich mich in den letzten Jahren immer intensiver wobei mir bei der Umsetzung die Zeit, das Geld und der Antrieb fehlt. Es ist gar nicht so leicht loszulassen und einfach zu machen.<\/p>\n\n\n\n<div class=\"wp-block-image\"><figure class=\"aligncenter size-large\"><img loading=\"lazy\" decoding=\"async\" width=\"644\" height=\"483\" src=\"https:\/\/echta-derminga.de\/wp-content\/uploads\/2019\/10\/IMG_20191012_120620_resized_20191013_114148521-Kopie-644x483.jpg\" alt=\"\" class=\"wp-image-4650\" srcset=\"https:\/\/echta-derminga.de\/wp-content\/uploads\/2019\/10\/IMG_20191012_120620_resized_20191013_114148521-Kopie-644x483.jpg 644w, https:\/\/echta-derminga.de\/wp-content\/uploads\/2019\/10\/IMG_20191012_120620_resized_20191013_114148521-Kopie-300x225.jpg 300w, https:\/\/echta-derminga.de\/wp-content\/uploads\/2019\/10\/IMG_20191012_120620_resized_20191013_114148521-Kopie-768x576.jpg 768w, https:\/\/echta-derminga.de\/wp-content\/uploads\/2019\/10\/IMG_20191012_120620_resized_20191013_114148521-Kopie.jpg 800w\" sizes=\"auto, (max-width: 644px) 100vw, 644px\" \/><figcaption>Blick von den Weinbergen<\/figcaption><\/figure><\/div>\n\n\n\n<p class=\"wp-block-paragraph\" style=\"font-size:18px\"><strong>Nach unserer Wanderung besuchten wir die Altstadt, um dort das ein oder anderen Glas Wein zu genie\u00dfen. Auch hierbei wurde viel gelacht und geredet. \u201eIn vino veritas\u201c oder auf Deutsch: \u201eIm Wein liegt die Wahrheit\u201c. Neben intensiven nachdenklichen Gespr\u00e4chen gab es auch viele lustige Momente und Wortgefechte. In mir wuchs w\u00e4hrend dieser Fahrt die Motivation weiter zu machen und genau dort anzusetzen. Ich glaube fest daran, dass man Kirche f\u00fcr M\u00e4nner interessant gestalten kann. M\u00e4nnerarbeit in der Kirche muss halt anders aussehen. Wenn der Prophet nicht zum Berg kommt muss der Berg halt zum Propheten kommen. So einfach ist das! Angebote schaffen und das Interesse der M\u00e4nner aufgreifen. Genau darin liegt die Aufgabe einer innovativen M\u00e4nnerarbeit. Au\u00dferdem sollte kein Druck dahinterstehen. Es spielt keine Rolle welche Konfession oder welche politische Intention der jeweilige Mann mit sich bringt. Wichtig ist am Ende, dass wir die M\u00e4nner wieder erreichen. Es wird h\u00f6chste Zeit diesen Weg zu beschreiten. Die Anzahl der M\u00e4nner, die sich immer mehr von der Kirche entfernen w\u00e4chst t\u00e4glich. Es ist Zeit zum Handeln. Ich hatte w\u00e4hrend der Fahrt in das sch\u00f6ne Ahrtal das Gef\u00fchl, dass so einiges m\u00f6glich ist!<\/strong><\/p>\n\n\n\n<div class=\"wp-block-image\"><figure class=\"aligncenter size-large\"><img loading=\"lazy\" decoding=\"async\" width=\"644\" height=\"401\" src=\"https:\/\/echta-derminga.de\/wp-content\/uploads\/2019\/10\/IMG_20191012_111835_resized_20191013_114204241-Kopie-644x401.jpg\" alt=\"\" class=\"wp-image-4651\" srcset=\"https:\/\/echta-derminga.de\/wp-content\/uploads\/2019\/10\/IMG_20191012_111835_resized_20191013_114204241-Kopie-644x401.jpg 644w, https:\/\/echta-derminga.de\/wp-content\/uploads\/2019\/10\/IMG_20191012_111835_resized_20191013_114204241-Kopie-300x187.jpg 300w, https:\/\/echta-derminga.de\/wp-content\/uploads\/2019\/10\/IMG_20191012_111835_resized_20191013_114204241-Kopie-768x478.jpg 768w, https:\/\/echta-derminga.de\/wp-content\/uploads\/2019\/10\/IMG_20191012_111835_resized_20191013_114204241-Kopie.jpg 783w\" sizes=\"auto, (max-width: 644px) 100vw, 644px\" \/><figcaption>Wandern durch die Weinberge<\/figcaption><\/figure><\/div>\n\n\n\n<p class=\"wp-block-paragraph\" style=\"font-size:18px\">In Bezug auf ihre M\u00e4nnerarbeit schreibt die Evangelische Kirche:\u201c Die EKD will M\u00e4nner auf diesem schwierigen Weg begleiten. In einer Kirche, die mit ihren Lebens- und Arbeitsformen immer weniger M\u00e4nner erreichen kann, versteht sich evangelische M\u00e4nnerarbeit als ein Angebot an M\u00e4nner, gemeinsam \u00fcber ihren Glauben nachzudenken, ihre m\u00e4nnlich gepr\u00e4gte Fr\u00f6mmigkeit zu entfalten und Lebensperspektiven zu entwickeln, in denen der Glaube eine zentrale Rolle spielt\u201c. Es scheint mir also, als w\u00e4re das Problem erkannt. An der Umsetzung muss also noch geschliffen und gearbeitet werden.<\/p>\n\n\n\n<div class=\"wp-block-image\"><figure class=\"aligncenter size-large\"><img loading=\"lazy\" decoding=\"async\" width=\"644\" height=\"493\" src=\"https:\/\/echta-derminga.de\/wp-content\/uploads\/2019\/10\/IMG_20191012_155701_resized_20191013_114042315-Kopie-644x493.jpg\" alt=\"\" class=\"wp-image-4652\" srcset=\"https:\/\/echta-derminga.de\/wp-content\/uploads\/2019\/10\/IMG_20191012_155701_resized_20191013_114042315-Kopie-644x493.jpg 644w, https:\/\/echta-derminga.de\/wp-content\/uploads\/2019\/10\/IMG_20191012_155701_resized_20191013_114042315-Kopie-300x230.jpg 300w, https:\/\/echta-derminga.de\/wp-content\/uploads\/2019\/10\/IMG_20191012_155701_resized_20191013_114042315-Kopie-768x588.jpg 768w, https:\/\/echta-derminga.de\/wp-content\/uploads\/2019\/10\/IMG_20191012_155701_resized_20191013_114042315-Kopie.jpg 800w\" sizes=\"auto, (max-width: 644px) 100vw, 644px\" \/><figcaption>&#8230;..vor dem Kloster&#8230;.<\/figcaption><\/figure><\/div>\n\n\n\n<p class=\"wp-block-paragraph\" style=\"font-size:18px\"><strong>Als Ausdruck ihres gemeinsamen Wirkens gibt sich die Arbeitsgemeinschaft \u201eM\u00e4nnerarbeit\u201c ein gemeinsames Jahresthema, das zugleich Inhalt und Schwerpunkt des EKD-weiten M\u00e4nnersonntags bildet. Dieser M\u00e4nnertag findet jeweils am dritten Oktobersonntag statt. In vielen Gemeinden werden M\u00e4nner mit m\u00e4nnerspezifischen Themen zu einem Gottesdienst eingeladen. Auch in Dirmingen wird dieser M\u00e4nnersonntag mit einem Gottesdienst gefeiert.<\/strong><\/p>\n\n\n\n<p class=\"wp-block-paragraph\" style=\"font-size:18px\">Der diesj\u00e4hrige M\u00e4nnersonntag 2019 steht unter dem Jahresthema: <strong>\u201eGott liebt Gerechtigkeit (Ps 33,5) \u2013 Wof\u00fcr es sich zu k\u00e4mpfen lohnt\u201c<\/strong><\/p>\n\n\n\n<p class=\"wp-block-paragraph\" style=\"font-size:18px\"><strong>Wof\u00fcr es sich zu k\u00e4mpfen lohnt? Ich denke auch f\u00fcr ein attraktives Angebot f\u00fcr M\u00e4nner in unserer Kirchengemeinde. Der Gottesdienst am diesj\u00e4hrigen M\u00e4nnersonntag, 20.Oktober findet um 14:30 Uhr in der evangelischen Kirche Dirmingen statt. Eingeladen dazu sind alle M\u00e4nner und Frauen, aber auch Jungs und M\u00e4dchen. Eigentlich jeder der Lust darauf hat, so einfach ist das!<\/strong><\/p>\n\n\n\n<div class=\"wp-block-image\"><figure class=\"aligncenter size-large\"><img loading=\"lazy\" decoding=\"async\" width=\"644\" height=\"459\" src=\"https:\/\/echta-derminga.de\/wp-content\/uploads\/2019\/10\/IMG_20191012_111151_resized_20191013_114205221-Kopie-644x459.jpg\" alt=\"\" class=\"wp-image-4644\" srcset=\"https:\/\/echta-derminga.de\/wp-content\/uploads\/2019\/10\/IMG_20191012_111151_resized_20191013_114205221-Kopie-644x459.jpg 644w, https:\/\/echta-derminga.de\/wp-content\/uploads\/2019\/10\/IMG_20191012_111151_resized_20191013_114205221-Kopie-300x214.jpg 300w, https:\/\/echta-derminga.de\/wp-content\/uploads\/2019\/10\/IMG_20191012_111151_resized_20191013_114205221-Kopie-768x547.jpg 768w, https:\/\/echta-derminga.de\/wp-content\/uploads\/2019\/10\/IMG_20191012_111151_resized_20191013_114205221-Kopie.jpg 800w\" sizes=\"auto, (max-width: 644px) 100vw, 644px\" \/><figcaption>Auf dem Weg !<\/figcaption><\/figure><\/div>\n","protected":false},"excerpt":{"rendered":"<p>Jesus Christus spricht: &#8218;&nbsp;Ich bin der Weinstock,&nbsp;ihr seid die Reben; wer in mir bleibt und ich in ihm, der bringt viel Frucht Bibelvers, Johannes 15,1-8 Schon seit einigen Monaten besch\u00e4ftige ich mich mit der Frage: Wie kann man Kirche f\u00fcr M\u00e4nner attraktiver gestalten?&nbsp; Bekannterweise treten M\u00e4nner eher aus der Kirche aus als Frauen. Die M\u00e4nnerarbeit in unserer Kirche ist nur<\/p>\n","protected":false},"author":1,"featured_media":4642,"comment_status":"closed","ping_status":"closed","sticky":false,"template":"","format":"standard","meta":{"_crdt_document":"","footnotes":""},"categories":[1,47,318],"tags":[741,742,451,743,740],"class_list":["post-4639","post","type-post","status-publish","format-standard","has-post-thumbnail","hentry","category-allgemein","category-meine-kirche","category-uff-da-schnerr","tag-ahrtal","tag-ekd","tag-evangelische-kirchengemeinde-dirmingen","tag-maennerarbeit","tag-rotweinwanderweg"],"_links":{"self":[{"href":"https:\/\/echta-derminga.de\/index.php?rest_route=\/wp\/v2\/posts\/4639","targetHints":{"allow":["GET"]}}],"collection":[{"href":"https:\/\/echta-derminga.de\/index.php?rest_route=\/wp\/v2\/posts"}],"about":[{"href":"https:\/\/echta-derminga.de\/index.php?rest_route=\/wp\/v2\/types\/post"}],"author":[{"embeddable":true,"href":"https:\/\/echta-derminga.de\/index.php?rest_route=\/wp\/v2\/users\/1"}],"replies":[{"embeddable":true,"href":"https:\/\/echta-derminga.de\/index.php?rest_route=%2Fwp%2Fv2%2Fcomments&post=4639"}],"version-history":[{"count":30,"href":"https:\/\/echta-derminga.de\/index.php?rest_route=\/wp\/v2\/posts\/4639\/revisions"}],"predecessor-version":[{"id":4677,"href":"https:\/\/echta-derminga.de\/index.php?rest_route=\/wp\/v2\/posts\/4639\/revisions\/4677"}],"wp:featuredmedia":[{"embeddable":true,"href":"https:\/\/echta-derminga.de\/index.php?rest_route=\/wp\/v2\/media\/4642"}],"wp:attachment":[{"href":"https:\/\/echta-derminga.de\/index.php?rest_route=%2Fwp%2Fv2%2Fmedia&parent=4639"}],"wp:term":[{"taxonomy":"category","embeddable":true,"href":"https:\/\/echta-derminga.de\/index.php?rest_route=%2Fwp%2Fv2%2Fcategories&post=4639"},{"taxonomy":"post_tag","embeddable":true,"href":"https:\/\/echta-derminga.de\/index.php?rest_route=%2Fwp%2Fv2%2Ftags&post=4639"}],"curies":[{"name":"wp","href":"https:\/\/api.w.org\/{rel}","templated":true}]}}