{"id":466,"date":"2018-02-16T19:45:15","date_gmt":"2018-02-16T18:45:15","guid":{"rendered":"http:\/\/echta-derminga.de\/?p=466"},"modified":"2018-02-26T19:44:21","modified_gmt":"2018-02-26T18:44:21","slug":"dirminger-kulturecke-geschichte-des-bruehlparks","status":"publish","type":"post","link":"https:\/\/echta-derminga.de\/?p=466","title":{"rendered":"Dirminger Kulturecke &#8211; Geschichte des Br\u00fchlparks"},"content":{"rendered":"<div id=\"attachment_474\" style=\"width: 310px\" class=\"wp-caption alignleft\"><img loading=\"lazy\" decoding=\"async\" aria-describedby=\"caption-attachment-474\" class=\"wp-image-474 size-medium\" src=\"https:\/\/echta-derminga.de\/wp-content\/uploads\/2018\/02\/1-1-300x209.jpg\" alt=\"\" width=\"300\" height=\"209\" srcset=\"https:\/\/echta-derminga.de\/wp-content\/uploads\/2018\/02\/1-1-300x209.jpg 300w, https:\/\/echta-derminga.de\/wp-content\/uploads\/2018\/02\/1-1-768x536.jpg 768w, https:\/\/echta-derminga.de\/wp-content\/uploads\/2018\/02\/1-1-1024x715.jpg 1024w, https:\/\/echta-derminga.de\/wp-content\/uploads\/2018\/02\/1-1-676x472.jpg 676w, https:\/\/echta-derminga.de\/wp-content\/uploads\/2018\/02\/1-1.jpg 1137w\" sizes=\"auto, (max-width: 300px) 100vw, 300px\" \/><p id=\"caption-attachment-474\" class=\"wp-caption-text\">Schmuckst\u00fcck Br\u00fchlpark<\/p><\/div>\n<p><strong>Der Br\u00fchlpark, in der Dirminger Ortsmitte, hat sich vom Vorzeigemodell zum Sorgenkind entwickelt. In den 1990er Jahren wurde der Zweckverband Illrenaturierung gegr\u00fcndet. Viele Menschen in unserem Dorf verbanden mit dieser Gr\u00fcndung die Hoffnung, dass auch die Landschaft um die Ill und Alsbach in der Ortsmitte mehr Zuwendung erf\u00e4hrt. Das Ziel des Zweckverbandes Illrenaturierung war tats\u00e4chlich die Umgestaltung der Ill und ihrer Nebenb\u00e4che. Nachdem die\u00a0 Gemeinden Eppelborn, Illingen, Marpingen, Merchweiler, Tholey, die Stadt Lebach und Naturlandstiftung Saar den\u00a0Zweckverband Natura Ill-Theel gegr\u00fcndet hatten, hofften viele somit auch auf eine Aufwertung des Br\u00fchlparks.\u00a0 Durch die Arbeit des neuen Verbandes sollte u.a der\u00a0 Biber und viele andere verloren geglaubte Tierarten wieder angesiedelt werden. Zumindest dieser Plan ist aufgegangen. Der Biber ist mittlerweile wieder in unserem Illtal unterwegs. Sicherlich war die Gr\u00fcndung des Zweckverbandes Natura Ill-Theel ein gelungener Schachzug.\u00a0Im Jahr 1992 wurden die Ill und ihre Nebenb\u00e4che in ein F\u00f6rderprogramm des Bundes f\u00fcr gesamtstaatlich repr\u00e4sentative Naturschutzgro\u00dfvorhaben aufgenommen. Im Jahre 2009 erkl\u00e4rte der\u00a0Zweckverband Illrenaturierung seine T\u00e4tigkeit bezogen auf die Ill und ihre Nebenb\u00e4che f\u00fcr abgeschlossen. Fauna und Flora hatten sich bis dahin gut erholt. Der Natur, um den Zusammenflu\u00df an Ill und Alsbach, scheint es wieder gut zu gehen und doch lohnt sich ein Spaziergang durch den Dirminger Br\u00fchlpark nur bedingt.<\/strong><\/p>\n<p>Der Br\u00fchlpark in seiner heute noch erkennbaren Form wurde vom Heimat-und Verkehrsverein Dirmingen erbaut. Bis in die ganz fr\u00fchen 1970-ger Jahre befand sich der Sportplatz des SV Dirmingen im Br\u00fchlpark. Neben dem Fu\u00dfball wurde dort auch \u00fcber viele Jahre hinweg Feldhandball gespielt. Nach dem Bau der neuen Sportplatzanlage auf dem Belker beschloss man den fr\u00fcheren Sportplatz im \u201cBr\u00fchl\u201d in ein Freizeit-und Erholungspark umzubauen. Es wurde ein Kinderspielplatz angelegt, neuer Rasen und Blumen gepflanzt, B\u00e4nke und Lampen aufgestellt. Der Park erhielt ein tolles nat\u00fcrliches Ambiente. Nach einer eineinhalbj\u00e4hrigen Bauzeit wurde der Park am 30.08.1975 eingeweiht. Bis in die 1980- ger Jahre wurde der Park durch Festaktivit\u00e4ten wie z.B das &#8222;Dirminger Volksfest&#8220; oder das &#8222;Parkfest&#8220; genutzt. In den 1990-ger Jahren wurde die Anlage immer \u00f6fter von massiven Umweltverschmutzungen und Vandalismus in Mitleidenschaft gezogen. Noch\u00a0heute hat die Gemeinde und insbesondere die Bev\u00f6lkerung mit diesem Problem zu k\u00e4mpfen.<\/p>\n<p><strong>Nach der Jahrtausendwende wurden immer wieder Aktionen durchgef\u00fchrt um die Attraktivit\u00e4t des Parks zur\u00fcckzugewinnen. Der Dirminger Kulturvereins versuchte z.B\u00a0 neue Blumenbeete\u00a0anzulegen. Heute wird der &#8222;Park&#8220; l\u00e4ngst nicht mehr f\u00fcr Festaktivit\u00e4ten genutzt. Schade eigentlich. Das Gel\u00e4nde bietet grunds\u00e4tzlich wunderbare Voraussetzungen. Die Gro\u00df-Veranstaltungen unseres Dorfes wie z.B die \u201cDerminga Kerb\u201doder das \u201cDerminga Folxfeschd\u201d wurden auf den Marktplatz am Br\u00fchl, gleich neben dem Park, verlegt. In Dirmingen hat man sich mit der Situation arrangiert. Man nimmt es hin wie es ist und bedauert den uns\u00e4glichen Zustand des ehemaligen Schmuckst\u00fcckes. Die Sehnsucht nach einem sauberen und sch\u00f6n angelegten Br\u00fchlpark ist jedoch immer noch gegenw\u00e4rtig. Wie l\u00f6st man das Problem ? Selbst ist der Mann oder die Frau ! Zun\u00e4chst einmal m\u00fcsste jeder Einwohner mehr R\u00fccksicht auf den Br\u00fchlpark nehmen. Anschlie\u00dfend sollte man ein Programm aufstellen um den Park wieder zu sanieren. Woher nehmen wir jedoch das Geld f\u00fcr eine notwendige Sanierung ?<\/strong><\/p>\n<p><strong>Trotz seines miserablen Zustandes ist der Dirminger Br\u00fchlparks\u00a0 immer noch eine beliebte Anlaufstelle. Der Park ist ein Ort der Begegnung und der Erholung. Wenn man einen Spaziergang durch unseren Br\u00fchlpark macht sp\u00fcrt man noch heute den Zauber den diese Anlage einst ausstrahlte.<\/strong><\/p>\n\n\t\t<style type=\"text\/css\">\n\t\t\t#gallery-1 {\n\t\t\t\tmargin: auto;\n\t\t\t}\n\t\t\t#gallery-1 .gallery-item {\n\t\t\t\tfloat: left;\n\t\t\t\tmargin-top: 10px;\n\t\t\t\ttext-align: center;\n\t\t\t\twidth: 33%;\n\t\t\t}\n\t\t\t#gallery-1 img {\n\t\t\t\tborder: 2px solid #cfcfcf;\n\t\t\t}\n\t\t\t#gallery-1 .gallery-caption {\n\t\t\t\tmargin-left: 0;\n\t\t\t}\n\t\t\t\/* see gallery_shortcode() in wp-includes\/media.php *\/\n\t\t<\/style>\n\t\t<div id='gallery-1' class='gallery galleryid-466 gallery-columns-3 gallery-size-thumbnail'><dl class='gallery-item'>\n\t\t\t<dt class='gallery-icon landscape'>\n\t\t\t\t<a href='https:\/\/echta-derminga.de\/?attachment_id=476'><img loading=\"lazy\" decoding=\"async\" width=\"150\" height=\"150\" src=\"https:\/\/echta-derminga.de\/wp-content\/uploads\/2018\/02\/Br\u00fchl-2-150x150.jpg\" class=\"attachment-thumbnail size-thumbnail\" alt=\"\" aria-describedby=\"gallery-1-476\" \/><\/a>\n\t\t\t<\/dt>\n\t\t\t\t<dd class='wp-caption-text gallery-caption' id='gallery-1-476'>\n\t\t\t\tBr\u00fchl Sportplatz\n\t\t\t\t<\/dd><\/dl><dl class='gallery-item'>\n\t\t\t<dt class='gallery-icon landscape'>\n\t\t\t\t<a href='https:\/\/echta-derminga.de\/?attachment_id=477'><img loading=\"lazy\" decoding=\"async\" width=\"150\" height=\"150\" src=\"https:\/\/echta-derminga.de\/wp-content\/uploads\/2018\/02\/3-150x150.jpg\" class=\"attachment-thumbnail size-thumbnail\" alt=\"\" aria-describedby=\"gallery-1-477\" \/><\/a>\n\t\t\t<\/dt>\n\t\t\t\t<dd class='wp-caption-text gallery-caption' id='gallery-1-477'>\n\t\t\t\tBr\u00fchl Minigolf\n\t\t\t\t<\/dd><\/dl><dl class='gallery-item'>\n\t\t\t<dt class='gallery-icon landscape'>\n\t\t\t\t<a href='https:\/\/echta-derminga.de\/?attachment_id=478'><img loading=\"lazy\" decoding=\"async\" width=\"150\" height=\"150\" src=\"https:\/\/echta-derminga.de\/wp-content\/uploads\/2018\/02\/210-150x150.jpg\" class=\"attachment-thumbnail size-thumbnail\" alt=\"\" aria-describedby=\"gallery-1-478\" \/><\/a>\n\t\t\t<\/dt>\n\t\t\t\t<dd class='wp-caption-text gallery-caption' id='gallery-1-478'>\n\t\t\t\tBr\u00fchl Heute\n\t\t\t\t<\/dd><\/dl><br style=\"clear: both\" \/>\n\t\t<\/div>\n\n<p>&nbsp;<\/p>\n","protected":false},"excerpt":{"rendered":"<p>Der Br\u00fchlpark, in der Dirminger Ortsmitte, hat sich vom Vorzeigemodell zum Sorgenkind entwickelt. In den 1990er Jahren wurde der Zweckverband Illrenaturierung gegr\u00fcndet. Viele Menschen in unserem Dorf verbanden mit dieser Gr\u00fcndung die Hoffnung, dass auch die Landschaft um die Ill und Alsbach in der Ortsmitte mehr Zuwendung erf\u00e4hrt. Das Ziel des Zweckverbandes Illrenaturierung war tats\u00e4chlich die Umgestaltung der Ill und<\/p>\n","protected":false},"author":1,"featured_media":478,"comment_status":"closed","ping_status":"closed","sticky":false,"template":"","format":"standard","meta":{"_crdt_document":"","footnotes":""},"categories":[2],"tags":[52,56,25,55,6,54,53],"class_list":["post-466","post","type-post","status-publish","format-standard","has-post-thumbnail","hentry","category-kulturecke","tag-bruehlpark","tag-feldhandball","tag-fussball","tag-illrentaurierung","tag-sportplatz","tag-vandalismus","tag-volksfest"],"_links":{"self":[{"href":"https:\/\/echta-derminga.de\/index.php?rest_route=\/wp\/v2\/posts\/466","targetHints":{"allow":["GET"]}}],"collection":[{"href":"https:\/\/echta-derminga.de\/index.php?rest_route=\/wp\/v2\/posts"}],"about":[{"href":"https:\/\/echta-derminga.de\/index.php?rest_route=\/wp\/v2\/types\/post"}],"author":[{"embeddable":true,"href":"https:\/\/echta-derminga.de\/index.php?rest_route=\/wp\/v2\/users\/1"}],"replies":[{"embeddable":true,"href":"https:\/\/echta-derminga.de\/index.php?rest_route=%2Fwp%2Fv2%2Fcomments&post=466"}],"version-history":[{"count":12,"href":"https:\/\/echta-derminga.de\/index.php?rest_route=\/wp\/v2\/posts\/466\/revisions"}],"predecessor-version":[{"id":489,"href":"https:\/\/echta-derminga.de\/index.php?rest_route=\/wp\/v2\/posts\/466\/revisions\/489"}],"wp:featuredmedia":[{"embeddable":true,"href":"https:\/\/echta-derminga.de\/index.php?rest_route=\/wp\/v2\/media\/478"}],"wp:attachment":[{"href":"https:\/\/echta-derminga.de\/index.php?rest_route=%2Fwp%2Fv2%2Fmedia&parent=466"}],"wp:term":[{"taxonomy":"category","embeddable":true,"href":"https:\/\/echta-derminga.de\/index.php?rest_route=%2Fwp%2Fv2%2Fcategories&post=466"},{"taxonomy":"post_tag","embeddable":true,"href":"https:\/\/echta-derminga.de\/index.php?rest_route=%2Fwp%2Fv2%2Ftags&post=466"}],"curies":[{"name":"wp","href":"https:\/\/api.w.org\/{rel}","templated":true}]}}