{"id":4867,"date":"2019-11-13T13:16:23","date_gmt":"2019-11-13T12:16:23","guid":{"rendered":"http:\/\/echta-derminga.de\/?p=4867"},"modified":"2019-11-13T13:42:49","modified_gmt":"2019-11-13T12:42:49","slug":"neuer-dirminger-verbrauchermarkt-von-visionen-plaenen-angeblicher-blockadehaltung-und-einer-guten-nachricht","status":"publish","type":"post","link":"https:\/\/echta-derminga.de\/?p=4867","title":{"rendered":"Neuer Dirminger Verbrauchermarkt \u2013 Von Visionen, Pl\u00e4nen, angeblicher Blockadehaltung und einer guten Nachricht"},"content":{"rendered":"\n<p class=\"wp-block-paragraph\" style=\"font-size:18px\"><strong>Die Politik ist schmutzig und nichts f\u00fcr zarte Gem\u00fcter. In allen Parteien gibt es gute und weniger gute Leute. Das Ganze geht runter bis in die Kommunalpolitik. Nat\u00fcrlich gibt es auch auf dem Land Politiker, die ihre Arbeit nur deshalb verrichten, weil sie sich dadurch Vorteile erhoffen. Bessere Positionen, neue Jobs oder gute Mandate mit hohen Di\u00e4ten. Ich weigere mich nach wie vor zu glauben, dass irgendein Mitglied eines Orts- oder Gemeinderates aus politischen Gr\u00fcnden eine Blockadehaltung einnehmen und seinem Dorf damit absichtlich schaden k\u00f6nnte. Man sollte jedem Menschen, der ein kommunalpolitisches Ehrenamt ausf\u00fchrt, zutrauen, dass er dieses mit Herzblut zum Wohle seiner Heimat aus\u00fcbt. Wenn mein Gegen\u00fcber anderer Meinung ist, geh\u00f6rt es zum demokratischen Verst\u00e4ndnis dies zu akzeptieren und dar\u00fcber zu reden. Auch das aktuelle Thema Nahversorgung macht deutlich, dass es doch einen Grund geben muss warum Menschen Zweifel in sich tragen und diese \u00e4u\u00dfern. Daraufhin von Blockade zu reden ist nicht fair und v\u00f6llig unangebracht. Es gibt immer eine andere Seite der Medaille. Auch ich bin lange Zeit meinen politischen Mitbewerber aus dem Dorf nicht immer fair gegen\u00fcbergetreten. Ich bin kein Heiliger und schon gar kein Kind der Traurigkeit. Ich wei\u00df sehr wohl, dass ich mich gerade vor dem Kita Neubau nicht mit verbalem Ruhm bekleckert und reichlich ausgeteilt habe. Sicherlich gibt es da drau\u00dfen Menschen oder sogar Leser, die ich auf meinem Weg verletzt habe. Wo gehobelt wird fallen Sp\u00e4ne und die Liste derer bei denen ich mich eigentlich mal entschuldigen m\u00fcsste, ist alles andere als kurz. Gerade zu Beginn meiner T\u00e4tigkeit in der Kommunalpolitik bin ich oft \u00fcbers Ziel geschossen. Damals habe ich nach jedem getreten der nicht meine Meinung vertrat. Aus meinen Fehlern habe ich gelernt und im Laufe der Jahre entstand so etwas wie ein stilles Abkommen mit unserem politischen Mitbewerber. Ich glaube das war die richtige Entscheidung. Warum sollte ich mit jemandem streiten, der f\u00fcr sein Dorf k\u00e4mpft und unsere gemeinsamen Farben vertritt. Ich glaube heute ganz fest, dass die Menschen diese politischen Machtspiele nicht mehr wollen. Gef\u00e4hrlich wird es, wenn die Sicht undeutlich wird und man zu viel durch die Parteibrille schaut. In den letzten Tagen erlebe ich es immer wieder das Grenzen durchbrochen werden und harte Kritik durchdringt. OK, als Politiker muss man das aushalten. Der \u00f6ffentliche Angriff macht jedoch traurig und nachdenklich. Ich hatte gehofft, dass es gerade in Dirmingen auch anderes gehen w\u00fcrde und die schlimmsten Zeiten vorbei sind. Ich glaube mit politischen Possenspielen tun wir den Menschen im Dorf keinen gefallen.<\/strong><\/p>\n\n\n\n<div class=\"wp-block-image\"><figure class=\"aligncenter size-large\"><img loading=\"lazy\" decoding=\"async\" width=\"644\" height=\"422\" src=\"https:\/\/echta-derminga.de\/wp-content\/uploads\/2019\/11\/Blog-1-644x422.jpg\" alt=\"\" class=\"wp-image-4871\" srcset=\"https:\/\/echta-derminga.de\/wp-content\/uploads\/2019\/11\/Blog-1-644x422.jpg 644w, https:\/\/echta-derminga.de\/wp-content\/uploads\/2019\/11\/Blog-1-300x197.jpg 300w, https:\/\/echta-derminga.de\/wp-content\/uploads\/2019\/11\/Blog-1-768x503.jpg 768w, https:\/\/echta-derminga.de\/wp-content\/uploads\/2019\/11\/Blog-1.jpg 800w\" sizes=\"auto, (max-width: 644px) 100vw, 644px\" \/><\/figure><\/div>\n\n\n\n<p class=\"wp-block-paragraph\" style=\"font-size:18px\">Manchmal fehlt es uns an Selbsteinsch\u00e4tzung. Wenn man sich\neinmal anschaut, was beispielsweise ein Ortsrat heute noch entscheiden darf, wird\nman nachdenklich. Bestenfalls werden die Mandatstr\u00e4ger des Ortsrates noch\nangeh\u00f6rt und nach ihrer Meinung gefragt. Von eigenen Entscheidungen f\u00fcr das\nDorf keine Spur. Im Gemeinderat sieht das schon etwas anders aus. Hier bin ich\nfelsenfest davon \u00fcberzeugt, dass es schon nicht mehr nur noch um die Liebe zur\nHeimat geht. Dort wo Geld eine Rolle spielt und Positionen vergeben werden wird\nes meistens schmutzig.<\/p>\n\n\n\n<p class=\"wp-block-paragraph\" style=\"font-size:18px\"><strong>Die Kommunalpolitik hat es nicht leicht. Schlechte Zeiten f\u00fcr Politiker! Gerade meine Partei durchgeht ein Tal der Tr\u00e4nen. Wenn es jedoch darum geht die eigenen Errungenschaften in Szene zu setzen schenkt sich keiner etwas. Es wird gepostet, geschrieben, fotografiert und behauptet was das Zeug h\u00e4lt. Ich und meine Leute bilden keine Ausnahme. So geht das Gesch\u00e4ft, klappern geh\u00f6rt zum Handwerk und nur wer schreibt, bleibt. Ich merke jedoch immer mehr, dass ich den Boden unter den F\u00fc\u00dfen verliere und ertappe mich immer \u00f6fter dabei meine Position zu hinterfragen. Machen wir uns alle nicht zu viel vor? Wenn wir ehrlich sind hat uns der W\u00e4hler doch l\u00e4ngst durchschaut. Wenn ich es nicht schaffe ein Problem meines Mitb\u00fcrgers zu beseitigen, wird eben der politische Mitbewerber kontaktiert und beauftragt. So geht das Gesch\u00e4ft und nur die harten kommen in den Garten. Wenn es nun darum geht unsere eigenen politischen Erfolge zu vermarkten ist die Balance zwischen Realit\u00e4t und Gr\u00f6\u00dfenwahn sehr schwer einzuhalten.<\/strong><\/p>\n\n\n\n<p class=\"wp-block-paragraph\" style=\"font-size:18px\">Wer hat\u2018s erfunden und wer hat es gemacht? Alle Parteien\nst\u00fcrzen sich nun auf das Thema Neubau eines Verbrauchermarktes. Jeder nimmt f\u00fcr\nsich in Anspruch, dass er die treibende Kraft sei und den wichtigsten Akzent\ngesetzt hat. Es stimmt, unser neuer B\u00fcrgermeister hat das Angebot eines\nProjektleiters angenommen und den Stein ins Rollen gebracht. Daf\u00fcr kann aber\nkeine Partei und schon gar kein politischer Ortsverein etwas. Bestenfalls der Gemeinderat\ndarf sich irgendwann einmal mit Federn schm\u00fccken. Also um was geht es uns\neigentlich und was machen wir den Menschen da drau\u00dfen vor? Stimmt, die\nDiskussion um den Neubau eines Netto-Martes geht schon viel zu lange und mit\nSicherheit wurden in der Vergangenheit auch Fehler gemacht. Dabei kann jedes\nz\u00f6gern schonmal ein Fehler gewesen sein.<\/p>\n\n\n\n<p class=\"wp-block-paragraph\" style=\"font-size:18px\"><strong>Fakt ist: Wenn es keine Grundst\u00fccke, keinen Projektleiter sowie kein Interesse des Netto-Marktes gegeben h\u00e4tte, w\u00fcrden wir alle nichts ausrichten k\u00f6nnen. Keine Partei kann Leute zwingen ein Gewerbe zu er\u00f6ffnen oder Grundst\u00fccke zu verkaufen. Stimmt, man muss die Zeichen der Zeit erkennen und wissen wof\u00fcr und wie lange es sich lohnt zu k\u00e4mpfen. Als Kommunalpolitiker darf man doch wohl noch tr\u00e4umen d\u00fcrfen, oder? Was ist daran falsch sich Gedanken zu machen und Pl\u00e4ne zu schmieden? Hat man sich schonmal \u00fcberlegt warum der Ortsrat zun\u00e4chst den Bau des Netto-Marktes in dieser Form abgelehnt hat? Daf\u00fcr muss es doch Gr\u00fcnde gegeben haben? Keiner von uns hat etwas gegen den Neubau eines Nahversorgers. Soweit ich das beurteilen kann sind wir doch alle noch recht bei Sinnen! Am Ende muss man jedoch wissen, ob es sich noch lohnt an Tr\u00e4umen festzuhalten oder es vielmehr besser ist zum Wohl der Allgemeinheit einen Kompromiss einzugehen. Das alles hat nichts mit Blockadehaltung zu tun, sondern vielmehr mit Mitsprache und Mitentscheidung. Genau daf\u00fcr haben uns die Menschen doch gew\u00e4hlt. &nbsp;Bei der ersten Entscheidung des Ortsrates standen aus unserer Sicht noch zu viele Fragen offen. Ehrlich gesagt hat sich das nur unwesentlich ver\u00e4ndert. Um Vorw\u00e4rts zu kommen muss man jedoch auch mal bereit sein, die eigenen W\u00fcnsche hintenanzustellen. W\u00fcrden wir das nicht tun, k\u00f6nnte man zurecht von einer Blockadehaltung sprechen. Fakt ist: Am Ende fiel die Entscheidung im Ortsrat genauso einstimmig aus wie im Gemeinderat. Blockade sieht anders aus!<\/strong><\/p>\n\n\n\n<div class=\"wp-block-image\"><figure class=\"aligncenter size-large\"><img loading=\"lazy\" decoding=\"async\" width=\"644\" height=\"483\" src=\"https:\/\/echta-derminga.de\/wp-content\/uploads\/2019\/11\/Blog-2-644x483.jpg\" alt=\"\" class=\"wp-image-4872\" srcset=\"https:\/\/echta-derminga.de\/wp-content\/uploads\/2019\/11\/Blog-2-644x483.jpg 644w, https:\/\/echta-derminga.de\/wp-content\/uploads\/2019\/11\/Blog-2-300x225.jpg 300w, https:\/\/echta-derminga.de\/wp-content\/uploads\/2019\/11\/Blog-2-768x576.jpg 768w, https:\/\/echta-derminga.de\/wp-content\/uploads\/2019\/11\/Blog-2.jpg 800w\" sizes=\"auto, (max-width: 644px) 100vw, 644px\" \/><\/figure><\/div>\n\n\n\n<p class=\"wp-block-paragraph\" style=\"font-size:18px\">Das einzige was wir nun machen m\u00fcssen ist gemeinsam die Planung, mit seinen Formen, bis hin zum Neubau zu begleiten und die notwendigen Beschl\u00fcsse zu fassen. In diesem Punkt sollte der Ortsrat auch zuk\u00fcnftig geschlossen zusammenstehen. Genau das erwarten die Menschen von uns! Dabei ist es wenig hilfreich die vorhandenen Probleme zu ignorieren. Ein Schulterschluss w\u00e4re im Sinne der Bev\u00f6lkerung. Ob es dazu kommt bleibt abzuwarten. Ich frage mich wie man \u00fcberhaupt davon ausgehen kann, einem Kommunalpolitiker einfach nur so, eine Blockadehaltung zu unterstellen. Ich muss zugegeben, dass diese Aussage mich m\u00e4chtig \u00e4rgerte. Ich finde diesen Vorwurf absurd! Ist es nicht vielmehr unsere Pflicht Dinge zu hinterfragen ?Ich pers\u00f6nlich mache Politik nur f\u00fcr die Menschen in meinem Dorf. Meine Partei steht dabei hinten an. Ich glaube von Tag zu Tag immer mehr daran, dass Freundschaft, Bekanntschaft und eine gemeinsame Heimatliebe wichtiger als jedes politische Interesse sind. Nat\u00fcrlich ist ein politisches Verhalten legitim. Jeder wie er will! Meins ist es jedoch nicht mehr oder vielmehr, wird es immer weniger! Beim Neubau eines Verbrauchermarktes m\u00fcssen wir die Menschen mitnehmen. Aus diesem Grunde bef\u00fcrworte ich eine B\u00fcrgerversammlung, in der die Menschen alle notwendigen Informationen erhalten.<\/p>\n\n\n\n<p class=\"wp-block-paragraph\" style=\"font-size:18px\">Es stimmt: Der Weg hin zu dem Neubau eines Netto-Marktes war nicht immer eben. Ich selbst musste mir so einiges anh\u00f6ren und f\u00fchle mich noch heute missverstanden. Mir pers\u00f6nlich ging es niemals darum etwas zu verhindern, sondern vielmehr zu schauen was man vielleicht besser machen kann. In der letzten Ortsratssitzung bekam ich mal wieder mein Fett weg. Ich kann damit umgehen und stecke das weg. Ich hoffe nur, dass die Menschen mit dem nun eingeschlagenen Weg zufrieden sind und am Ende damit leben k\u00f6nnen. Es ist gut und richtig das wir nun einen Verbrauchermarkt bekommen! Die Menschen warten schon viel zu lange auf einen Nahversorger. Bei aller Freude d\u00fcrfen wir jedoch die Sanierung der Ortsmitte, die Schaffung von Wohnraum und die Beseitigung von vorhandenen Leerst\u00e4nden nicht vergessen. Auch nach diesem Neubau wird es immer noch keine R\u00e4umlichkeit geben, in der die Menschen zusammenkommen oder feiern k\u00f6nnen. Mal sehen vielleicht \u00f6ffnen sich jedoch mit dem Neubau des Marktes neue T\u00fcren. Ich w\u00fcrde das begr\u00fc\u00dfen! <strong>Die Frage nach neuem Wohnraum ist gegenw\u00e4rtig und hochaktuell. Wie gelingt es uns Menschen nach Dirmingen zu locken ? Wie machen wir unsere Heimat f\u00fcr junge Menschen interessant ? Wohnraum ist wichtig! Nat\u00fcrlich wird unser Heimatort durch den neuen Verbrauchermarkt ein St\u00fcck-weit aufgewertet. Neben dem Verbrauchermarkt muss, in naher Zukunft, mehr Wohnraum entstehen. Soviel vorweg, wir sind dran und bem\u00fchen uns um gute L\u00f6sungen.  <\/strong><\/p>\n\n\n\n<div class=\"wp-block-image\"><figure class=\"aligncenter size-large\"><img loading=\"lazy\" decoding=\"async\" width=\"644\" height=\"483\" src=\"https:\/\/echta-derminga.de\/wp-content\/uploads\/2019\/11\/Blogi-3-644x483.jpg\" alt=\"\" class=\"wp-image-4873\" srcset=\"https:\/\/echta-derminga.de\/wp-content\/uploads\/2019\/11\/Blogi-3-644x483.jpg 644w, https:\/\/echta-derminga.de\/wp-content\/uploads\/2019\/11\/Blogi-3-300x225.jpg 300w, https:\/\/echta-derminga.de\/wp-content\/uploads\/2019\/11\/Blogi-3-768x576.jpg 768w, https:\/\/echta-derminga.de\/wp-content\/uploads\/2019\/11\/Blogi-3.jpg 800w\" sizes=\"auto, (max-width: 644px) 100vw, 644px\" \/><\/figure><\/div>\n\n\n\n<p class=\"wp-block-paragraph\" style=\"font-size:18px\"><strong>In diesem Zusammenhang noch eine gute Nachricht am Ende meines Beitrags: \u00a0Die Firma Cham Saar GmbH wird im Dezember in Dirmingen eine Zweigstelle, der in Wustweiler vorhandenen Niederlassung er\u00f6ffnen. Die Cham Saar GmbH stellt K\u00e4se und Milchprodukte her und vertreibt diese Waren bereits seit Jahren in gro\u00dfen Gesch\u00e4ften. In den nun gemieteten und sanierten R\u00e4umen befand sich fr\u00fcher einmal die ASKO Filiale. Wie man h\u00f6rt sollen neben den selbst hergestellten K\u00e4sespezialit\u00e4ten auch Fleisch, Obst- und Gem\u00fcse, internationale Lebensmittel, Getr\u00e4nke und Geschenkartikel verkauft werden. Der Gesch\u00e4ftsinhaber legt dabei, laut eigener Aussage, viel Wert auf frische Produkte aus unserer Region. Ich finde auch diese Neuer\u00f6ffnung wertet unseren Heimatort auf und verbessert die vorhandene Infrastruktur.<\/strong><\/p>\n","protected":false},"excerpt":{"rendered":"<p>Die Politik ist schmutzig und nichts f\u00fcr zarte Gem\u00fcter. In allen Parteien gibt es gute und weniger gute Leute. Das Ganze geht runter bis in die Kommunalpolitik. Nat\u00fcrlich gibt es auch auf dem Land Politiker, die ihre Arbeit nur deshalb verrichten, weil sie sich dadurch Vorteile erhoffen. Bessere Positionen, neue Jobs oder gute Mandate mit hohen Di\u00e4ten. Ich weigere mich<\/p>\n","protected":false},"author":1,"featured_media":4870,"comment_status":"open","ping_status":"closed","sticky":false,"template":"","format":"standard","meta":{"_crdt_document":"","footnotes":""},"categories":[1,9],"tags":[5,618,121,753,166,752],"class_list":["post-4867","post","type-post","status-publish","format-standard","has-post-thumbnail","hentry","category-allgemein","category-dorfgetratsche","tag-dirmingen","tag-gemeinde-eppelborn","tag-kommunalpolitik","tag-netto","tag-ortsmitte","tag-verbrauchermarkt"],"_links":{"self":[{"href":"https:\/\/echta-derminga.de\/index.php?rest_route=\/wp\/v2\/posts\/4867","targetHints":{"allow":["GET"]}}],"collection":[{"href":"https:\/\/echta-derminga.de\/index.php?rest_route=\/wp\/v2\/posts"}],"about":[{"href":"https:\/\/echta-derminga.de\/index.php?rest_route=\/wp\/v2\/types\/post"}],"author":[{"embeddable":true,"href":"https:\/\/echta-derminga.de\/index.php?rest_route=\/wp\/v2\/users\/1"}],"replies":[{"embeddable":true,"href":"https:\/\/echta-derminga.de\/index.php?rest_route=%2Fwp%2Fv2%2Fcomments&post=4867"}],"version-history":[{"count":25,"href":"https:\/\/echta-derminga.de\/index.php?rest_route=\/wp\/v2\/posts\/4867\/revisions"}],"predecessor-version":[{"id":4896,"href":"https:\/\/echta-derminga.de\/index.php?rest_route=\/wp\/v2\/posts\/4867\/revisions\/4896"}],"wp:featuredmedia":[{"embeddable":true,"href":"https:\/\/echta-derminga.de\/index.php?rest_route=\/wp\/v2\/media\/4870"}],"wp:attachment":[{"href":"https:\/\/echta-derminga.de\/index.php?rest_route=%2Fwp%2Fv2%2Fmedia&parent=4867"}],"wp:term":[{"taxonomy":"category","embeddable":true,"href":"https:\/\/echta-derminga.de\/index.php?rest_route=%2Fwp%2Fv2%2Fcategories&post=4867"},{"taxonomy":"post_tag","embeddable":true,"href":"https:\/\/echta-derminga.de\/index.php?rest_route=%2Fwp%2Fv2%2Ftags&post=4867"}],"curies":[{"name":"wp","href":"https:\/\/api.w.org\/{rel}","templated":true}]}}