{"id":4897,"date":"2019-11-18T19:23:45","date_gmt":"2019-11-18T18:23:45","guid":{"rendered":"http:\/\/echta-derminga.de\/?p=4897"},"modified":"2019-11-18T22:04:01","modified_gmt":"2019-11-18T21:04:01","slug":"20-jahre-danach-was-ist-geblieben-erinnerung-an-die-meisterschaft-unseres-lebens","status":"publish","type":"post","link":"https:\/\/echta-derminga.de\/?p=4897","title":{"rendered":"20 Jahre danach! Was ist geblieben? \u2013 Erinnerung an die Meisterschaft unseres Lebens!"},"content":{"rendered":"\n<blockquote class=\"wp-block-quote is-layout-flow wp-block-quote-is-layout-flow\"><p><strong>\u201eDies ist nicht die richtige Zeit f\u00fcr Fragen, und auch nicht die richtige Zeit f\u00fcr Tr\u00e4nen. Dies ist nicht die Zeit zu schlafen, jetzt wo wir gerade k\u00e4mpfen, und dies ist nicht die Zeit zu sterben.\u201c<\/strong><\/p><cite><strong> &#8222;Time to Wonder&#8220;- Fury in the Slaughterhouse &#8211; (Inoffizielle Meisterhymne)<\/strong><\/cite><\/blockquote>\n\n\n\n<div class=\"wp-block-image\"><figure class=\"aligncenter size-large\"><img loading=\"lazy\" decoding=\"async\" width=\"644\" height=\"387\" src=\"https:\/\/echta-derminga.de\/wp-content\/uploads\/2019\/11\/00-644x387.jpeg\" alt=\"\" class=\"wp-image-4901\" srcset=\"https:\/\/echta-derminga.de\/wp-content\/uploads\/2019\/11\/00-644x387.jpeg 644w, https:\/\/echta-derminga.de\/wp-content\/uploads\/2019\/11\/00-300x180.jpeg 300w, https:\/\/echta-derminga.de\/wp-content\/uploads\/2019\/11\/00-768x461.jpeg 768w, https:\/\/echta-derminga.de\/wp-content\/uploads\/2019\/11\/00.jpeg 1081w\" sizes=\"auto, (max-width: 644px) 100vw, 644px\" \/><\/figure><\/div>\n\n\n\n<p class=\"wp-block-paragraph\" style=\"font-size:18px\"><strong>Die Zeit vergeht. Ich hatte es schon \u00fcberhaupt nicht mehr auf dem Schirm. Ist das wirklich schon 20 Jahre her? Im Jahre 1999 wurde der SV Dirmingen Meister der Kreisliga Ill\/Theel und stieg am Ende der Saison in die Bezirksliga Nord auf. Nach sage und schreibe 35 Jahre gelang es dem Verein damals endlich wieder einen Titelgewinn zu feiern. Ich durfte damals Teil dieser gro\u00dfartigen Mannschaft sein, wobei ich als Erg\u00e4nzungsspieler nicht zur Stammelf geh\u00f6rte und am Ende der Saison lediglich auf mehrere Eins\u00e4tze zur\u00fcckblicken durfte. Dennoch war es eine gro\u00dfartige Zeit mit vielen sch\u00f6nen und emotionalen Momenten. Ich erinnere mich daran, dass wir in den beiden Jahren vor diesem Titelgewinn die Meisterschaft mit unserer zweiten Mannschaft feiern durften. Auch diese Erfolge bleiben mir bis heute in bester Erinnerung. Im Sommer dieses Jahres hatte Mannschaftskamerad Guido Spaniol und SVD Urgestein Thomas Kr\u00f6ner die Idee zu einem Jubil\u00e4umstreffen im SVD-Sportheim. Unterst\u00fctzt wurden Sie bei ihrem Vorhaben von Thomas Bost und unserem SVD Vorsitzenden Bj\u00f6rn Krabbe. Die meisten Mannschaftskameraden nahmen die Einladung zu diesem Treffen dankbar an und erlebten einen sch\u00f6nen Abend.<\/strong><\/p>\n\n\n\n<div class=\"wp-block-image\"><figure class=\"aligncenter size-large\"><img loading=\"lazy\" decoding=\"async\" width=\"644\" height=\"386\" src=\"https:\/\/echta-derminga.de\/wp-content\/uploads\/2019\/11\/22-644x386.jpeg\" alt=\"\" class=\"wp-image-4904\" srcset=\"https:\/\/echta-derminga.de\/wp-content\/uploads\/2019\/11\/22-644x386.jpeg 644w, https:\/\/echta-derminga.de\/wp-content\/uploads\/2019\/11\/22-300x180.jpeg 300w, https:\/\/echta-derminga.de\/wp-content\/uploads\/2019\/11\/22-768x460.jpeg 768w, https:\/\/echta-derminga.de\/wp-content\/uploads\/2019\/11\/22.jpeg 918w\" sizes=\"auto, (max-width: 644px) 100vw, 644px\" \/><\/figure><\/div>\n\n\n\n<p class=\"wp-block-paragraph\" style=\"font-size:18px\">Schon kurz nach der Ankunft im Sportheim war es eigentlich wie immer. Klar, wir sind \u00e4lter geworden und bestimmt auch ein paar Gramm schwerer wie fr\u00fcher. Nicht mehr viel \u00fcbrig von der Leichtigkeit des Seins und dem Spa\u00df nach der Jagd auf das runde Leder. Dennoch war es irgendwie wie immer, es war wie fr\u00fcher. Man kennt und sch\u00e4tzt sich und auch wenn man sich im Laufe der Jahre aus den Augen verloren hat, wei\u00df man genau wie der andere tickt. Schon nach wenigen Sekunden wurde in Erinnerungen geschwelgt und Geschichten ausgetauscht. Viele dieser Geschichten kamen erst beim Erz\u00e4hlen wieder in Erinnerung. Eine Meisterschaft feiert man, wenn man nicht gerade zum FC Bayern M\u00fcnchen geh\u00f6rt, nicht allzu oft in seinem Leben. F\u00fcr viele Fu\u00dfballer ist die Anzahl einer errungenen Meisterschaft \u00fcberschaubar. Zum Titelgewinn geh\u00f6rt auch ein einwandfreies Umfeld. Aus diesem Grunde wurden zur Jubil\u00e4umsfeier am 16. November auch Fans, G\u00f6nner und Freunde eingeladen. Manche Weggef\u00e4hrten sind bereits verstorben und hinterlie\u00dfen eine gro\u00dfe L\u00fccke in unserem Leben. <\/p>\n\n\n\n<div class=\"wp-block-image\"><figure class=\"aligncenter size-large\"><img loading=\"lazy\" decoding=\"async\" width=\"644\" height=\"446\" src=\"https:\/\/echta-derminga.de\/wp-content\/uploads\/2019\/11\/33-644x446.jpeg\" alt=\"\" class=\"wp-image-4906\" srcset=\"https:\/\/echta-derminga.de\/wp-content\/uploads\/2019\/11\/33-644x446.jpeg 644w, https:\/\/echta-derminga.de\/wp-content\/uploads\/2019\/11\/33-300x208.jpeg 300w, https:\/\/echta-derminga.de\/wp-content\/uploads\/2019\/11\/33-768x532.jpeg 768w, https:\/\/echta-derminga.de\/wp-content\/uploads\/2019\/11\/33.jpeg 1029w\" sizes=\"auto, (max-width: 644px) 100vw, 644px\" \/><\/figure><\/div>\n\n\n\n<p class=\"wp-block-paragraph\" style=\"font-size:18px\"><strong>Mannschaftskamerad Thomas Bost hielt, auch in Funktion seiner T\u00e4tigkeit als Vorsitzender des F\u00f6rderkreises, eine charmante, witzige und emotionale Rede. Gebannt lauschten wir seinen Worten und gerieten beim Zuh\u00f6ren einmal ins schmunzeln und dann wieder ins Gr\u00fcbeln. Viel zu schnell verging die Zeit. Viele Freunde und Weggef\u00e4hrten waren gekommen &#8211; Viele, aber nicht alle! Schade, manch einer hatte keine Lust auf ein Wiedersehen und wiederum andere hatten bereits andere Termine zugesagt. Diejenigen die gekommen waren erlebten eine echte Zeitreise mit vielen guten Gespr\u00e4chen und alten Liedern. Sch\u00f6n war\u2019s!<\/strong><\/p>\n\n\n\n<div class=\"wp-block-image\"><figure class=\"aligncenter size-large\"><img loading=\"lazy\" decoding=\"async\" width=\"644\" height=\"483\" src=\"https:\/\/echta-derminga.de\/wp-content\/uploads\/2019\/11\/44-644x483.jpg\" alt=\"\" class=\"wp-image-4908\" srcset=\"https:\/\/echta-derminga.de\/wp-content\/uploads\/2019\/11\/44-644x483.jpg 644w, https:\/\/echta-derminga.de\/wp-content\/uploads\/2019\/11\/44-300x225.jpg 300w, https:\/\/echta-derminga.de\/wp-content\/uploads\/2019\/11\/44-768x576.jpg 768w, https:\/\/echta-derminga.de\/wp-content\/uploads\/2019\/11\/44.jpg 800w\" sizes=\"auto, (max-width: 644px) 100vw, 644px\" \/><\/figure><\/div>\n\n\n\n<p class=\"wp-block-paragraph\" style=\"font-size:18px\">20.Jahre danach! Was ist geblieben von dieser Meisterschaft? Zugegebenerma\u00dfen feierte der SV Dirmingen auch danach noch so einige Meisterschaften und wird bestimmt auch in Zukunft wieder erfolgreich sein. Was bleibt also von genau diesem \u201eeinen\u201c Titelgewinn? Ich glaube am Ende wird jeder seine ureigene Erinnerung im Herzen tragen. Letztlich war es der Sieg \u00fcber sich selbst und \u00fcber die gro\u00dfen Entt\u00e4uschungen der vorausgegangenen Jahre ohne Titelgewinn. Wir wollten genau diese Meisterschaft und endlich den Aufstieg in die Bezirksliga feiern. Der Vereine hatte sich nach diesem Erfolg gesehnt und alles daf\u00fcr gegeben. Aus dem Schwung dieses Aufstieges sollte ein neues Stadion mit einem Naturrasenplatz entstehen. Die Zukunft war genau geplant und der Druck auf unser Team war enorm gro\u00df. Zudem gab es mit dem SV Welschbach und der TSV Sotzweiler\/Bergweiler eine starke Konkurrenz.&nbsp; <\/p>\n\n\n\n<div class=\"wp-block-image\"><figure class=\"aligncenter size-large\"><img loading=\"lazy\" decoding=\"async\" width=\"644\" height=\"483\" src=\"https:\/\/echta-derminga.de\/wp-content\/uploads\/2019\/11\/55-644x483.jpg\" alt=\"\" class=\"wp-image-4909\" srcset=\"https:\/\/echta-derminga.de\/wp-content\/uploads\/2019\/11\/55-644x483.jpg 644w, https:\/\/echta-derminga.de\/wp-content\/uploads\/2019\/11\/55-300x225.jpg 300w, https:\/\/echta-derminga.de\/wp-content\/uploads\/2019\/11\/55-768x576.jpg 768w, https:\/\/echta-derminga.de\/wp-content\/uploads\/2019\/11\/55.jpg 800w\" sizes=\"auto, (max-width: 644px) 100vw, 644px\" \/><\/figure><\/div>\n\n\n\n<p class=\"wp-block-paragraph\" style=\"font-size:18px\"><strong>Am Ende hat es gereicht, wobei dieser Erfolg viele V\u00e4ter hatte. Zum einen profitierten wir von gro\u00dfartigen Einzelspielern und von einem hervorragenden Trainer Thomas Recktenwald. Zum anderen bildete der Verein eine beeindruckende Einheit. Zusammenhalt, Ehrgeiz und Willensst\u00e4rke waren am Ende Wegbereiter f\u00fcr diese Meisterschaft. Ich erinnere mich, dass wir nach jedem Spiel und sogar nach jedem Training im SVD Sportheim die Nacht zum Tag machten. Es wurde gefeiert, getanzt, gesungen und gelacht bis zum Morgengrauen. Heute hingegen haben viele Vereine schon ein Problem damit ihre Spieler \u00fcberhaupt noch zu motivieren das eigene Sportheim zu besuchen. Heute geh\u00f6rt es zum Alltag, dass Spieler nach dem Wettkampf ins Auto steigen und heimfahren. Fr\u00fcher h\u00e4tte es daf\u00fcr eines auf die Nase gegeben. Ich vertrete die Meinung, dass heute vielerorts die Verbundenheit zum eigenen Verein fehlt. Viele Spieler erledigen ihren Job und lassen jede Identifikation vermissen. Schade!<\/strong><\/p>\n\n\n\n<div class=\"wp-block-image\"><figure class=\"aligncenter size-large\"><img loading=\"lazy\" decoding=\"async\" width=\"644\" height=\"635\" src=\"https:\/\/echta-derminga.de\/wp-content\/uploads\/2019\/11\/1-644x635.jpeg\" alt=\"\" class=\"wp-image-4911\" srcset=\"https:\/\/echta-derminga.de\/wp-content\/uploads\/2019\/11\/1-644x635.jpeg 644w, https:\/\/echta-derminga.de\/wp-content\/uploads\/2019\/11\/1-300x296.jpeg 300w, https:\/\/echta-derminga.de\/wp-content\/uploads\/2019\/11\/1-768x757.jpeg 768w, https:\/\/echta-derminga.de\/wp-content\/uploads\/2019\/11\/1.jpeg 957w\" sizes=\"auto, (max-width: 644px) 100vw, 644px\" \/><\/figure><\/div>\n\n\n\n<p class=\"wp-block-paragraph\" style=\"font-size:18px\">20.Jahre danach! Was ist geblieben von dieser Meisterschaft? Ich glaube wir \u201eAlten\u201c haben heute auch eine Verantwortung. Wir sollten erz\u00e4hlen und versuchen den jungen Spielern wieder sportliche Tugenden zu vermitteln. Ist diese Einstellung spie\u00dfig oder altbacken? Ich glaube nicht! Ein gutes Spiel allein, gen\u00fcgt lange nicht. Der Egoismus hat sich l\u00e4ngst auch in unserem Sport breit gemacht. Lasst uns von fr\u00fcher erz\u00e4hlen und helfen es besser zu machen. Nat\u00fcrlich war fr\u00fcher bei weitem nicht alles gut! Vereine, Spieler und Funktion\u00e4re machen heute vieles besser als damals. Was jedoch oftmals auf der Strecke bleibt ist die erw\u00e4hnte Identifikation mit dem Verein. W\u00e4hrend unseres Jubil\u00e4umstreffens brachte es ein Mitspieler auf den Punkt, als er sagte:<strong>\u201c\u2026\u2026Wir sehen uns nur ganz selten und viele von euch habe ich jahrelang nicht getroffen. Als ich jedoch heute Abend hierher kam war es irgendwie wie fr\u00fcher, wie in einer gro\u00dfen Familie\u201c<\/strong>. Genau das ist der Unterschied! Emotionen und Identifikation geh\u00f6ren zum Fu\u00dfball! <\/p>\n\n\n\n<div class=\"wp-block-image\"><figure class=\"aligncenter size-large\"><img loading=\"lazy\" decoding=\"async\" width=\"644\" height=\"641\" src=\"https:\/\/echta-derminga.de\/wp-content\/uploads\/2019\/11\/88-644x641.jpeg\" alt=\"\" class=\"wp-image-4910\" srcset=\"https:\/\/echta-derminga.de\/wp-content\/uploads\/2019\/11\/88-644x641.jpeg 644w, https:\/\/echta-derminga.de\/wp-content\/uploads\/2019\/11\/88-150x150.jpeg 150w, https:\/\/echta-derminga.de\/wp-content\/uploads\/2019\/11\/88-300x300.jpeg 300w, https:\/\/echta-derminga.de\/wp-content\/uploads\/2019\/11\/88-768x765.jpeg 768w, https:\/\/echta-derminga.de\/wp-content\/uploads\/2019\/11\/88.jpeg 957w\" sizes=\"auto, (max-width: 644px) 100vw, 644px\" \/><\/figure><\/div>\n\n\n\n<p class=\"wp-block-paragraph\" style=\"font-size:18px\"><strong>20. Jahre danach! Was ist geblieben von dieser Meisterschaft? Ich denke eine sch\u00f6ne Erinnerung und der Stolz Teil eines gro\u00dfen wunderbaren Ganzen zu sein. Dabei pflegt jeder seine pers\u00f6nlichen Erinnerungen. Vieles davon bleibt ein Geheimnis der Mannschaft und wird nicht verraten. Anderes hingegen darf man gerne wieder aufw\u00e4rmen und erz\u00e4hlen. Am Ende war es wie immer: \u201ede Trainer\u201c sang das Musikantenlied und die Mannschaft fungierte als Chor! Wunderbar! Auch ich verbinde wunderbare Erinnerungen mit dieser Meisterschaft. Meister mit dem Heimatverein zu werden ist etwas ganz besonderes. Wir Erg\u00e4nzungsspieler waren vollends integriert und akzeptiert. Trainer Thomas Recktenwald legte enorm viel Wert auf ein gutes Miteinander und einen gesunden Konkurrenzkampf. Thomas Recktenwald verstand es auf eine wunderbare Art und Weise jemandem das Gef\u00fchl zu geben, dazuzugeh\u00f6ren. Unser Spielerkader war mit herausragenden Pers\u00f6nlichkeiten besetzt. Dennoch bekamen auch die Erg\u00e4nzungsspieler ihre Einsatzzeiten, wobei es bei mir pers\u00f6nlich sogar zu einem Torerfolg ausreichte ( 4 &#8211; 0 Ausw\u00e4rtssieg beim SV G\u00f6ttelborn).<\/strong><\/p>\n\n\n\n<div class=\"wp-block-image\"><figure class=\"aligncenter size-large\"><img loading=\"lazy\" decoding=\"async\" width=\"644\" height=\"273\" src=\"https:\/\/echta-derminga.de\/wp-content\/uploads\/2019\/11\/9-644x273.jpeg\" alt=\"\" class=\"wp-image-4912\" srcset=\"https:\/\/echta-derminga.de\/wp-content\/uploads\/2019\/11\/9-644x273.jpeg 644w, https:\/\/echta-derminga.de\/wp-content\/uploads\/2019\/11\/9-300x127.jpeg 300w, https:\/\/echta-derminga.de\/wp-content\/uploads\/2019\/11\/9-768x326.jpeg 768w, https:\/\/echta-derminga.de\/wp-content\/uploads\/2019\/11\/9.jpeg 973w\" sizes=\"auto, (max-width: 644px) 100vw, 644px\" \/><\/figure><\/div>\n\n\n\n<p class=\"wp-block-paragraph\" style=\"font-size:18px\">20. Jahre danach! Was ist geblieben von dieser Meisterschaft? Heute k\u00f6nnen wir zufrieden und Stolz auf diese wunderbare Zeit zur\u00fcckblicken. Jeder einzelne hat seinen Weg gefunden und steht mit beiden Beinen im Leben. Wir haben uns aus den Augen verloren, aber niemals aus dem Sinn. <strong>Als wir gemeinsam am Buffet ausgelassen in Erinnerung schwelgten erklang wieder das alte Lied, dass seinerzeit zu unserem inoffiziellen Hymen wurde und nach jedem Spiel lauthals im SVD Sportheim gegr\u00f6lt wurde. Bei den Kl\u00e4ngen von \u201eTime to Wonder\u201c von \u201eFury in the Slaughterhouse\u201c tranken wir auf gute Freunde, alte Zeiten und auf die Meisterschaft unseres Lebens.<\/strong><\/p>\n\n\n\n<blockquote class=\"wp-block-quote is-layout-flow wp-block-quote-is-layout-flow\"><p><strong>\u201eDies ist nicht die richtige Zeit f\u00fcr Fragen, und auch nicht die richtige Zeit f\u00fcr Tr\u00e4nen.Dies ist nicht die Zeit zu schlafen, jetzt wo wir gerade k\u00e4mpfen, und dies ist nicht die Zeit zu sterben. Dies ist nicht die richtige Zeit f\u00fcr Fragen, im Moment bleibt uns nur die Angst. Mach Dir keine Gedanken um den Sinn. Mach dir keine Gedanken um die Welt. Es geht nur darum, die Dinge klar zu sehen. Daf\u00fcr ist es jetzt an der Zeit.\u201c<\/strong><\/p><cite> Ti<strong>me to Wonder\u201c Fury in the Slaughterhouse aus dem Jahre 1988<\/strong> (Inofizielle Meisterhymne)<\/cite><\/blockquote>\n","protected":false},"excerpt":{"rendered":"<p>\u201eDies ist nicht die richtige Zeit f\u00fcr Fragen, und auch nicht die richtige Zeit f\u00fcr Tr\u00e4nen. Dies ist nicht die Zeit zu schlafen, jetzt wo wir gerade k\u00e4mpfen, und dies ist nicht die Zeit zu sterben.\u201c &#8222;Time to Wonder&#8220;- Fury in the Slaughterhouse &#8211; (Inoffizielle Meisterhymne) Die Zeit vergeht. Ich hatte es schon \u00fcberhaupt nicht mehr auf dem Schirm. Ist<\/p>\n","protected":false},"author":1,"featured_media":4900,"comment_status":"open","ping_status":"closed","sticky":false,"template":"","format":"standard","meta":{"_crdt_document":"","footnotes":""},"categories":[45],"tags":[324,755,5,754,26,24],"class_list":["post-4897","post","type-post","status-publish","format-standard","has-post-thumbnail","hentry","category-mein-fussball","tag-belkerstadion","tag-bezirksliga-nord","tag-dirmingen","tag-meisterschaft","tag-sfv","tag-sv-dirmingen"],"_links":{"self":[{"href":"https:\/\/echta-derminga.de\/index.php?rest_route=\/wp\/v2\/posts\/4897","targetHints":{"allow":["GET"]}}],"collection":[{"href":"https:\/\/echta-derminga.de\/index.php?rest_route=\/wp\/v2\/posts"}],"about":[{"href":"https:\/\/echta-derminga.de\/index.php?rest_route=\/wp\/v2\/types\/post"}],"author":[{"embeddable":true,"href":"https:\/\/echta-derminga.de\/index.php?rest_route=\/wp\/v2\/users\/1"}],"replies":[{"embeddable":true,"href":"https:\/\/echta-derminga.de\/index.php?rest_route=%2Fwp%2Fv2%2Fcomments&post=4897"}],"version-history":[{"count":25,"href":"https:\/\/echta-derminga.de\/index.php?rest_route=\/wp\/v2\/posts\/4897\/revisions"}],"predecessor-version":[{"id":4933,"href":"https:\/\/echta-derminga.de\/index.php?rest_route=\/wp\/v2\/posts\/4897\/revisions\/4933"}],"wp:featuredmedia":[{"embeddable":true,"href":"https:\/\/echta-derminga.de\/index.php?rest_route=\/wp\/v2\/media\/4900"}],"wp:attachment":[{"href":"https:\/\/echta-derminga.de\/index.php?rest_route=%2Fwp%2Fv2%2Fmedia&parent=4897"}],"wp:term":[{"taxonomy":"category","embeddable":true,"href":"https:\/\/echta-derminga.de\/index.php?rest_route=%2Fwp%2Fv2%2Fcategories&post=4897"},{"taxonomy":"post_tag","embeddable":true,"href":"https:\/\/echta-derminga.de\/index.php?rest_route=%2Fwp%2Fv2%2Ftags&post=4897"}],"curies":[{"name":"wp","href":"https:\/\/api.w.org\/{rel}","templated":true}]}}