{"id":4964,"date":"2019-11-27T20:01:14","date_gmt":"2019-11-27T19:01:14","guid":{"rendered":"http:\/\/echta-derminga.de\/?p=4964"},"modified":"2019-11-27T20:06:17","modified_gmt":"2019-11-27T19:06:17","slug":"quo-vadis-ehrenamt-vorbildliches-engagement-am-beispiel-mittelalterlicher-weihnachtsmarkt","status":"publish","type":"post","link":"https:\/\/echta-derminga.de\/?p=4964","title":{"rendered":"Quo vadis Ehrenamt? \u2013 Vorbildliches Engagement am Beispiel \u201eMittelalterlicher Weihnachtsmarkt\u201c"},"content":{"rendered":"\n<p class=\"wp-block-paragraph\" style=\"font-size:18px\"><strong>Am ersten Adventswochenende findet der \u201eMittelalterliche Weihnachtsmarkt\u201c in Dirmingen statt. Schon Monate vor der eigentlichen Markt\u00f6ffnung wird organisiert, bestellt und geplant. Seit zwei Wochen ist der Kulturverein, in verschiedenen Arbeitseins\u00e4tzen, mit den Aufbauarbeiten besch\u00e4ftigt. Dabei wurde unter anderem die Burgattrappe, der Stall und die Beleuchtungsanlage angebracht. J\u00e4hrlich wird mit gro\u00dfem Aufwand an der Au\u00dfendarstellung des Weihnachtsmarktes gebastelt. Das ganze nat\u00fcrlich ehrenamtlich bei Wind und Wetter. Unmittelbar vor Beginn des bunten Markttreibens wird man in der Mannschaft hin und wieder nachdenklich. Wie lange k\u00f6nnen wir in Dirmingen diesen wunderbaren Mittelaltermarkt noch stemmen? Keine Sorge, noch ist alles im Fluss und die Kulturaner sind weiterhin hoch-motiviert. Dennoch sollte gerade in Zeiten, in denen es gut l\u00e4uft, die Frage erlaubt sein: Wie lange k\u00f6nnen wir den Standard noch halten?<\/strong><\/p>\n\n\n\n<p class=\"wp-block-paragraph\" style=\"font-size:18px\">Wenn sich das Jahr zu Ende neigt beginnt beim Kulturverein eine arbeitsreiche Zeit. Mit der saisonalen Veranstaltung \u201eHerbst auf Finkenrech\u201c beginnt die Arbeitszeit der Kulturaner. Eigentlich kommt man aus dem planen und arbeiten \u00fcberhaupt nicht mehr raus. Nach dem \u201eIrischen Abend\u201c kommt die \u201eKerb\u201c, dann noch ein Kleinkunst-Konzert und danach steht der Weihnachtsmarkt auf dem Programm. Eine Woche sp\u00e4ter findet ein Konzert in der Kirche statt und in der Woche vor Weihnachten werden die Weihnachtsb\u00e4ume verkauft. Nat\u00fcrlich hat sich der Kulturverein diese Suppe selbst eingebrockt. Einen Gang zur\u00fcckschalten kommt, f\u00fcr den r\u00fchrigen Verein, jedoch nicht in Frage. Eigentlich kann man den Frauen und M\u00e4nnern vom Kulturverein nicht genug Danken. Die Durchf\u00fchrung eines solchen Marktes bedarf h\u00f6chster Anstrengungen und Konzentration. In den letzten Jahren besuchten im Schnitt 3000 Menschen den beschaulichen Markt rund um die Borrwieshalle.<\/p>\n\n\n\n<div class=\"wp-block-image\"><figure class=\"aligncenter size-large\"><img loading=\"lazy\" decoding=\"async\" width=\"644\" height=\"481\" src=\"https:\/\/echta-derminga.de\/wp-content\/uploads\/2019\/11\/Blog-2-1-644x481.jpg\" alt=\"\" class=\"wp-image-4966\" srcset=\"https:\/\/echta-derminga.de\/wp-content\/uploads\/2019\/11\/Blog-2-1-644x481.jpg 644w, https:\/\/echta-derminga.de\/wp-content\/uploads\/2019\/11\/Blog-2-1-300x224.jpg 300w, https:\/\/echta-derminga.de\/wp-content\/uploads\/2019\/11\/Blog-2-1-768x574.jpg 768w, https:\/\/echta-derminga.de\/wp-content\/uploads\/2019\/11\/Blog-2-1.jpg 960w\" sizes=\"auto, (max-width: 644px) 100vw, 644px\" \/><\/figure><\/div>\n\n\n\n<p class=\"wp-block-paragraph\" style=\"font-size:18px\">In Dirmingen kann man also zurecht stolz auf seinen gem\u00fctlichen Weihnachtsmarkt sein. Dennoch bleiben in jedem Jahr einige kritische Fragen unbeantwortet. Der finanzielle Aufwand kann einem schon Kopfzerbrechen bereiten. Bevor der erste Gl\u00fchwein verkauft ist, hat der Kulturverein schon zahlreiche Kosten am Hals: Hallen-miete, Sicherheitskonzept, Brandwache, GEMA, Anmietung Sp\u00fclmaschine und Einrichtung der Verkehrs\u00e4nderung sind nur einige der Posten die j\u00e4hrlich gezahlt werden m\u00fcssen. Damit wir uns nicht falsch verstehen, alles hat irgendwo seine Berechtigung und bestimmt auch einen guten Sinn. Gerade wenn es um die Sicherheit der Menschen geht sollten wir keinen Cent sparen. Auf der anderen Seite muss man sich allen Ernstes Fragen inwieweit man die Vereine noch belasten kann. Wann \u00fcberschreiten wir den Punkt der Zumutbarkeit.<\/p>\n\n\n\n<p class=\"wp-block-paragraph\" style=\"font-size:18px\"><strong>In den letzten Jahren habe ich immer mehr den Eindruck gewonnen, dass der Druck auf die Vereine, die noch festlichen Aktivit\u00e4ten ausrichten, immer mehr steigt. Dies betrifft nicht nur den Kulturverein, sondern vielmehr alle Vereine. Man braucht schon gen\u00fcgend Durchhalteverm\u00f6gen und ein gro\u00dfes R\u00fcckgrat, um diesem Druck standzuhalten. An diesem Punkt ist auch die Politik gefragt. Wenn wir von den Vereinen fordern, dass weiterhin Weihnachtsm\u00e4rkte oder z.B Kappensitzungen stattfinden, m\u00fcssen wir auch daf\u00fcr Sorge tragen, dass die Vereine noch in der Lage sind diese zu stemmen. &nbsp;Sei\u2019s drum, ein Leben ohne Ehrenamt ist trotz alledem nicht erstrebenswert. Es hat etwas aufbauendes, wenn man am Ende des Tages dazu beigetragen hat, dass unser Dorf ein weiteres Event feiern darf. Genau davon lebt doch eine Dorfgemeinschaft, oder?<\/strong><\/p>\n\n\n\n<div class=\"wp-block-image\"><figure class=\"aligncenter size-large\"><img loading=\"lazy\" decoding=\"async\" width=\"644\" height=\"403\" src=\"https:\/\/echta-derminga.de\/wp-content\/uploads\/2019\/11\/blog-66-644x403.jpg\" alt=\"\" class=\"wp-image-4967\" srcset=\"https:\/\/echta-derminga.de\/wp-content\/uploads\/2019\/11\/blog-66-644x403.jpg 644w, https:\/\/echta-derminga.de\/wp-content\/uploads\/2019\/11\/blog-66-300x188.jpg 300w, https:\/\/echta-derminga.de\/wp-content\/uploads\/2019\/11\/blog-66-768x481.jpg 768w, https:\/\/echta-derminga.de\/wp-content\/uploads\/2019\/11\/blog-66-1536x962.jpg 1536w, https:\/\/echta-derminga.de\/wp-content\/uploads\/2019\/11\/blog-66-542x340.jpg 542w, https:\/\/echta-derminga.de\/wp-content\/uploads\/2019\/11\/blog-66.jpg 1900w\" sizes=\"auto, (max-width: 644px) 100vw, 644px\" \/><\/figure><\/div>\n\n\n\n<p class=\"wp-block-paragraph\" style=\"font-size:18px\">Oft genug stelle ich mir die Frage: \u2026bin ich einfach zu doof, um NEIN zu sagen. Wegen dem Ehrenamt habe ich mit Sicherheit so manche sch\u00f6ne Stunde mit meiner Familie oder mit Freuden vers\u00e4umt. Ich glaube es gibt viele Vereinsvertreter in unserem Dorf die das ganz genauso sehen und sich ebenfalls hinterfragen. Wo w\u00e4ren wir ohne das Ehrenamt und auf was m\u00fcssten die Dorfbewohner alles verzichten? Unsere Vereinslandschaft, Schulen, Kindergarten und zahlreiche Organisationen und auch die Kirchen profitieren von dem Ehrenamt und w\u00e4ren ohne das Engagement einiger \u201eUnverbesserlichen\u201c ganz sch\u00f6n aufgeschmissen. Leider sind immer weniger Menschen dazu bereit, ein Ehrenamt zu \u00fcbernehmen. Obwohl unser Land f\u00fcr seine \u201eVereinsmeierei\u201c und seine vielen ehrenamtlichen Mitstreiter bekannt ist, fehlt es vielerorts am Nachwuchs. Na gut, die Zeiten haben sich ge\u00e4ndert. Heute fehlen uns die Bergleute, die verh\u00e4ltnism\u00e4\u00dfig fr\u00fch in den Ruhestand gingen und immer viel Zeit ins Ehrenamt investieren konnten. Zudem gibt es heute kaum noch eine Familie, in der nicht auch die Frau mitarbeiten muss. Die Menschen bekommen nicht nur immer weniger Kinder, sondern schicken diese auch recht fr\u00fch in die Kita, um selbst wieder schnell arbeiten zu k\u00f6nnen. Der Stress beherrscht unser Leben. Eine Familie hat heute vieles zu leisten und findet kaum Zeit ein Ehrenamt zu begleiten. Der Stress als Ehrenamts-Killer? Kann schon sein! In Zeiten von &#8222;Burn-out&#8220; und Depressionen ist jeder selbst f\u00fcr seine Gesundheit verantwortlich. Wo aber bleibt das Ehrenamt? Werden wir in ein paar Jahren ganz neu denken m\u00fcssen? Immer weniger Menschen sind bereit sich ehrenamtlich zu engagieren. Zudem f\u00fchlen sich immer mehr Menschen ausgen\u00fctzt und ausgelaugt. Im Laufe des Jahres h\u00f6re ich immer wieder den Satz:\u201c Ich habe keinen Bock mehr mich ausnutzen zu lassen\u201c.<\/p>\n\n\n\n<div class=\"wp-block-image\"><figure class=\"aligncenter size-large\"><img loading=\"lazy\" decoding=\"async\" width=\"644\" height=\"483\" src=\"https:\/\/echta-derminga.de\/wp-content\/uploads\/2019\/11\/Blog-4-644x483.jpg\" alt=\"\" class=\"wp-image-4968\" srcset=\"https:\/\/echta-derminga.de\/wp-content\/uploads\/2019\/11\/Blog-4-644x483.jpg 644w, https:\/\/echta-derminga.de\/wp-content\/uploads\/2019\/11\/Blog-4-300x225.jpg 300w, https:\/\/echta-derminga.de\/wp-content\/uploads\/2019\/11\/Blog-4-768x576.jpg 768w, https:\/\/echta-derminga.de\/wp-content\/uploads\/2019\/11\/Blog-4.jpg 800w\" sizes=\"auto, (max-width: 644px) 100vw, 644px\" \/><\/figure><\/div>\n\n\n\n<p class=\"wp-block-paragraph\" style=\"font-size:18px\"><strong>Wobei wir wieder bei unserem &#8222;Mittelalterlichen Weihnachtsmarkt&#8220; sind. Viele der flei\u00dfigen \u201eEhren\u00e4mtler\u201c des Kulturvereins geh\u00f6ren nicht mehr zu den J\u00fcngsten. Wer wird die Arbeiten rund um unseren Weihnachtsmarkt in ein paar Jahren verrichten? Mittlerweile steigt die Zahl derer die gerne einmal anpacken und mithelfen m\u00f6chten, ohne sich jedoch fest zu binden. Immer mehr Menschen sind bereit zu einer Dienstleistung oder einem Arbeitseinsatz ohne Verpflichtung. Wenn es aber darum geht sich konsequent um ein Ehrenamt zu k\u00fcmmern oder vielleicht sogar eine Mitgliedschaft im Verein anzustreben, werden die Freiwilligen zusehends weniger. Jeder Mensch ist anders und man keinen zum Ehrenamt zwingen. Ich bin meilenweit davon entfernt jemandem einen Vorwurf zu machen. Es stellt sich mir jedoch die Frage, wie wir in ein paar Jahren mit unseren Veranstaltungen umgehen. Ich habe die Worte unseres Ortsvorstehers noch immer im Ohr als er sagte:\u201c Es geht immer weiter und nach uns kommen andere\u201c. Stimmt das? ist das so einfach? Ich habe da so meine Zweifel. Wird es uns in ein paar Jahren noch gelingen mit einem solchen Arbeitsaufwand einen Weihnachtsmarkt auf die Beine zu stellen? Werden wir in einigen Jahren immer noch in der Lage sein ein \u201eFolxfeschd\u201c oder ein \u201eParkfeschd\u201c durchzuf\u00fchren?<\/strong><\/p>\n\n\n\n<p class=\"wp-block-paragraph\" style=\"font-size:18px\">In jedem Verein sind es immer die gleichen Leute, die enorm viel leisten und ein st\u00fcck weit mehr tun als andere. Die Gefahr jemanden zu verheizen ist enorm gro\u00df und nicht von der Hand zu weisen. Ich bleibe jedoch dabei, wer sich ehrenamtlich engagiert geht mit gutem Beispiel voran und macht unsere Welt ein st\u00fcck weit liebensw\u00fcrdiger. Ehrenamt kann erbauend und erf\u00fcllend sein. Ehrenamt kann aber auch zerst\u00f6ren und krank machen. Noch haben wir in Dirmingen gute Leute, die viel leisten und gerne bereit sind anzupacken. Noch haben wir Vereine und Organisationen die bereit sind viel zu investieren. Noch haben wir G\u00f6nner und Sponsoren und immer noch haben wir eine motivierte Mannschaft. Was in ein paar Jahren ist, wei\u00df keiner und Hoffnung stirbt bekanntlich zuletzt. Sei\u2019s drum, wir sind bereit. Es ist angerichtet! Die Mannschaft hat alles gegeben und auch die teilnehmenden Vereine und Organisationen werden sich m\u00e4chtig ins Zeug legen. Aus diesem Grund d\u00fcrfen wir uns \u00fcber ein weiteres Event in unserem sch\u00f6nen Heimatort freuen. Der &#8222;Mittelalterliche Weihnachtsmarkt&#8220; steht vor der T\u00fcr. Lasst uns diese Veranstaltung genie\u00dfen und feiern.<\/p>\n\n\n\n<div class=\"wp-block-image\"><figure class=\"aligncenter size-large\"><img loading=\"lazy\" decoding=\"async\" width=\"640\" height=\"384\" src=\"https:\/\/echta-derminga.de\/wp-content\/uploads\/2019\/11\/blogi.jpg\" alt=\"\" class=\"wp-image-4969\" srcset=\"https:\/\/echta-derminga.de\/wp-content\/uploads\/2019\/11\/blogi.jpg 640w, https:\/\/echta-derminga.de\/wp-content\/uploads\/2019\/11\/blogi-300x180.jpg 300w\" sizes=\"auto, (max-width: 640px) 100vw, 640px\" \/><\/figure><\/div>\n\n\n\n<p class=\"wp-block-paragraph\" style=\"font-size:18px\"><strong>F\u00fcr die Zukunft rate ich jedoch dazu die Kr\u00e4fte zu b\u00fcndeln, enger zusammen zu r\u00fccken und noch mehr das miteinander zu suchen. Es gibt immer Luft nach oben. Wir m\u00fcssen schon heute an Morgen denken. Wir m\u00fcssen junge Menschen mitnehmen und f\u00f6rdern. Wir m\u00fcssen auf einander zugehen und uns die Hand reichen. Dann funktioniert es auch weiterhin mit dem Weihnachtsmarkt, dem \u201eFolxfeschd\u201c, dem \u201eParkfeschd\u201c, den Dorfturnieren, unseren Kappensitzungen, den vielen Vereinsfesten und insbesondere mit dem Ehrenamt.<\/strong><\/p>\n","protected":false},"excerpt":{"rendered":"<p>Am ersten Adventswochenende findet der \u201eMittelalterliche Weihnachtsmarkt\u201c in Dirmingen statt. Schon Monate vor der eigentlichen Markt\u00f6ffnung wird organisiert, bestellt und geplant. Seit zwei Wochen ist der Kulturverein, in verschiedenen Arbeitseins\u00e4tzen, mit den Aufbauarbeiten besch\u00e4ftigt. Dabei wurde unter anderem die Burgattrappe, der Stall und die Beleuchtungsanlage angebracht. J\u00e4hrlich wird mit gro\u00dfem Aufwand an der Au\u00dfendarstellung des Weihnachtsmarktes gebastelt. Das ganze nat\u00fcrlich<\/p>\n","protected":false},"author":1,"featured_media":4965,"comment_status":"open","ping_status":"closed","sticky":false,"template":"","format":"standard","meta":{"_crdt_document":"","footnotes":""},"categories":[1,9,100],"tags":[723,5,618,349,525],"class_list":["post-4964","post","type-post","status-publish","format-standard","has-post-thumbnail","hentry","category-allgemein","category-dorfgetratsche","category-meine-kulturaner","tag-borrwieshalle-dirmingen","tag-dirmingen","tag-gemeinde-eppelborn","tag-kulturverein-dirmingen","tag-mittelalterlicher-weihnachtsmarkt"],"_links":{"self":[{"href":"https:\/\/echta-derminga.de\/index.php?rest_route=\/wp\/v2\/posts\/4964","targetHints":{"allow":["GET"]}}],"collection":[{"href":"https:\/\/echta-derminga.de\/index.php?rest_route=\/wp\/v2\/posts"}],"about":[{"href":"https:\/\/echta-derminga.de\/index.php?rest_route=\/wp\/v2\/types\/post"}],"author":[{"embeddable":true,"href":"https:\/\/echta-derminga.de\/index.php?rest_route=\/wp\/v2\/users\/1"}],"replies":[{"embeddable":true,"href":"https:\/\/echta-derminga.de\/index.php?rest_route=%2Fwp%2Fv2%2Fcomments&post=4964"}],"version-history":[{"count":11,"href":"https:\/\/echta-derminga.de\/index.php?rest_route=\/wp\/v2\/posts\/4964\/revisions"}],"predecessor-version":[{"id":4980,"href":"https:\/\/echta-derminga.de\/index.php?rest_route=\/wp\/v2\/posts\/4964\/revisions\/4980"}],"wp:featuredmedia":[{"embeddable":true,"href":"https:\/\/echta-derminga.de\/index.php?rest_route=\/wp\/v2\/media\/4965"}],"wp:attachment":[{"href":"https:\/\/echta-derminga.de\/index.php?rest_route=%2Fwp%2Fv2%2Fmedia&parent=4964"}],"wp:term":[{"taxonomy":"category","embeddable":true,"href":"https:\/\/echta-derminga.de\/index.php?rest_route=%2Fwp%2Fv2%2Fcategories&post=4964"},{"taxonomy":"post_tag","embeddable":true,"href":"https:\/\/echta-derminga.de\/index.php?rest_route=%2Fwp%2Fv2%2Ftags&post=4964"}],"curies":[{"name":"wp","href":"https:\/\/api.w.org\/{rel}","templated":true}]}}