{"id":497,"date":"2018-02-19T20:51:17","date_gmt":"2018-02-19T19:51:17","guid":{"rendered":"http:\/\/echta-derminga.de\/?p=497"},"modified":"2018-02-26T19:42:54","modified_gmt":"2018-02-26T18:42:54","slug":"spd-mitgliedervotum-der-eigene-weg-zur-entscheidung","status":"publish","type":"post","link":"https:\/\/echta-derminga.de\/?p=497","title":{"rendered":"SPD Mitgliedervotum &#8211; Der eigene Weg zur Entscheidung"},"content":{"rendered":"<p><img loading=\"lazy\" decoding=\"async\" class=\"alignleft size-medium wp-image-498\" src=\"https:\/\/echta-derminga.de\/wp-content\/uploads\/2018\/02\/media.media_.2ca53bd6-5628-4ad9-9c87-ceffbff186fe.normalized-300x171.jpg\" alt=\"\" width=\"300\" height=\"171\" srcset=\"https:\/\/echta-derminga.de\/wp-content\/uploads\/2018\/02\/media.media_.2ca53bd6-5628-4ad9-9c87-ceffbff186fe.normalized-300x171.jpg 300w, https:\/\/echta-derminga.de\/wp-content\/uploads\/2018\/02\/media.media_.2ca53bd6-5628-4ad9-9c87-ceffbff186fe.normalized.jpg 410w\" sizes=\"auto, (max-width: 300px) 100vw, 300px\" \/><strong>Montag,19. Februar 2018.<\/strong><\/p>\n<p><strong>Als Mitglied der SPD habe ich heute \u00fcber den Postweg meine Briefwahlunterlagen zum Mitgliedervotum erhalten. Ich soll also nun, mit meinem Kreuz, \u00fcber die Zukunft unseres Landes und meiner Partei entscheiden. Zun\u00e4chst mal finde ich das gut und sch\u00f6n. Ich denke wir brauchen viel mehr Mitbestimmung. Ich bin ein Bef\u00fcrworter von Volksabstimmungen und Mitgliederbefragungen. Aus meiner Sicht ist dies ist ein St\u00fcck echte Demokratie. Die Kritik aus Bayern kann ich nicht nachvollziehen. Die Frage warum\u00a0443.152 SPD Mitglieder \u00fcber die Zukunft unseres Landes abstimmen d\u00fcrfen beantworte ich zun\u00e4chst mal mit einer Gegenfrage: Warum darf eine Partei wie die CSU mit 6,2 % bundesweit drei Ministerien besetzen und das Land entscheidend regieren ?<\/strong><\/p>\n<p>Ich sitze also vor meinen Unterlagen und lese mir die Papiere ganz genau durch. Vor meinem geistigen Auge kann ich die Ereignisse der letzten Monate wieder verfolgen. F\u00fcr meine Partei war die Zeit nach der Bundestagswahl 2017 alles andere als ein Zuckerschlecken. Vielmehr haben wir uns keineswegs mit Ruhm bekleckert. Es war schlichtweg eine schwache politische Performance. Auch ich hatte im Fr\u00fchjahr 2017 viel Hoffnung in Martin Schulz gesetzt und wurde letztlich bitter entt\u00e4uscht. Ich frage mich allen ernstes wie man in dieser Position so viele taktische Fehler machen kann !?\u00a0 Nun ist also meine Meinung gefragt. In den letzten Wochen konnte man viel h\u00f6ren und lesen. Gerade in den sozialen Netzwerken meint jeder er besitze der\u00a0Weisheit letzter Schluss.<\/p>\n<p><strong>Ich sitze an meinem Schreibtisch und k\u00e4mpfe mit mir selbst ! Ich bin mit mir nicht im Reinen und tue mir sehr schwer mit dieser Entscheidung. Mein Ortsverein hat in seiner letzten Sitzung klar Stellung bezogen und einer erneuten &#8222;GroKo&#8220; eine Absage erteilt. Mein Herz sagt mir das dies die einzig wahre Entscheidung war. Mein Kopf dr\u00e4ngt mich dazu nochmal alles zu \u00fcberdenken. Selbst die gr\u00f6\u00dften Kritiker m\u00fcssen eingestehen, dass die SPD im vorliegenden Koalitionsvertrag vieles herausgeholt hat. Mir ist v\u00f6llig klar, dass Neuwahlen nicht nur unserem Land sondern auch unserer Partei schaden w\u00fcrden. Die SPD br\u00e4uchte dringend eine Erneuerung. Ich hatte eigentlich die Hoffnung, dass dies in der Opposition geschehen kann. Nun wird sich vermutlich nichts \u00e4ndern. Dies wiederum sorgt erneut f\u00fcr Entt\u00e4uschung in der Bev\u00f6lkerung. Es ist frustrierend ! Mit dem Ausstieg der FDP aus den Koalitionsverhandlungen war mir pers\u00f6nlich eigentlich schnell klar, dass die SPD jetzt nur noch verlieren kann. Entweder sie wird als &#8222;Vaterlandsverr\u00e4ter&#8220; beschimpft oder sie wird als wortbr\u00fcchig abgestempelt. Der Karren war nicht zuletzt dank der &#8222;Wendehals-Taktik&#8220; unseres Parteivorsitzenden fr\u00fchzeitig verfahren. Nun sitzen wir in der Tinte und m\u00fcssen eine Entscheidung treffen die am Ende keinen wirklich gl\u00fccklich macht. Aus meiner Sicht liegt das Problem schon weit vor den Bundestagswahlen 2017. Ganz gleich in welcher Partei: Wir haben keine glaubw\u00fcrdigen und guten Politiker mehr in unserem Land. Die Menschen sehnen sich nach Politikern die halten was sie versprechen. Einem guten, glaubhaften Politiker w\u00fcrde man auch Fehler verzeihen.<\/strong><\/p>\n<p>Heute geht es nur noch um Positionen und Eigenprofilierungen. Ich war in den letzten Wochen sehr oft davor alles hinzuschmei\u00dfen und mein Parteibuch abzugeben. Die SPD hat ihre Wurzeln und die Basis aus den Augen verloren. Fahnenflucht w\u00e4re jedoch zu einfach. Wir brauchen auch Leute die in der Partei versuchen etwas zu \u00e4ndern und zu bewegen. Mein Vater sagte mal: &#8222;Der sozialdemokratische Gedanke ist wunderbar&#8220; Stimmt eigentlich. Wir brauchen aber Leute die in erster Linie diesen Gedanken vorleben. Was also tun ? Wie entscheiden ?<\/p>\n<p><strong>Ich nehme meinen Dauerschreiber in die Hand und will buchst\u00e4blich zur Wahl schreiten als ich in den Nachrichten einen Bericht \u00fcber den R\u00fccktritt unserer saarl\u00e4ndischen Ministerpr\u00e4sidentin AKK und ihren bevorstehenden Wechsel nach Berlin h\u00f6re. Tobias Hans soll nun neuer Ministerpr\u00e4sident unseres Saarlandes werden. Wie schnell das doch geht. Das &#8222;St\u00fchler\u00fccken&#8220; geht weiter. Manche Menschen brauchen nicht viel zu tun und erreichen ohne viel Aufwand die gr\u00f6\u00dften Ziele. Die j\u00fcngsten Ereignisse in unserem Bundesland machen mich ohnehin fassungslos. Es passt alles super ins Bild. Wem sollen die Menschen noch vertrauen ? Es muss sich etwas ver\u00e4ndern ! So wie es ist kann es nicht bleiben. Wie sagte der Juso-Vorsitzende\u00a0K\u00fchnert unl\u00e4ngst auf dem Sonderparteitag :&#8220;&#8230; heute\u00a0einmal\u00a0ein\u00a0Zwerg\u00a0sein, um k\u00fcnftig vielleicht wieder Riesen sein zu k\u00f6nnen&#8220;. Ich pers\u00f6nlich sage dazu :&#8220; Manchmal muss es schlimmer werden bevor es gut werden kann&#8220;. Ich nehme meinen Schreiber und mache mein Kreuz !<\/strong><\/p>\n<p>&nbsp;<\/p>\n","protected":false},"excerpt":{"rendered":"<p>Montag,19. Februar 2018. Als Mitglied der SPD habe ich heute \u00fcber den Postweg meine Briefwahlunterlagen zum Mitgliedervotum erhalten. Ich soll also nun, mit meinem Kreuz, \u00fcber die Zukunft unseres Landes und meiner Partei entscheiden. Zun\u00e4chst mal finde ich das gut und sch\u00f6n. Ich denke wir brauchen viel mehr Mitbestimmung. Ich bin ein Bef\u00fcrworter von Volksabstimmungen und Mitgliederbefragungen. Aus meiner Sicht<\/p>\n","protected":false},"author":1,"featured_media":498,"comment_status":"closed","ping_status":"closed","sticky":false,"template":"","format":"standard","meta":{"_crdt_document":"","footnotes":""},"categories":[46],"tags":[69,66,68,67],"class_list":["post-497","post","type-post","status-publish","format-standard","has-post-thumbnail","hentry","category-meine-politik","tag-groko","tag-mitgliedsvotum","tag-ortsverein","tag-spd"],"_links":{"self":[{"href":"https:\/\/echta-derminga.de\/index.php?rest_route=\/wp\/v2\/posts\/497","targetHints":{"allow":["GET"]}}],"collection":[{"href":"https:\/\/echta-derminga.de\/index.php?rest_route=\/wp\/v2\/posts"}],"about":[{"href":"https:\/\/echta-derminga.de\/index.php?rest_route=\/wp\/v2\/types\/post"}],"author":[{"embeddable":true,"href":"https:\/\/echta-derminga.de\/index.php?rest_route=\/wp\/v2\/users\/1"}],"replies":[{"embeddable":true,"href":"https:\/\/echta-derminga.de\/index.php?rest_route=%2Fwp%2Fv2%2Fcomments&post=497"}],"version-history":[{"count":7,"href":"https:\/\/echta-derminga.de\/index.php?rest_route=\/wp\/v2\/posts\/497\/revisions"}],"predecessor-version":[{"id":510,"href":"https:\/\/echta-derminga.de\/index.php?rest_route=\/wp\/v2\/posts\/497\/revisions\/510"}],"wp:featuredmedia":[{"embeddable":true,"href":"https:\/\/echta-derminga.de\/index.php?rest_route=\/wp\/v2\/media\/498"}],"wp:attachment":[{"href":"https:\/\/echta-derminga.de\/index.php?rest_route=%2Fwp%2Fv2%2Fmedia&parent=497"}],"wp:term":[{"taxonomy":"category","embeddable":true,"href":"https:\/\/echta-derminga.de\/index.php?rest_route=%2Fwp%2Fv2%2Fcategories&post=497"},{"taxonomy":"post_tag","embeddable":true,"href":"https:\/\/echta-derminga.de\/index.php?rest_route=%2Fwp%2Fv2%2Ftags&post=497"}],"curies":[{"name":"wp","href":"https:\/\/api.w.org\/{rel}","templated":true}]}}