{"id":5015,"date":"2019-12-07T14:02:25","date_gmt":"2019-12-07T13:02:25","guid":{"rendered":"http:\/\/echta-derminga.de\/?p=5015"},"modified":"2022-03-31T12:52:48","modified_gmt":"2022-03-31T11:52:48","slug":"auf-heilige-mission-mit-st-nikolaus-gedanken-im-advent","status":"publish","type":"post","link":"https:\/\/echta-derminga.de\/?p=5015","title":{"rendered":"Auf heiliger Mission mit St. Nikolaus &#8211; Gedanken im Advent"},"content":{"rendered":"\n<p class=\"wp-block-paragraph\" style=\"font-size:18px\"><strong>Der gute alte Martin Luther hatte ein echtes Problem mit dem heiligen Nikolaus. Wir evangelische Christen haben es bekanntlich nicht so mit der Heiligenverehrung. Dennoch ist der 06.Dezember auch f\u00fcr mich ein ganz besonderer Tag. Wissenschaftler glauben zu wissen, dass Luther ma\u00dfgeblich an der Entstehung des uns bekannten blond-gelockten Christkindes beteiligt war. Dabei wollte Luther mit seinem Christkind keineswegs den neugeborenen Jesus nachzeichnen. Die uns bekannte blond-gelockte Christusfigur hat seinen Ursprung in den Engeln oder \u00e4hnlichen Gestalten von Krippenspielen. Vielmehr ging es Luther darum, die Menschen weg vom Nikolaus und der damit verbundenen Heiligenverehrung hin zum Christkind zu ziehen. Dieses im sp\u00e4ten Mittelalter erfundene &#8222;Christkind&#8220; \u00fcbernahm nach und nach in protestantischen, aber auch in katholischen Gebieten die Rolle des Geschenkebringers. Das Bild des blond-gelockten Jesuskindes hat sich fest in unser Denken verankert. Wobei der logisch denkende Mensch schon damit seine Probleme haben k\u00f6nnte. Mit hoher Wahrscheinlichkeit wird Jesus, Zeit seines Lebens, keine blond-gelockten Haare gehabt haben. Er d\u00fcrfte die Haare schon eher wie das heutige Christkind von N\u00fcrnberg Benigna Munsi schwarzgelockt gehabt haben. Ganz ehrlich Leute, die Diskussion um das neue N\u00fcrnberger Christkind hat mich kopfsch\u00fcttelnd verzweifeln lassen. Das M\u00e4dchen ist in Deutschland geboren und spricht besser unsere Sprache als manch einer, der dies f\u00fcr sich in Anspruch nimmt. Die Tochter eines Inders und einer Deutschen ist in unserem Land Zuhause. Warum irgendwelche selbstherrlichen \u201eRetter des Vaterlandes\u201c mit diesem bildsch\u00f6nen M\u00e4dchen ein Problem haben, entzieht sich meiner Kenntnis. Zumindest sollte man wissen, dass das Christuskind ein Junge war und zu Lebzeiten niemals mit gro\u00dfen Fl\u00fcgeln durch die Welt lief. Merke: Jesus lebte in Asien und hatte wahrscheinlich mehr \u00c4hnlichkeit mit der kleinen Benigna Munsi als mit einem blonden Europ\u00e4er.<\/strong><\/p>\n\n\n\n<p class=\"wp-block-paragraph\" style=\"font-size:18px\">Sei\u2019s drum in Zeiten der Reformation wurden in vielen evangelischen Gebieten die traditionsreichen Nikolausumz\u00fcge verboten, um den Kindern einzusch\u00e4rfen, dass nicht der Heilige Nikolaus, sondern das Christkind, die Geschenke bringen w\u00fcrde. Aus Sicht der ersten Protestanten sollte das Christkind die Kinder beschenken und nicht wie in katholischen Gebieten der Nikolaus. Als Geschenkebringer eroberte das Christkind zun\u00e4chst das evangelische Deutschland und zu Beginn des 20. Jahrhunderts das katholische Bayern und Rheinland. Der gute Nikolaus fand in dem blond-gelockten Christkind eine echte Konkurrenz. Heute hat sich das ganze erneut etwas gewandelt. Das sch\u00f6ne engelsgleiche Christkind wurde von dem amerikanischen Coca- Cola Weihnachtsmann verdr\u00e4ngt. Ich muss zugeben, dass genau diese Entwicklung mir am meisten Kopfschmerzen bereitet. W\u00e4hrend das Christkind immerhin noch aus christlichen Wurzeln stammt, eroberte der Weihnachtsmann mit Hilfe eines Softgetr\u00e4nkes und einer gut geschalteten Werbung die Welt. Heute haben viele Weihnachtsbr\u00e4uche \u00fcberhaupt nichts mehr mit dem christlichen Glauben zu tun. Sogar die Weihnachtsmusik hat sich ver\u00e4ndert. Zugegeben, dass Christkind l\u00e4sst sich heute l\u00e4ngst nicht mehr so gut vermarkten wie der Weihnachtsmann.<\/p>\n\n\n<div class=\"wp-block-image\">\n<figure class=\"aligncenter size-large\"><img loading=\"lazy\" decoding=\"async\" width=\"644\" height=\"785\" src=\"https:\/\/echta-derminga.de\/wp-content\/uploads\/2019\/12\/IMG-20191206-WA0007-Kopie-644x785.jpg\" alt=\"\" class=\"wp-image-5025\" srcset=\"https:\/\/echta-derminga.de\/wp-content\/uploads\/2019\/12\/IMG-20191206-WA0007-Kopie-644x785.jpg 644w, https:\/\/echta-derminga.de\/wp-content\/uploads\/2019\/12\/IMG-20191206-WA0007-Kopie-246x300.jpg 246w, https:\/\/echta-derminga.de\/wp-content\/uploads\/2019\/12\/IMG-20191206-WA0007-Kopie.jpg 713w\" sizes=\"auto, (max-width: 644px) 100vw, 644px\" \/><\/figure>\n<\/div>\n\n\n<p class=\"wp-block-paragraph\" style=\"font-size:18px\"><strong>Martin Luther lehnte die Heiligenverehrung ab und gab damit also die ersten Impulse den Heiligen Nikolaus abzuschaffen. Gott sei Dank ist ihm dies nicht gelungen. Auch als bekennender Protestant muss ich schon zugestehen, dass die Welt ohne den guten alten Nikolaus \u00e4rmer w\u00e4re. Jedes Jahr am 6. Dezember feiern wir das Fest des Heiligen Nikolaus und gedenken damit dem heiligen Bischof von Myra. Der heilige Mann wurde im Jahre 300 in der kleinasiatischen Stadt Patara in Lykien, etwa 100 km s\u00fcdwestlich von Antalya, der heutigen T\u00fcrkei geboren. Auch der Nikolaus d\u00fcrfte somit keine blonden Haare gehabt haben. Spa\u00df beiseite, als die Eltern von Nikolaus starben, \u00fcberlie\u00df er den Gro\u00dfteil seines geerbten Verm\u00f6gens dem Bischof von Patara, damit er die Armen der Stadt unterst\u00fctzen konnte. Mit nur 19 Jahren wurde Nikolaus zum Priester geweiht. Nachdem auch der Bischof starb, sollte Nikolaus dessen Stelle einnehmen. Doch er lehnte das hohe Amt ab und ging nach Myra wo er sich f\u00fcr immer niederlie\u00df. Auch in Myra wollte man Nikolaus zum Bischof machen. Schlie\u00dflich konnte er nicht mehr ablehnen und wurde im Jahre 325 n.Chr. zum Bischof von Myra geweiht.<\/strong><\/p>\n\n\n\n<p class=\"wp-block-paragraph\" style=\"font-size:18px\">Nikolaus war ein sehr guter Bischof. Er galt als sehr barmherzig und mildt\u00e4tig wobei er immer die \u00c4rmsten im Blick hatte. Ganz besonders hat er sich f\u00fcr benachteiligte oder arme Menschen und Kindern eingesetzt. Am 6. Dezember 373 ist Nikolaus im Alter von 73 Jahren gestorben. Heute ranken sich zahlreiche Legenden um den heiligen Mann. Viele St\u00e4nde haben den Nikolaus zum Schutzpatron auserkoren, so die Seeleute, Schneider, B\u00e4cker, Weber, Metzger, Notare, Advokaten und Sch\u00fcler. Sein besonderes gro\u00dfes Herz f\u00fcr die Kinder machten ihn schlie\u00dflich zum heiligen und zu einer Legende. Der Nikolaus ist kein Weihnachtsmann und ist in der Regel mit einer Mitra, eine speziell geschnittene Kopfbedeckung einem Hirtenstab und einem Bischofskleid ausgestattet. Sein Todestag, der 6. Dezember, ist heute fester Bestandteil der vorweihnachtlichen Adventszeit. Bis heute hat der gute, alte heilige Mann nichts von seiner Anziehungskraft verloren. Auf der ganzen Welt schreiben Kinder Briefe an den Nikolaus und bitten um Geschenke oder die Erf\u00fcllung ihrer W\u00fcnsche. Im Gegensatz zum Weihnachtsmann der nichts anderes als eine Gesch\u00e4ftsidee war, ist der heilige Nikolaus Teil unserer Identit\u00e4t.<\/p>\n\n\n<div class=\"wp-block-image\">\n<figure class=\"aligncenter size-large\"><img loading=\"lazy\" decoding=\"async\" width=\"631\" height=\"965\" src=\"https:\/\/echta-derminga.de\/wp-content\/uploads\/2019\/12\/IMG-20191206-WA0008-Kopie-1.jpg\" alt=\"\" class=\"wp-image-5028\" srcset=\"https:\/\/echta-derminga.de\/wp-content\/uploads\/2019\/12\/IMG-20191206-WA0008-Kopie-1.jpg 631w, https:\/\/echta-derminga.de\/wp-content\/uploads\/2019\/12\/IMG-20191206-WA0008-Kopie-1-196x300.jpg 196w\" sizes=\"auto, (max-width: 631px) 100vw, 631px\" \/><\/figure>\n<\/div>\n\n\n<p class=\"wp-block-paragraph\" style=\"font-size:18px\"><strong>Na gut, ein bisschen Tradition und Kult hat der gute Weihnachtsmann auch. Immerhin bereitet er keinem Menschen gro\u00dfe Schmerzen und ein jeder lebe seinen Glauben aus, wie er m\u00f6chte. Also es gibt auch eine Geschichte zum Weihnachtsmann. Als europ\u00e4ische Auswanderer die Tradition des Schenkens am Nikolaustag mit nach Amerika nahmen, wurde die Idee des Weihnachtsmanns geboren. Aus der historischen Figur des Nikolaus entwickelte sich die Kunstfigur Santa Claus. Der amerikanische Getr\u00e4nkehersteller Coca-Cola verwendete dann diese Weihnachtsmannfigur f\u00fcr seine Werbung und machte damit den Weihnachtsmann auf der ganzen Welt, auch in Deutschland, bekannt.<\/strong><\/p>\n\n\n\n<p class=\"wp-block-paragraph\" style=\"font-size:18px\">Soweit so gut, aber was nehmen wir nun mit und wie gehen wir mit unserer Kultur und unserem Glauben um? Mir pers\u00f6nlich ger\u00e4t bei der ganzen Personaldebatte um Nikolaus, Knecht Ruprecht, Weihnachtsmann und Christkind ein wenig zuviel die eigentliche Botschaft von Weihnachten in den Hintergrund. Was uns am Ende fehlt ist Glaube, Liebe und Hoffnung. Wir sind mal wieder bei meinem Lieblingsthema angekommen. Wenn wir schon die Kultur des christlichen Abendlandes unser Eigen nennen, sollten wir diese auch verdammt nochmal leben. Jedes Jahr im Advent entdecken wir wieder das Kind in uns und unsere Sehnsucht nach Daheim. Das Christkind und sicher auch der Nikolaus d\u00fcrfen und sollen dabei eine gewichtige Rolle spielen. Wenn uns der Himmel immer so nah w\u00e4re wie in der Adventszeit, w\u00e4re das Miteinander und F\u00fcreinander im Leben um einiges reicher und wertvoller.&nbsp;<\/p>\n\n\n<div class=\"wp-block-image\">\n<figure class=\"aligncenter size-large\"><img loading=\"lazy\" decoding=\"async\" width=\"644\" height=\"398\" src=\"https:\/\/echta-derminga.de\/wp-content\/uploads\/2019\/12\/IMG_20191207_100738_resized_20191207_123335765-644x398.jpg\" alt=\"\" class=\"wp-image-5030\" srcset=\"https:\/\/echta-derminga.de\/wp-content\/uploads\/2019\/12\/IMG_20191207_100738_resized_20191207_123335765-644x398.jpg 644w, https:\/\/echta-derminga.de\/wp-content\/uploads\/2019\/12\/IMG_20191207_100738_resized_20191207_123335765-300x185.jpg 300w, https:\/\/echta-derminga.de\/wp-content\/uploads\/2019\/12\/IMG_20191207_100738_resized_20191207_123335765-768x475.jpg 768w, https:\/\/echta-derminga.de\/wp-content\/uploads\/2019\/12\/IMG_20191207_100738_resized_20191207_123335765.jpg 791w\" sizes=\"auto, (max-width: 644px) 100vw, 644px\" \/><\/figure>\n<\/div>\n\n\n<p class=\"wp-block-paragraph\" style=\"font-size:18px\"><strong>Gutes tun! Das hat sich auch die Kolpingfamilie Dirmingen zur Aufgabe gemacht. Seit vielen Jahren verrichtet der Verein, ganz im Sinne des Gr\u00fcndervaters Adolf Kolping, gute Werke an Menschen, die in Not sind. Bei der j\u00e4hrliche Nikolausaktion am 05.und 06.Dezember wird j\u00e4hrlich jede Menge Geld gesammelt und an karitative Einrichtungen gespendet. Gutes tun, im Sinne des heiligen Nikolaus. Jedes Jahr am 05.\/06. Dezember, zum Nikolaustag, versammeln sich zahlreiche Nikol\u00e4use und Ruprechte, um dem heiligen St. Nikolaus unter die Arme zu greifen. Der heilige Mann hat zu dieser Zeit bekanntlich viel zu tun und ist bestimmt f\u00fcr jede Unterst\u00fctzung dankbar. Auch in diesem Jahr wurde die Nikolausaktion der Kolpingfamilie erfolgreich durchgef\u00fchrt und ich bin sehr gl\u00fccklich dar\u00fcber ein Teil dieser Gemeinschaft zu sein.&nbsp; Zwei Tage lang durfte ich dem heiligen Mann \u00fcber die Schulter schauen und zusehen wie er die Kinder in Dirmingen und Umgebung beschenkt.<\/strong><\/p>\n\n\n\n<p class=\"wp-block-paragraph\" style=\"font-size:18px\">Die Nikolausaktion hat schon etwas r\u00fchriges. Am Nikolausabend trifft man sich zum gemeinsamen Umziehen, um dann in kleinen Gruppen der heiligen Mission nachzugehen. Organisiert wird das ganze von der guten &#8222;Nikolaus-Mama&#8220; Birgit Schlicher und ihrem Ehemann Frank. Nach und nach verlassen zahlreiche Nikol\u00e4use und Ruprechte die R\u00e4umlichkeiten des Pfarrheims, um den Kindern eine Freude zu bereiten. Auch Schulen, Vereine und Organisationen werden auf Anfrage versorgt und beschenkt. Die gesammelten Spenden werden dann im Laufe des Jahres an arme oder kranke Kinder vergeben. Ganz im Sinne des guten alten Nikolaus.<\/p>\n\n\n<div class=\"wp-block-image\">\n<figure class=\"aligncenter size-large\"><img loading=\"lazy\" decoding=\"async\" width=\"644\" height=\"893\" src=\"https:\/\/echta-derminga.de\/wp-content\/uploads\/2019\/12\/IMG_20191207_101250_resized_20191207_123336717-644x893.jpg\" alt=\"\" class=\"wp-image-5031\" srcset=\"https:\/\/echta-derminga.de\/wp-content\/uploads\/2019\/12\/IMG_20191207_101250_resized_20191207_123336717-644x893.jpg 644w, https:\/\/echta-derminga.de\/wp-content\/uploads\/2019\/12\/IMG_20191207_101250_resized_20191207_123336717-216x300.jpg 216w, https:\/\/echta-derminga.de\/wp-content\/uploads\/2019\/12\/IMG_20191207_101250_resized_20191207_123336717-768x1065.jpg 768w, https:\/\/echta-derminga.de\/wp-content\/uploads\/2019\/12\/IMG_20191207_101250_resized_20191207_123336717.jpg 800w\" sizes=\"auto, (max-width: 644px) 100vw, 644px\" \/><\/figure>\n<\/div>\n\n\n<p class=\"wp-block-paragraph\" style=\"font-size:18px\"><strong>Leuchtende Kinderaugen, gl\u00fcckliche Eltern und verz\u00fcckte Gro\u00dfeltern was will man mehr? Seit vielen Jahren bin ich Mitglied in der Kolpingsfamilie. Als evangelischer Christ ist dies keine Selbstverst\u00e4ndlichkeit aber auch keine Seltenheit mehr. Manchmal denke ich mir, auf dem Land ist die \u00d6kumene schon weiter vorangeschritten als in Rom. Zwei Tage lang durfte ich dem Nikolaus helfen Kinder gl\u00fccklich zu machen. Was kann es Sch\u00f6neres geben? Ich glaube das Nikolaus-Team der Kolpingfamilie hat jede Form der Anerkennung und des Respekts verdient. An meiner Seite ein unglaublicher Knecht Rupprecht der auch au\u00dferhalb der Adventszeit ein guter Freund und Helfer ist. Ich glaube solche Aktionen wie die der Kolpingsfamilie machen unsere Gesellschaft reicher und liebensw\u00fcrdiger. Wenn es uns jetzt noch gelingt diesen weihnachtlichen Zauber mit ins Jahr zu nehmen und auch au\u00dferhalb der Weihnachtszeit zu leben, d\u00fcrften wir alle davon profilieren.<\/strong><\/p>\n\n\n\n<p class=\"wp-block-paragraph\" style=\"font-size:18px\">Liebe, Soe-Fleur, Luna, Luana, Leni, Helena, Luisa, Lilia, Leni, Elisa, Maya, Anna, Zoey, Sarah und liebe Mia, lieber Niclas, Elyas, Jona, Tim, Leo, Philipp, Leon, Lucien, Malte, Mathis, Tristan, David und Henri! Vielen Dank f\u00fcr die sch\u00f6nen Momente und eure vielen selbstgemalten Bilder und Geschenke. Wie versprochen werde ich die Bilder und Kunstwerke aufbewahren.<\/p>\n\n\n\n<p class=\"wp-block-paragraph\" style=\"font-size:18px\">Denkt dran was ich euch \u00fcber das Gl\u00f6ckchen erz\u00e4hlt habe. Nat\u00fcrlich bleibt das unser Geheimnis. Wisst ihr, die Erwachsenen haben es leider nicht so mit dem Glauben. Bis bald!<\/p>\n\n\n\n<p class=\"wp-block-paragraph\" style=\"font-size:18px\"><strong>\u00dcbrigens, dass Wort Advent ist lateinischer Abstammung und bedeutet so viel wie: Ankunft! Ich w\u00fcnsche euch das ihr in dieser stressigen Zeit ankommt und den Advent als solchen genie\u00dfen k\u00f6nnt.<\/strong><\/p>\n\n\n\n<p class=\"wp-block-paragraph\" style=\"font-size:18px\"><strong>Gott gebe euch daf\u00fcr seinen Segen!<\/strong><\/p>\n\n\n<div class=\"wp-block-image\">\n<figure class=\"aligncenter size-large\"><img loading=\"lazy\" decoding=\"async\" width=\"644\" height=\"735\" src=\"https:\/\/echta-derminga.de\/wp-content\/uploads\/2019\/12\/IMG-20191205-WA0003-Kopie-644x735.jpg\" alt=\"\" class=\"wp-image-5032\" srcset=\"https:\/\/echta-derminga.de\/wp-content\/uploads\/2019\/12\/IMG-20191205-WA0003-Kopie-644x735.jpg 644w, https:\/\/echta-derminga.de\/wp-content\/uploads\/2019\/12\/IMG-20191205-WA0003-Kopie-263x300.jpg 263w, https:\/\/echta-derminga.de\/wp-content\/uploads\/2019\/12\/IMG-20191205-WA0003-Kopie.jpg 700w\" sizes=\"auto, (max-width: 644px) 100vw, 644px\" \/><\/figure>\n<\/div>","protected":false},"excerpt":{"rendered":"<p>Der gute alte Martin Luther hatte ein echtes Problem mit dem heiligen Nikolaus. Wir evangelische Christen haben es bekanntlich nicht so mit der Heiligenverehrung. Dennoch ist der 06.Dezember auch f\u00fcr mich ein ganz besonderer Tag. Wissenschaftler glauben zu wissen, dass Luther ma\u00dfgeblich an der Entstehung des uns bekannten blond-gelockten Christkindes beteiligt war. Dabei wollte Luther mit seinem Christkind keineswegs den<\/p>\n","protected":false},"author":1,"featured_media":5024,"comment_status":"closed","ping_status":"closed","sticky":false,"template":"","format":"standard","meta":{"_crdt_document":"","footnotes":""},"categories":[1,9,47,8],"tags":[5,618,763,761,482,762],"class_list":["post-5015","post","type-post","status-publish","format-standard","has-post-thumbnail","hentry","category-allgemein","category-dorfgetratsche","category-meine-kirche","category-sellemols-und-awweile","tag-dirmingen","tag-gemeinde-eppelborn","tag-knecht-ruprecht","tag-nikolaus","tag-traditionen","tag-weihnachtsmann"],"_links":{"self":[{"href":"https:\/\/echta-derminga.de\/index.php?rest_route=\/wp\/v2\/posts\/5015","targetHints":{"allow":["GET"]}}],"collection":[{"href":"https:\/\/echta-derminga.de\/index.php?rest_route=\/wp\/v2\/posts"}],"about":[{"href":"https:\/\/echta-derminga.de\/index.php?rest_route=\/wp\/v2\/types\/post"}],"author":[{"embeddable":true,"href":"https:\/\/echta-derminga.de\/index.php?rest_route=\/wp\/v2\/users\/1"}],"replies":[{"embeddable":true,"href":"https:\/\/echta-derminga.de\/index.php?rest_route=%2Fwp%2Fv2%2Fcomments&post=5015"}],"version-history":[{"count":24,"href":"https:\/\/echta-derminga.de\/index.php?rest_route=\/wp\/v2\/posts\/5015\/revisions"}],"predecessor-version":[{"id":12486,"href":"https:\/\/echta-derminga.de\/index.php?rest_route=\/wp\/v2\/posts\/5015\/revisions\/12486"}],"wp:featuredmedia":[{"embeddable":true,"href":"https:\/\/echta-derminga.de\/index.php?rest_route=\/wp\/v2\/media\/5024"}],"wp:attachment":[{"href":"https:\/\/echta-derminga.de\/index.php?rest_route=%2Fwp%2Fv2%2Fmedia&parent=5015"}],"wp:term":[{"taxonomy":"category","embeddable":true,"href":"https:\/\/echta-derminga.de\/index.php?rest_route=%2Fwp%2Fv2%2Fcategories&post=5015"},{"taxonomy":"post_tag","embeddable":true,"href":"https:\/\/echta-derminga.de\/index.php?rest_route=%2Fwp%2Fv2%2Ftags&post=5015"}],"curies":[{"name":"wp","href":"https:\/\/api.w.org\/{rel}","templated":true}]}}