{"id":5086,"date":"2019-12-22T14:02:53","date_gmt":"2019-12-22T13:02:53","guid":{"rendered":"http:\/\/echta-derminga.de\/?p=5086"},"modified":"2019-12-22T15:01:22","modified_gmt":"2019-12-22T14:01:22","slug":"mit-volldampf-durch-den-advent-auf-der-suche-nach-weihnachten","status":"publish","type":"post","link":"https:\/\/echta-derminga.de\/?p=5086","title":{"rendered":"Mit Volldampf durch den Advent auf der Suche nach Weihnachten"},"content":{"rendered":"\n<p class=\"wp-block-paragraph\" style=\"font-size:18px\">Volle Gesch\u00e4fte, Gedr\u00e4nge in den St\u00e4dten, Weihnachtm\u00e4rkte, Gl\u00fchwein, Kommerz, Hetzte und Stress. Die St\u00e4dte und D\u00f6rfer erstrahlen in gro\u00dfartiger Weihnachtsbeleuchtung. Geb\u00e4ck, Kekse, Zimtgeruch und klebrige H\u00e4nde von den Orangen, Apfelsinen und Clementinen. Der Advent vergeht in der Regel wie im Flug und irgendwann ist dann pl\u00f6tzlich Weihnachten. Keine Spur von Besinnlichkeit und Vorfreude auf das Fest. In vielen H\u00e4usern herrscht Erwartungsdruck und Hektik. &nbsp;Wir rasen durch den Advent und vergessen zu schnell die eigentliche christliche Botschaft dieser wunderbaren Zeit.<\/p>\n\n\n\n<blockquote class=\"wp-block-quote is-layout-flow wp-block-quote-is-layout-flow\"><p><strong>\u201eUnd in all dem bunten Treiben, werden wir noch lange Zeit, auf der Suche nach Weihnachten bleiben, Und bald ist es soweit.\u201c<\/strong><\/p><cite>Songtext: Rolf Zuckowski<\/cite><\/blockquote>\n\n\n\n<p class=\"wp-block-paragraph\" style=\"font-size:18px\"><strong>Das W\u00f6rtchen Advent leitet sich vom lateinischen \u00bbadventus\u00ab ab, was mit \u00bbAnkunft\u00ab \u00fcbersetzt wird. Gemeint ist die Ankunft Jesu Christi. Die Christen bereitet sich im Advent auf die Ankunft von Jesus Christus vor. Dem eigentlichen Weihnachtsfest gehen vier Adventssonntage voraus wobei mit dem ersten Adventssonntag das neue Kirchenjahr beginnt. Die graue Novemberstimmung verblasst im Lichterglanz des Advents. Von unserer eigenen Ankunft sind wir hingegen meilenweit entfernt. Auch die Ankunft des Erl\u00f6sers ger\u00e4t in diesen Zeiten immer mehr in den Hintergrund. Alles hetzt und wetzt und rennt durch den Advent. Am Ende bleibt die Hoffnung auf ein sch\u00f6nes, entspanntes Weihnachtsfest verbunden mit der Frage: Weihnachtsgef\u00fchl wo bist du?<\/strong><\/p>\n\n\n\n<div class=\"wp-block-image\"><figure class=\"aligncenter size-large\"><img loading=\"lazy\" decoding=\"async\" width=\"644\" height=\"483\" src=\"https:\/\/echta-derminga.de\/wp-content\/uploads\/2019\/12\/Blog-2-644x483.jpg\" alt=\"\" class=\"wp-image-5097\" srcset=\"https:\/\/echta-derminga.de\/wp-content\/uploads\/2019\/12\/Blog-2-644x483.jpg 644w, https:\/\/echta-derminga.de\/wp-content\/uploads\/2019\/12\/Blog-2-300x225.jpg 300w, https:\/\/echta-derminga.de\/wp-content\/uploads\/2019\/12\/Blog-2-768x576.jpg 768w, https:\/\/echta-derminga.de\/wp-content\/uploads\/2019\/12\/Blog-2.jpg 800w\" sizes=\"auto, (max-width: 644px) 100vw, 644px\" \/><figcaption>Wohin f\u00fchrt uns der Weg ?<\/figcaption><\/figure><\/div>\n\n\n\n<p class=\"wp-block-paragraph\" style=\"font-size:18px\">Ich erlebe es jedes Jahr auf Neue und diene inzwischen als mahnendes, abschreckendes Beispiel. Meine Familie bekommt mich in der Adventszeit nur selten zu Gesicht. Da ist so viel zu tun und so viele Termine einzuhalten. Weihnachtsmarkt, Weihnachtskonzert, Adventssingen, Weihnachtsbaumaktion, Wunschbaumaktion und daneben auch noch ehrenamtliche T\u00e4tigkeiten f\u00fcr den Fu\u00dfball, die Partei und die Kirche. Ganz nebenbei muss ich in dieser Zeit auch noch meinen Br\u00f6tchen verdienen. Von vorweihnachtlichen Gef\u00fchlen und einer besinnlichen Adventszeit keine Spur. Weihnachten wo bist du? Wir rasen durch den Advent auf der Suche nach Weihnachten. Jeder mutet sich halt so viel zu wie er kann und jeder muss am Ende sein P\u00e4ckchen selbst tragen.<\/p>\n\n\n\n<blockquote class=\"wp-block-quote is-layout-flow wp-block-quote-is-layout-flow\"><p><strong>\u201eDie Zeit beginnt zu laufen, Es gibt so viel zu tun, Jeder w\u00fcnscht sich ein paar Tage, Um endlich auszuruhen, Da fehlen noch Geschenke, Und dann der Weihnachtsbaum, Pakete packen, Karten schreiben, Das alles schafft man kaum, Und in all dem bunten Treiben, Werden wir noch lange Zeit, Auf der Suche nach Weihnachten bleiben, Und bald ist es soweit.\u201c<\/strong><\/p><cite>Songtext : Rolf Zuckowski<\/cite><\/blockquote>\n\n\n\n<p class=\"wp-block-paragraph\" style=\"font-size:18px\"><strong>Es ist schon was dran an dem alten Weihnachtsklassiker von Rolf Zuckowski. Die eigentliche Botschaft des Advents geht jedes Jahr aufs Neue verloren. Auf der Suche nach Weihnachten und dem perfekten Fest verlieren wir das wesentliche aus den Augen. Mit dem Advent verbinden viele Menschen bestimmte W\u00fcnsche und Vorstellungen. Traditionen und Br\u00e4uche spielen dabei eine gro\u00dfe Rolle. Fr\u00fcher war die Adventszeit eine Fastenzeit eine sogenannte \u00bbgeschlossene Zeit\u00ab, in der weder getanzt noch gefeiert werden durfte. Die heutige Form der Adventszeit liegt im 7. Jahrhundert begr\u00fcndet, als Papst Gregor die Zahl der Sonntage von sechs auf vier festlegte. Die Zahl vier symbolisiert die viertausend Jahre, welche die Menschen gem\u00e4\u00df kirchlicher Geschichtsschreibung nach dem S\u00fcndenfall im Paradies auf den Erl\u00f6ser warten m\u00fcssen.<\/strong><\/p>\n\n\n\n<p class=\"wp-block-paragraph\" style=\"font-size:18px\">Ausgerechnet auf der Suche nach Weihnachten \u00fcbersehen wir viel zu oft unsere Lieben und verkennen die Situation. Dabei sollten wir uns gerade im Advent auf das Wesentliche besinnen. Wir versuchen mit Spenden, guten Gesten und gro\u00dfen Geschenken unser Gewissen zu erleichtern und haben indes doch ein schlechtes Gewissen. Wie finden wir in der hektischen Adventszeit den oft zitierten Weihnachtsgeist und den inneren Frieden? Besteht Weihnachten nur noch aus Essen, Trinken und Schenken? Geht es am Ende \u00fcberhaupt nicht mehr um das eigentliche Geburtstagsfest Jesu Christi? Wenn ich mir so meine Gedanken mache k\u00f6nnte ich leicht zum \u201eGrinch\u201c werden. Kein Wunder das immer mehr Leute, genauso wie die M\u00e4rchengestalt \u201eGrinch\u201c das Weihnachtsfest hassen und den damit verbundenen Kommerz verabscheuen. Arbeit, Hektik, Stress und Gier beherrschen die besinnlichste Zeit des Jahres. Wir haben l\u00e4ngst verlernt das Weihnachtsfest zu zelebrieren. Wir befinden uns auf der Suche nach Weihnachten und bemerken kaum das wir dem Ziel n\u00e4her sind als wir glauben. Glauben?!? Ach ja, da war doch was? Der Glaube spielt zu Weihnachten immer weniger eine Rolle.<\/p>\n\n\n\n<div class=\"wp-block-image\"><figure class=\"aligncenter size-large\"><img loading=\"lazy\" decoding=\"async\" width=\"644\" height=\"483\" src=\"https:\/\/echta-derminga.de\/wp-content\/uploads\/2019\/12\/blog-3-644x483.jpg\" alt=\"\" class=\"wp-image-5100\" srcset=\"https:\/\/echta-derminga.de\/wp-content\/uploads\/2019\/12\/blog-3-644x483.jpg 644w, https:\/\/echta-derminga.de\/wp-content\/uploads\/2019\/12\/blog-3-300x225.jpg 300w, https:\/\/echta-derminga.de\/wp-content\/uploads\/2019\/12\/blog-3-768x576.jpg 768w, https:\/\/echta-derminga.de\/wp-content\/uploads\/2019\/12\/blog-3.jpg 900w\" sizes=\"auto, (max-width: 644px) 100vw, 644px\" \/><figcaption>Gutes bewirken im Kulturverein Dirmingen<\/figcaption><\/figure><\/div>\n\n\n\n<p class=\"wp-block-paragraph\" style=\"font-size:18px\"><strong>Noch ist nichts verloren, es gab auch in diesem  Advent viele sch\u00f6ne, emotionale Momente. W\u00e4hrend der diesj\u00e4hrigen Weihnachtsbaumaktion am \u201eKl\u00e4se\u201c Keller durfte ich wiedermal erleben, dass viele Menschen ihre eigenen Interessen hintenanstellen, um gutes zu bewirken. Eine Woche lang arbeiten die Kulturaner f\u00fcr das Wohl der Dorfbev\u00f6lkerung. Nur die wenigsten wissen, dass das Geld dieser Weihnachtsbaumaktion f\u00fcr die Aufwertung der Dorfgemeinschaft verwendet wird. Die ehrenamtlichen Mitarbeiter\/innen bekommen keinen Cent f\u00fcr ihre Dienstleistungen. Es geh\u00f6rt schon was dazu sich in den Dienst der Dorfgemeinschaft zu stellen und nebenbei auf jedes m\u00f6gliche Adventsgef\u00fchl zu verzichten. Der \u201eKl\u00e4se\u201c Keller wird jedes Jahr im Advent zu einer &#8222;Wohlf\u00fchloase&#8220;. Dort in dem kleinen historischen Gem\u00e4uer trifft sich im Advent die Bev\u00f6lkerung, um sich von der stressigen Adventszeit zu erholen. Dieses gelingt einmal mehr und einmal weniger. Im Keller kann man bei Gl\u00fchwein, Geb\u00e4ck und leichter Kost die Seele baumeln lassen und das Leben genie\u00dfen. Nur wer sorgt am Ende f\u00fcr das ganz vorweihnachtliche Treiben? Wer k\u00fcmmert sich um Vorbereitungen, Dienstleistungen und Angebote? Immer die Gleichen? Nein, es gibt immer wieder Menschen, die sich aufs Neue dazu entscheiden anzupacken. Leider werden immer die Gleichen an vielen Stellen gebraucht und somit leicht verschlissen. Was wir brauchen ist mehr Miteinander!<\/strong><\/p>\n\n\n\n<p class=\"wp-block-paragraph\" style=\"font-size:18px\">Bald ist Weihnachten. Auf der Suche nach Weihnachten bleibt vieles auf der Strecke. In der heutigen Zeit ist es nicht mehr so leicht sich auf das Fest der Liebe zu freuen. Es soll sogar Menschen geben, die sich w\u00fcnschen, dass der ganz Trubel doch rasch vorbei geht. Ich denke an Einsame oder Kranke Menschen f\u00fcr die Weihnachten zum Horror werden kann oder auch an diejenigen die in diesem Jahr einen geliebten Menschen verloren haben. Welche Bedeutung hat Weihnachten f\u00fcr die zur\u00fcckgebliebenen? Wir rasen durch unser Leben und Werden meistens erst wach, wenn wir mit dem Kopf gegen die Wand gesto\u00dfen sind. Schlechte Nachrichten schmerzen in der Weihnachtszeit ganz besonders. Wenn es um Schmerz, Trauer und Verlust geht werden wir pl\u00f6tzlich wieder empf\u00e4nglich f\u00fcr die eigentliche Botschaft von Weihnachten.<\/p>\n\n\n\n<blockquote class=\"wp-block-quote is-layout-flow wp-block-quote-is-layout-flow\"><p><strong>&nbsp;\u201eUnd in all dem bunten Treiben, werden wir noch lange Zeit, lange Zeit, auf der Suche nach Weihnachten bleiben, Und bald ist es soweit.\u201c<\/strong><\/p><cite>Songtext: Rolf Zuckowski<\/cite><\/blockquote>\n\n\n\n<p class=\"wp-block-paragraph\" style=\"font-size:18px\">Wie bereits erw\u00e4hnt, am Ende gib es auch in diesem Advent Grund zur Hoffnung. Nat\u00fcrlich spielen in der Adventszeit unsere Emotionen eine gewichtige Rolle. So geschehen bei der diesj\u00e4hrigen Abschlussveranstaltung \u201eWeihnachten am Kirchberg\u201c, der Weihnachtsbaumaktion des Kulturvereins. Schon die Wunschbaumaktion des Kulturvereins sorgte f\u00fcr einige r\u00fchrende Momente. Kinder k\u00f6nnen w\u00e4hrend der Woche einen Wunschzettel ausf\u00fcllen und an den ausgestellten Wunschbaum h\u00e4ngen. Diese W\u00fcnsche wurden auch in diesem Jahr vom Kulturverein Dirmingen in Zusammenarbeit mit der Kolpingfamilie Dirmingen, des Gewerbevereins und des Ortsvorstehers erf\u00fcllt. Gro\u00dfe Kinderaugen und dankbare Eltern. Was will man mehr? W\u00fcnschenswert w\u00e4re es, wenn wir mit dieser Aktion noch mehr Kinder erreichen w\u00fcrden. Vielleicht auch diejenigen die keine gro\u00dfen Geschenke zum Weihnachtsfest erwarten d\u00fcrfen.<\/p>\n\n\n\n<div class=\"wp-block-image\"><figure class=\"aligncenter size-large\"><img loading=\"lazy\" decoding=\"async\" width=\"644\" height=\"483\" src=\"https:\/\/echta-derminga.de\/wp-content\/uploads\/2019\/12\/blog-4-644x483.jpg\" alt=\"\" class=\"wp-image-5102\" srcset=\"https:\/\/echta-derminga.de\/wp-content\/uploads\/2019\/12\/blog-4-644x483.jpg 644w, https:\/\/echta-derminga.de\/wp-content\/uploads\/2019\/12\/blog-4-300x225.jpg 300w, https:\/\/echta-derminga.de\/wp-content\/uploads\/2019\/12\/blog-4-768x576.jpg 768w, https:\/\/echta-derminga.de\/wp-content\/uploads\/2019\/12\/blog-4.jpg 800w\" sizes=\"auto, (max-width: 644px) 100vw, 644px\" \/><figcaption>Zimtkl\u00e4nge waren bezaubernd<\/figcaption><\/figure><\/div>\n\n\n\n<p class=\"wp-block-paragraph\" style=\"font-size:18px\"><strong>Meine pers\u00f6nlichen Highlights im Advent sind mit Musik verbunden. Das erstmals ausgerichtete Adventskonzert \u201eZimtkl\u00e4nge\u201c hat alle meine Erwartungen \u00fcbertroffen. Zimtkl\u00e4nge und auch die M\u00e4dchengruppe \u201eAVA\u201c waren bezaubernd und hinterlie\u00dfen gro\u00dfe Begeisterung. Nat\u00fcrlich war es f\u00fcr mich besonders emotional meine T\u00f6chter und ihre gemeinsame Freundin musizieren zu sehen. Musik ist ein fester und wichtiger Bestandteil im Advent. Was w\u00e4re Weihnachten ohne die traditionelle und auch kommerzielle Weihnachtsmusik? Nat\u00fcrlich war auch das Adventskonzert unseres Kirchenchores mal wieder etwas ganz Besonderes. Unser Chor verf\u00fcgt \u00fcber eine wunderbare Gemeinschaft. Wir sollten darauf achten dieses hohe Gut zu bewahren.<\/strong><\/p>\n\n\n\n<div class=\"wp-block-image\"><figure class=\"aligncenter size-large\"><img loading=\"lazy\" decoding=\"async\" width=\"644\" height=\"341\" src=\"https:\/\/echta-derminga.de\/wp-content\/uploads\/2019\/12\/Blog-5-644x341.jpg\" alt=\"\" class=\"wp-image-5105\" srcset=\"https:\/\/echta-derminga.de\/wp-content\/uploads\/2019\/12\/Blog-5-644x341.jpg 644w, https:\/\/echta-derminga.de\/wp-content\/uploads\/2019\/12\/Blog-5-300x159.jpg 300w, https:\/\/echta-derminga.de\/wp-content\/uploads\/2019\/12\/Blog-5-768x406.jpg 768w, https:\/\/echta-derminga.de\/wp-content\/uploads\/2019\/12\/Blog-5.jpg 800w\" sizes=\"auto, (max-width: 644px) 100vw, 644px\" \/><figcaption>AVA mit meinen M\u00e4dels<\/figcaption><\/figure><\/div>\n\n\n\n<p class=\"wp-block-paragraph\" style=\"font-size:18px\">W\u00e4hrend der Veranstaltung \u201eWeihnachten am Kirchberg\u201c konnte man sich einmal mehr von der Macht der Musik \u00fcberzeugen. Die Hobby- Musikgruppe \u201eSaitenkl\u00e4nge\u201c besteht aus Dirmingerinnen und Dirmingern die sich einmal w\u00f6chentlich treffen, um gemeinsam Musik zu machen. Ab und zu greifen &#8222;Saitenkl\u00e4nge&#8220; auch in der \u00d6ffentlichkeit zur Klampfe und verbreiten eine gewisse Lagerfeueratmosph\u00e4re. Gemeinsam mit dem Dirminger Ur-Gestein Mac Gabler wurde ohne Vorbereitung Weihnachtslieder gespielt. Als das ganze Zelt die altbekannten Weihnachtsklassiker mit sang verbreitete sich eine wunderbare harmonische vorweihnachtliche Stimmung.<\/p>\n\n\n\n<div class=\"wp-block-image\"><figure class=\"aligncenter size-large\"><img loading=\"lazy\" decoding=\"async\" width=\"644\" height=\"483\" src=\"https:\/\/echta-derminga.de\/wp-content\/uploads\/2019\/12\/6-644x483.jpg\" alt=\"\" class=\"wp-image-5107\" srcset=\"https:\/\/echta-derminga.de\/wp-content\/uploads\/2019\/12\/6-644x483.jpg 644w, https:\/\/echta-derminga.de\/wp-content\/uploads\/2019\/12\/6-300x225.jpg 300w, https:\/\/echta-derminga.de\/wp-content\/uploads\/2019\/12\/6-768x576.jpg 768w, https:\/\/echta-derminga.de\/wp-content\/uploads\/2019\/12\/6.jpg 800w\" sizes=\"auto, (max-width: 644px) 100vw, 644px\" \/><figcaption>Singend den Advent erleben <\/figcaption><\/figure><\/div>\n\n\n\n<p class=\"wp-block-paragraph\" style=\"font-size:18px\"><strong>Ab und zu kann es nicht schaden auch mal zur Bibel zu greifen. Schlie\u00dflich hat Weihnachten doch so einiges mit Glauben und Hoffnung zu tun. Also nutzt die restlichen Advents-tage doch einfach mal zur Besinnung. Nehmt euch ein Buch, ein Glas Wein und meinetwegen auch etwas Schokolade oder selbstgemachtes Geb\u00e4ck und badet eure Seele im Licht. Es muss ja nicht gleich die Bibel sein. Dennoch finden wir gerade im Buch der B\u00fccher viele passende Zitate und Verse, die uns in schwierigen Zeiten lernen das Leben zu meistern. In diesem Sinne:<\/strong><\/p>\n\n\n\n<p class=\"wp-block-paragraph\" style=\"font-size:18px\"><strong>&nbsp;\u201eWenn wir aber auf das hoffen, was wir nicht sehen, so warten wir darauf in Geduld.\u201c (R\u00f6mer 8,25)<\/strong><\/p>\n\n\n\n<p class=\"wp-block-paragraph\" style=\"font-size:18px\"><strong>Ich w\u00fcnsche Euch trotz alledem gesegnete und besinnliche Tage in dieser stressigen und anstrengenden Zeit .Ich bef\u00fcrchte jedoch am Ende dieser magischen Zeit, dass wir auch zuk\u00fcnftig auf der Suche nach Weihnachten bleiben\u2026..und bald ist es soweit !<\/strong><\/p>\n","protected":false},"excerpt":{"rendered":"<p>Volle Gesch\u00e4fte, Gedr\u00e4nge in den St\u00e4dten, Weihnachtm\u00e4rkte, Gl\u00fchwein, Kommerz, Hetzte und Stress. Die St\u00e4dte und D\u00f6rfer erstrahlen in gro\u00dfartiger Weihnachtsbeleuchtung. Geb\u00e4ck, Kekse, Zimtgeruch und klebrige H\u00e4nde von den Orangen, Apfelsinen und Clementinen. Der Advent vergeht in der Regel wie im Flug und irgendwann ist dann pl\u00f6tzlich Weihnachten. Keine Spur von Besinnlichkeit und Vorfreude auf das Fest. In vielen H\u00e4usern herrscht<\/p>\n","protected":false},"author":1,"featured_media":5096,"comment_status":"open","ping_status":"closed","sticky":false,"template":"","format":"standard","meta":{"_crdt_document":"","footnotes":""},"categories":[1,9,100],"tags":[5,618,231,349,310,764],"class_list":["post-5086","post","type-post","status-publish","format-standard","has-post-thumbnail","hentry","category-allgemein","category-dorfgetratsche","category-meine-kulturaner","tag-dirmingen","tag-gemeinde-eppelborn","tag-klaese-keller","tag-kulturverein-dirmingen","tag-saarland","tag-weihnachten-im-dorf"],"_links":{"self":[{"href":"https:\/\/echta-derminga.de\/index.php?rest_route=\/wp\/v2\/posts\/5086","targetHints":{"allow":["GET"]}}],"collection":[{"href":"https:\/\/echta-derminga.de\/index.php?rest_route=\/wp\/v2\/posts"}],"about":[{"href":"https:\/\/echta-derminga.de\/index.php?rest_route=\/wp\/v2\/types\/post"}],"author":[{"embeddable":true,"href":"https:\/\/echta-derminga.de\/index.php?rest_route=\/wp\/v2\/users\/1"}],"replies":[{"embeddable":true,"href":"https:\/\/echta-derminga.de\/index.php?rest_route=%2Fwp%2Fv2%2Fcomments&post=5086"}],"version-history":[{"count":22,"href":"https:\/\/echta-derminga.de\/index.php?rest_route=\/wp\/v2\/posts\/5086\/revisions"}],"predecessor-version":[{"id":5126,"href":"https:\/\/echta-derminga.de\/index.php?rest_route=\/wp\/v2\/posts\/5086\/revisions\/5126"}],"wp:featuredmedia":[{"embeddable":true,"href":"https:\/\/echta-derminga.de\/index.php?rest_route=\/wp\/v2\/media\/5096"}],"wp:attachment":[{"href":"https:\/\/echta-derminga.de\/index.php?rest_route=%2Fwp%2Fv2%2Fmedia&parent=5086"}],"wp:term":[{"taxonomy":"category","embeddable":true,"href":"https:\/\/echta-derminga.de\/index.php?rest_route=%2Fwp%2Fv2%2Fcategories&post=5086"},{"taxonomy":"post_tag","embeddable":true,"href":"https:\/\/echta-derminga.de\/index.php?rest_route=%2Fwp%2Fv2%2Ftags&post=5086"}],"curies":[{"name":"wp","href":"https:\/\/api.w.org\/{rel}","templated":true}]}}