{"id":5157,"date":"2019-12-27T13:42:24","date_gmt":"2019-12-27T12:42:24","guid":{"rendered":"http:\/\/echta-derminga.de\/?p=5157"},"modified":"2019-12-27T14:25:35","modified_gmt":"2019-12-27T13:25:35","slug":"jedes-kind-braucht-einen-engel-gebt-den-kindern-das-kommando","status":"publish","type":"post","link":"https:\/\/echta-derminga.de\/?p=5157","title":{"rendered":"Jedes Kind braucht einen Engel \u2013 Mehr Vertrauen in die Kinder unserer Zeit"},"content":{"rendered":"\n<blockquote class=\"wp-block-quote is-layout-flow wp-block-quote-is-layout-flow\"><p><strong>\u201eSie sind der Anfang und das Licht, doch wir sehen es nicht, sie sind das Wort, dass niemals bricht, doch wir verstehen es nicht, Sie haben Herzen, die begreifen jede Hand, die gibt und \u00f6ffnen sich dem, der sich zeigt und ihnen Liebe gibt.<\/strong><\/p><cite> <strong>(Liedtext: Klaus Hoffmann)<\/strong> <\/cite><\/blockquote>\n\n\n\n<p class=\"wp-block-paragraph\" style=\"font-size:18px\">Es gibt nichts Sch\u00f6neres als ein Kind aufwachsen zu sehen. Das Ganze wird nat\u00fcrlich noch intensiver, wenn es sich um die eigenen Kinder handelt. Heute sollte man in der \u00d6ffentlichkeit vorsichtig mit seinen Aussagen sein. Wenn ich sage: Ich liebe Kinder, k\u00f6nnte das von manchem Zeitgenossen falsch verstanden werden und man befindet sich schnell mit einem Bein im Abseits. Dennoch hat mich die Arbeit mit Kindern immer begeistert. Die Kinder- und Jugendarbeit im Verein oder im \u00f6ffentlichen Leben war mir immer eine Herzensangelegenheit. Wenn man dann noch eigene Kinder hat, wird die Sache meistens sehr emotional. Wenn unsere Kinder klein sind, m\u00f6chten wir Sie sch\u00fctzen und ihnen alles Gl\u00fcck der Welt mit auf den Weg geben. So sehr wir sie auch auf ihrem Weg begleiten m\u00f6chten, letztlich m\u00fcssen unsere Kinder ihren Weg ganz allein bestreiten.<\/p>\n\n\n\n<blockquote class=\"wp-block-quote is-layout-flow wp-block-quote-is-layout-flow\"><p><strong>Sie sind das Wasser und die Kraft, doch wir beugen sie, die Kraft, die neues Leben schafft doch wir beschneiden sie, Sie haben Augen, die k\u00f6nnen viele Sonnen sehn, doch wer sie bricht, der wird in ihnen, seinen Schatten sehn.<\/strong><\/p><cite> <strong>(Liedtext: Klaus Hoffmann)<\/strong> <\/cite><\/blockquote>\n\n\n\n<p class=\"wp-block-paragraph\" style=\"font-size:18px\">Wir haben drei Kinder! Ich schreibe bewusst \u201eWir\u201c weil ich Sie alleine nie bekommen h\u00e4tte. Am Anfang hie\u00df es: Hauptachse gesund! Einige Jahre sp\u00e4ter hie\u00df es: Sei flei\u00dfig in der Schule! W\u00e4hrend der Pubert\u00e4t hie\u00df es: Schau das etwas aus dir wird! Aber was soll den genau aus unseren Kindern werden? Was ist wichtiger: Erfolg, Gl\u00fcck oder Gesundheit. Eltern w\u00fcnschen sich wohl alles f\u00fcr ihr Kind. Ich pers\u00f6nlich w\u00fcnsche mir f\u00fcr meine Kinder das Sie in ihrem Leben folgende wichtige Eigenschaften in ihr Herz schlie\u00dfen: Selbstvertrauen, Offenheit, Respekt, Kampfgeist, Toleranz, Glaube und Liebe. Am besten Sie setzen das Herz immer vor den Verstand. Das Bauchgef\u00fchl ist im Leben entscheidend ! Man kann es nicht steuern. Jedes Kind wird Erwachsen und nimmt sein Leben selbst in die Hand. Jedes Kind hat Talent. Es liegt an uns Eltern diese zu erkennen und zu f\u00f6rdern.<\/p>\n\n\n\n<blockquote class=\"wp-block-quote is-layout-flow wp-block-quote-is-layout-flow\"><p><strong>Sie sind der Boden, der uns tr\u00e4gt, doch wir bel\u00e4cheln sie, das Gr\u00fcn, das aus den Zweigen schl\u00e4gt, doch wir zerbrechen sie, Sie sind die Zukunft, doch wir sperren ihre Tr\u00e4ume ein und sehen fassungslos, aus unsern Mauern stammt der erste Stein.<br><\/strong><\/p><cite> <strong>(Liedtext: Klaus Hoffmann)<\/strong>  <\/cite><\/blockquote>\n\n\n\n<p class=\"wp-block-paragraph\" style=\"font-size:18px\">Meine \u00c4lteste hat sich wunderbar entwickelt. Fr\u00fcher war sie ist das personifizierte Chaos. Aus einem leicht verpeilten kleinen M\u00e4dchen wurde eine junge Frau die locker durchs Leben geht und ihren Alltag meistert. Sie ist mittendrin und schmiedet t\u00e4glich neue Pl\u00e4ne. Sie ist wundervoll, Sie ist talentiert, Sie singt wundersch\u00f6n und malt traumhafte Bilder.<\/p>\n\n\n\n<p class=\"wp-block-paragraph\" style=\"font-size:18px\">Meine mittlere ist klar im Denken und voller Visionen. Sie hat ihr Ziel fest im Auge und zudem feste Vorstellungen von ihrem Leben. Sie ist Realist und wei\u00df genau was Sie von ihrem Leben zu erwarten hat. Auch sie ist wundervoll, kann ebenfalls traumhaft singen und ist ein echtes Organisationstalent.<\/p>\n\n\n\n<p class=\"wp-block-paragraph\" style=\"font-size:18px\">Mein Sohn ist ein liebevoller Tr\u00e4umer. Er ist erstaunlich ehrgeizig, aufgeweckt und zielorientiert. Auch er hat eine k\u00fcnstlerische Ader und malt wundersch\u00f6ne Bilder. T\u00e4glich nimmt er sich Zeit f\u00fcr diese Leidenschaft. Er hat eine ausgepr\u00e4gte Phantasie und ist voller Energie und Leben. Er ist richtig und hat das Herz am rechten Fleck.<\/p>\n\n\n\n<p class=\"wp-block-paragraph\" style=\"font-size:18px\">Wir leben in einer Patch-Work Family und es gibt in meinem Leben noch zwei weitere Jungs. Dabei handelt es sich um zwei junge M\u00e4nner die ebenfalls mit beiden Beinen im Leben stehen. Auch diese beiden Jungs habe ich aufwachsen sehen und durfte erleben wie aus Ihnen zielstrebige und selbst\u00e4ndige M\u00e4nner wurden.<\/p>\n\n\n\n<p class=\"wp-block-paragraph\" style=\"font-size:18px\"><strong>Warum ver\u00f6ffentliche ich diese doch sehr privaten Dinge?&nbsp;Ganz einfach:<\/strong><\/p>\n\n\n\n<p class=\"wp-block-paragraph\" style=\"font-size:18px\">Ich denke wir sollten uns t\u00e4glich vor Augen f\u00fchren wie wichtig Kinder sind. In unseren Zeiten ist Kinder bekommen l\u00e4ngst nicht mehr in Mode. Wenn \u00fcberhaupt bekommt man h\u00f6chstens noch ein Kind. Die Karriere, Urlaub und das eigene Leben stehen im Vordergrund. Hinzu kommen Angst vor Katastrophen und Kriegen. Wir leben in unsicheren Zeiten. Eine Frau sagte mal zu mir: \u201eWenn ich Kinder bekomme, m\u00f6chte ich denen auch etwas bieten k\u00f6nnen\u201c. Die Zukunftsangst blockiert uns in unserem Tun und Handeln. Ich w\u00fcnsche mir mehr Gottvertrauen oder von mir aus auch mehr Vertrauen in das Leben.<\/p>\n\n\n\n<p class=\"wp-block-paragraph\" style=\"font-size:18px\"><strong>Im Jahre 1942 schreibt Schalom Ben-Chorin in seinem Gedicht \u201eDas Zeichen\u201c folgende Zeilen.<\/strong><\/p>\n\n\n\n<blockquote class=\"wp-block-quote is-layout-flow wp-block-quote-is-layout-flow\"><p><strong>\u201eFreunde, dass der Mandelzweig wieder bl\u00fcht und treibt, ist das nicht in Fingerzeig, dass die Liebe bleibt? Dass das Leben nicht verging, so viel Blut auch schreit, achtet dieses nicht gering in der tr\u00fcbsten Zeit. Tausende zerstampft der Krieg, eine Welt vergeht. Doch des Lebens Bl\u00fctensieg leicht im Winde weht. Freunde, dass der Mandelzweig sich in Bl\u00fcten wiegt, das bleibt mir ein Fingerzeig f\u00fcr das Leben Sieg.<\/strong><\/p><\/blockquote>\n\n\n\n<p class=\"wp-block-paragraph\" style=\"font-size:18px\"><strong>Sp\u00e4ter wurde aus diesem Gedicht auch ein Lied gemacht. Ich pers\u00f6nlich finde, dass diese Zeilen wunderbar verdeutlichen, dass das Leben sich immer wieder durchsetzt.<\/strong><\/p>\n\n\n\n<p class=\"wp-block-paragraph\" style=\"font-size:18px\">Wenn ich an meine eigene Kindheit und an die meiner Kinder zur\u00fcckdenke, stelle ich fest, dass sich Vertrauen durchaus lohnt. Ich erinnere mich an viele kleine M\u00e4dchen und Jungs, Freundinnen meiner T\u00f6chter und Freunde meiner Stiefs\u00f6hne, die heute fest im Leben stehen. Ich erinnere mich an meine Schulfreunde und an ihre Kindheit. Viele hatten keine einfache Kindheit und stehen heute dennoch fest im Leben.<\/p>\n\n\n\n<p class=\"wp-block-paragraph\" style=\"font-size:18px\">Aus wilden kleinen Kickern wurden klasse Fu\u00dfballer, aus talentierten Ballerinnen wurden wundersch\u00f6ne Gardem\u00e4dchen, aus schlechten Sch\u00fclern wurden eigenst\u00e4ndige Handwerker und aus kleinen Chaoten wurden die besten Organisatoren. In jedem Kind steckt ein Talent. Es liegt an uns dieses zu erkennen und zu f\u00f6rdern. Am Beispiel Jugendzentrum Dirmingen k\u00f6nnen wir eindrucksvoll feststellen, was passiert, wenn man Kinder oder Jugendlichen Vertrauen schenkt. Ohne das Mitwirken und das Engagement zahlreicher Jugendlicher w\u00fcrde es heute kein Jugendtreff in Dirmingen geben. Mich pers\u00f6nlich hat meine \u201eMittlere\u201c in dieser Angelegenheit total \u00fcberrascht. Wir finden vielerorts gute Beispiele die auf eine bessere Zukunft hoffen lassen. Kinder und Jugendliche k\u00f6nnen gestalten und verwalten. Wichtig ist, dass wir Ihnen unser Vertrauen schenken. Unsere Jugend ist viel besser als ihr Ruf !<\/p>\n\n\n\n<p class=\"wp-block-paragraph\" style=\"font-size:18px\"><strong>Mein Wunsch f\u00fcr das n\u00e4chste Jahrzehnt: Lasst die Kinder machen &#8211; Gebt den Kindern das Kommando! Das Leben setzt sich immer durch !<\/strong><\/p>\n","protected":false},"excerpt":{"rendered":"<p>\u201eSie sind der Anfang und das Licht, doch wir sehen es nicht, sie sind das Wort, dass niemals bricht, doch wir verstehen es nicht, Sie haben Herzen, die begreifen jede Hand, die gibt und \u00f6ffnen sich dem, der sich zeigt und ihnen Liebe gibt. (Liedtext: Klaus Hoffmann) Es gibt nichts Sch\u00f6neres als ein Kind aufwachsen zu sehen. Das Ganze wird<\/p>\n","protected":false},"author":1,"featured_media":5162,"comment_status":"open","ping_status":"closed","sticky":false,"template":"","format":"standard","meta":{"_crdt_document":"","footnotes":""},"categories":[1,9],"tags":[767,618,770,768,769],"class_list":["post-5157","post","type-post","status-publish","format-standard","has-post-thumbnail","hentry","category-allgemein","category-dorfgetratsche","tag-dirmingen-illtal","tag-gemeinde-eppelborn","tag-kinder","tag-neues-jahr","tag-neues-jahrzehnt"],"_links":{"self":[{"href":"https:\/\/echta-derminga.de\/index.php?rest_route=\/wp\/v2\/posts\/5157","targetHints":{"allow":["GET"]}}],"collection":[{"href":"https:\/\/echta-derminga.de\/index.php?rest_route=\/wp\/v2\/posts"}],"about":[{"href":"https:\/\/echta-derminga.de\/index.php?rest_route=\/wp\/v2\/types\/post"}],"author":[{"embeddable":true,"href":"https:\/\/echta-derminga.de\/index.php?rest_route=\/wp\/v2\/users\/1"}],"replies":[{"embeddable":true,"href":"https:\/\/echta-derminga.de\/index.php?rest_route=%2Fwp%2Fv2%2Fcomments&post=5157"}],"version-history":[{"count":19,"href":"https:\/\/echta-derminga.de\/index.php?rest_route=\/wp\/v2\/posts\/5157\/revisions"}],"predecessor-version":[{"id":5182,"href":"https:\/\/echta-derminga.de\/index.php?rest_route=\/wp\/v2\/posts\/5157\/revisions\/5182"}],"wp:featuredmedia":[{"embeddable":true,"href":"https:\/\/echta-derminga.de\/index.php?rest_route=\/wp\/v2\/media\/5162"}],"wp:attachment":[{"href":"https:\/\/echta-derminga.de\/index.php?rest_route=%2Fwp%2Fv2%2Fmedia&parent=5157"}],"wp:term":[{"taxonomy":"category","embeddable":true,"href":"https:\/\/echta-derminga.de\/index.php?rest_route=%2Fwp%2Fv2%2Fcategories&post=5157"},{"taxonomy":"post_tag","embeddable":true,"href":"https:\/\/echta-derminga.de\/index.php?rest_route=%2Fwp%2Fv2%2Ftags&post=5157"}],"curies":[{"name":"wp","href":"https:\/\/api.w.org\/{rel}","templated":true}]}}