{"id":5393,"date":"2020-02-01T13:17:47","date_gmt":"2020-02-01T12:17:47","guid":{"rendered":"http:\/\/echta-derminga.de\/?p=5393"},"modified":"2020-02-01T13:53:34","modified_gmt":"2020-02-01T12:53:34","slug":"guter-tag-fuer-dirmingen-neueroeffnung-eines-lebensmittelgeschaeftes-ein-segen-fuer-unser-dorf","status":"publish","type":"post","link":"https:\/\/echta-derminga.de\/?p=5393","title":{"rendered":"Guter Tag f\u00fcr Dirmingen \u2013Neuer\u00f6ffnung eines Lebensmittelgesch\u00e4ftes ein Segen f\u00fcr unser Dorf"},"content":{"rendered":"\n<p class=\"wp-block-paragraph\" style=\"font-size:18px\"><strong>Seit Donnerstag, 30. Januar 2020 hat unser Heimatort Dirmingen endlich wieder ein Lebensmittelgesch\u00e4ft. Herr Abd Aljalel Saymoa, Gesch\u00e4ftsf\u00fchrer der Fa. Cham Saar, er\u00f6ffnete in den Gesch\u00e4ftsr\u00e4umen der alten ASKO-Filiale einen neuen Verkaufsmarkt.<\/strong><\/p>\n\n\n\n<p class=\"wp-block-paragraph\" style=\"font-size:18px\">Fast drei Jahre nach der Schlie\u00dfung des Dirminger \u201eSPAR-Marktes\u201c kann sich unsere Bev\u00f6lkerung wieder \u00fcber ein eigenes Lebensmittelgesch\u00e4ft freuen. Mit dieser Neuer\u00f6ffnung ist die Grundversorgung in unserem Heimatort endlich wieder sichergestellt. Die Gesch\u00e4ftser\u00f6ffnung des Verkaufsladens von Cham Saar ist ein Segen f\u00fcr unser Dorf.<\/p>\n\n\n\n<div class=\"wp-block-image\"><figure class=\"aligncenter size-large\"><img loading=\"lazy\" decoding=\"async\" width=\"644\" height=\"454\" src=\"https:\/\/echta-derminga.de\/wp-content\/uploads\/2020\/02\/2-644x454.jpg\" alt=\"\" class=\"wp-image-5401\" srcset=\"https:\/\/echta-derminga.de\/wp-content\/uploads\/2020\/02\/2-644x454.jpg 644w, https:\/\/echta-derminga.de\/wp-content\/uploads\/2020\/02\/2-300x212.jpg 300w, https:\/\/echta-derminga.de\/wp-content\/uploads\/2020\/02\/2-768x541.jpg 768w, https:\/\/echta-derminga.de\/wp-content\/uploads\/2020\/02\/2.jpg 800w\" sizes=\"auto, (max-width: 644px) 100vw, 644px\" \/><\/figure><\/div>\n\n\n\n<p class=\"wp-block-paragraph\" style=\"font-size:18px\"><strong>Die Debatte um den Neubau eines Nahversorgers in unserer Ortsmitte ist damit keineswegs vom Tisch. Ich finde wir sollten weiterhin versuchen das bestm\u00f6gliche f\u00fcr unseren Ort zu erreichen und auf fairer Ebene diskutieren. Gerade die St\u00e4rkung der eigenen Infrastruktur geh\u00f6rt definitiv zu den Aufgaben der Kommunalpolitik.<\/strong><\/p>\n\n\n\n<p class=\"wp-block-paragraph\" style=\"font-size:18px\">Seit Dezember durfte ich verfolgen, wie sehr sich Herr Abd Aljalel Saymoa um die Er\u00f6ffnung des eigenen Verkaufsladens in Dirmingen bem\u00fchte. Nun ist es vollbracht und wir alle k\u00f6nnen etwas entspannter in die Zukunft blicken. In vielen Gespr\u00e4chen hat mir Herr Saymoa seine Pl\u00e4ne und Visionen mitgeteilt. Ich finde die Umsetzung ist ihm gut gelungen.<\/p>\n\n\n\n<p class=\"wp-block-paragraph\" style=\"font-size:18px\"><strong>Der Laden hat alles was man zur Nahversorgung eines Dorfes ben\u00f6tigt. Fleisch, Obst, Gem\u00fcse, Fr\u00fcchte, Gew\u00fcrze, Milch und selbstverst\u00e4ndlich auch den \u00fcber die Grenzen unseres Landes bekannten K\u00e4se der Fa. Cham Saar. Nat\u00fcrlich mag f\u00fcr den Besucher das ein oder andere etwas befremdlich wirken. Zahlreiche Produkte sind in uns fremden Verpackungen beinhaltet oder tragen andere Namen. Letztendlich bekommt man jedoch alles was man zum Leben ben\u00f6tigt und dar\u00fcber hinaus kann man sogar neue kulinarische K\u00f6stlichkeiten probieren.<\/strong><\/p>\n\n\n\n<div class=\"wp-block-image\"><figure class=\"aligncenter size-large\"><img loading=\"lazy\" decoding=\"async\" width=\"644\" height=\"431\" src=\"https:\/\/echta-derminga.de\/wp-content\/uploads\/2020\/02\/3-644x431.jpg\" alt=\"\" class=\"wp-image-5403\" srcset=\"https:\/\/echta-derminga.de\/wp-content\/uploads\/2020\/02\/3-644x431.jpg 644w, https:\/\/echta-derminga.de\/wp-content\/uploads\/2020\/02\/3-300x201.jpg 300w, https:\/\/echta-derminga.de\/wp-content\/uploads\/2020\/02\/3-768x515.jpg 768w, https:\/\/echta-derminga.de\/wp-content\/uploads\/2020\/02\/3.jpg 800w\" sizes=\"auto, (max-width: 644px) 100vw, 644px\" \/><\/figure><\/div>\n\n\n\n<p class=\"wp-block-paragraph\" style=\"font-size:18px\">Unterst\u00fctzt wird Herr Saymoa von einem Landwirt und regionalen Anbietern aus unserer Heimat. In unserem neuen Lebensmittelgesch\u00e4ft werden also regionale Produkte angeboten. Das ganze zu guten und fairen Preisen. Nun ist es wichtig, dass wir Dirminger diesen Markt annehmen und auch dort einkaufen.<\/p>\n\n\n\n<p class=\"wp-block-paragraph\" style=\"font-size:18px\"><strong>Zur Gesch\u00e4ftser\u00f6ffnung am 30. Januar durfte ich, in Vertretung unseres Ortsvorstehers Manfred Klein und in Begleitung unseres B\u00fcrgermeisters Dr. Andreas Feld, die Gl\u00fcckw\u00fcnsche unserer Bev\u00f6lkerung und des Dirminger Ortsrates \u00fcberbringen. Ganz bewusst habe ich zu diesem Besuch die Ortsratsmitglieder aus allen Fraktion eingeladen. Unser gemeinsamer Antrittsbesuch sollte \u00fcber Parteigrenzen hinweg Geschlossenheit demonstrieren. Wenn es um die Zukunft unseres Dorfes und die damit verbundene Infrastruktur geht m\u00fcssen wir alle einen Schulterschluss vollziehen.<\/strong> <strong>Aus meiner Sicht der Dinge wird das eigene Parteibuch auf Dorf-ebene ohnehin v\u00f6llig \u00fcberbewertet.<\/strong> <strong>Nun haben wir also wieder ein eigenes Lebensmittelgesch\u00e4ft. Gut so ! Liebe Leute, nehmt es an und geht einkaufen !<\/strong> <strong>Gl\u00fcck auf Derminge<\/strong><\/p>\n\n\n\n<div class=\"wp-block-image\"><figure class=\"aligncenter size-large\"><img loading=\"lazy\" decoding=\"async\" width=\"644\" height=\"483\" src=\"https:\/\/echta-derminga.de\/wp-content\/uploads\/2020\/02\/11-644x483.jpg\" alt=\"\" class=\"wp-image-5399\" srcset=\"https:\/\/echta-derminga.de\/wp-content\/uploads\/2020\/02\/11-644x483.jpg 644w, https:\/\/echta-derminga.de\/wp-content\/uploads\/2020\/02\/11-300x225.jpg 300w, https:\/\/echta-derminga.de\/wp-content\/uploads\/2020\/02\/11-768x576.jpg 768w, https:\/\/echta-derminga.de\/wp-content\/uploads\/2020\/02\/11.jpg 800w\" sizes=\"auto, (max-width: 644px) 100vw, 644px\" \/><figcaption>B\u00fcrgermeister Feld mit dem Ortsrat im neuen Dirminger Verkaufsladen Fa. Cham Saar<\/figcaption><\/figure><\/div>\n","protected":false},"excerpt":{"rendered":"<p>Seit Donnerstag, 30. Januar 2020 hat unser Heimatort Dirmingen endlich wieder ein Lebensmittelgesch\u00e4ft. Herr Abd Aljalel Saymoa, Gesch\u00e4ftsf\u00fchrer der Fa. Cham Saar, er\u00f6ffnete in den Gesch\u00e4ftsr\u00e4umen der alten ASKO-Filiale einen neuen Verkaufsmarkt. Fast drei Jahre nach der Schlie\u00dfung des Dirminger \u201eSPAR-Marktes\u201c kann sich unsere Bev\u00f6lkerung wieder \u00fcber ein eigenes Lebensmittelgesch\u00e4ft freuen. Mit dieser Neuer\u00f6ffnung ist die Grundversorgung in unserem Heimatort<\/p>\n","protected":false},"author":1,"featured_media":5398,"comment_status":"open","ping_status":"closed","sticky":false,"template":"","format":"standard","meta":{"_crdt_document":"","footnotes":""},"categories":[1,9,46],"tags":[5,618,785,783,784],"class_list":["post-5393","post","type-post","status-publish","format-standard","has-post-thumbnail","hentry","category-allgemein","category-dorfgetratsche","category-meine-politik","tag-dirmingen","tag-gemeinde-eppelborn","tag-lebensmittelgeschaeft","tag-neueroeffnung","tag-verkaufsladen"],"_links":{"self":[{"href":"https:\/\/echta-derminga.de\/index.php?rest_route=\/wp\/v2\/posts\/5393","targetHints":{"allow":["GET"]}}],"collection":[{"href":"https:\/\/echta-derminga.de\/index.php?rest_route=\/wp\/v2\/posts"}],"about":[{"href":"https:\/\/echta-derminga.de\/index.php?rest_route=\/wp\/v2\/types\/post"}],"author":[{"embeddable":true,"href":"https:\/\/echta-derminga.de\/index.php?rest_route=\/wp\/v2\/users\/1"}],"replies":[{"embeddable":true,"href":"https:\/\/echta-derminga.de\/index.php?rest_route=%2Fwp%2Fv2%2Fcomments&post=5393"}],"version-history":[{"count":12,"href":"https:\/\/echta-derminga.de\/index.php?rest_route=\/wp\/v2\/posts\/5393\/revisions"}],"predecessor-version":[{"id":5410,"href":"https:\/\/echta-derminga.de\/index.php?rest_route=\/wp\/v2\/posts\/5393\/revisions\/5410"}],"wp:featuredmedia":[{"embeddable":true,"href":"https:\/\/echta-derminga.de\/index.php?rest_route=\/wp\/v2\/media\/5398"}],"wp:attachment":[{"href":"https:\/\/echta-derminga.de\/index.php?rest_route=%2Fwp%2Fv2%2Fmedia&parent=5393"}],"wp:term":[{"taxonomy":"category","embeddable":true,"href":"https:\/\/echta-derminga.de\/index.php?rest_route=%2Fwp%2Fv2%2Fcategories&post=5393"},{"taxonomy":"post_tag","embeddable":true,"href":"https:\/\/echta-derminga.de\/index.php?rest_route=%2Fwp%2Fv2%2Ftags&post=5393"}],"curies":[{"name":"wp","href":"https:\/\/api.w.org\/{rel}","templated":true}]}}