{"id":5443,"date":"2020-02-12T19:28:48","date_gmt":"2020-02-12T18:28:48","guid":{"rendered":"http:\/\/echta-derminga.de\/?p=5443"},"modified":"2020-02-12T20:06:27","modified_gmt":"2020-02-12T19:06:27","slug":"geschichte-derderminga-kappensitzung-faasend-kann-eine-ernste-angelegenheit-sein","status":"publish","type":"post","link":"https:\/\/echta-derminga.de\/?p=5443","title":{"rendered":"Geschichte der\u201eDerminga\u201c Kappensitzung &#8211; \u201eFaasend\u201c kann eine ernste Angelegenheit sein!"},"content":{"rendered":"\n<p class=\"wp-block-paragraph\" style=\"font-size:18px\"><strong>Ich habe mich einmal mit der Frage besch\u00e4ftigt worin der Ursprung der n\u00e4rrischen Komiteesitzungen, der Prunksitzungen, der Galasitzungen oder auch der saarl\u00e4ndischen Kappensitzungen liegt. Fastnacht hat immer auch etwas mit Heimat zu tun. Beim Karneval spielt der Dialekt und das Dorf &#8211; oder Stadtgeschehen eine wichtige Rolle. Was w\u00e4re eine Kappensitzung unseres KKV ohne die Dorftratscherei und das damit Verbundene l\u00e4stern \u00fcber die Dorfprominenz?<\/strong><\/p>\n\n\n\n<p class=\"wp-block-paragraph\" style=\"font-size:18px\">Dabei ist vor so einer Sitzung l\u00e4ngst nicht alles locker und lustig. Fastnacht ist so ganz nebenbei auch eine ernste Angelegenheit. F\u00fcr die vielen ehrenamtlichen Akteure in den Tanzformationen, Showgruppen oder auch in der Organisation ist das Feiern der Fastnacht mit gro\u00dfem zeitlichem Aufwand und viel Arbeit verbunden. Damit wir alle Fastnacht feiern k\u00f6nnen, m\u00fcssen andere im Laufe des Jahres eine enorme Vorleistung erbringen. Die Durchf\u00fchrung einer Kappensitzung kostet nicht nur viel Geld, sondern auch gro\u00dfes ehrenamtliches Engagement und zudem ein dickes Nervensystem. W\u00e4hrend des Jahres wird w\u00f6chentlich trainiert, beraten und getagt. Gerade in Dirmingen hat die Kappensitzung des KKV Dirmingen eine gro\u00dfe Tradition. Die Sitzungen des Kolping Karnevalsverein Dirmingen werden mit viel Herzblut durchgef\u00fchrt. Die &#8222;Faasebooze&#8220; sind vollkommen zurecht Stolz auf ihre Galasitzungen.<\/p>\n\n\n\n<div class=\"wp-block-image\"><figure class=\"aligncenter size-large\"><img loading=\"lazy\" decoding=\"async\" width=\"644\" height=\"429\" src=\"https:\/\/echta-derminga.de\/wp-content\/uploads\/2020\/02\/1-1-644x429.jpg\" alt=\"\" class=\"wp-image-5452\" srcset=\"https:\/\/echta-derminga.de\/wp-content\/uploads\/2020\/02\/1-1-644x429.jpg 644w, https:\/\/echta-derminga.de\/wp-content\/uploads\/2020\/02\/1-1-300x200.jpg 300w, https:\/\/echta-derminga.de\/wp-content\/uploads\/2020\/02\/1-1-768x511.jpg 768w, https:\/\/echta-derminga.de\/wp-content\/uploads\/2020\/02\/1-1.jpg 784w\" sizes=\"auto, (max-width: 644px) 100vw, 644px\" \/><figcaption>Hesedenz Saal<\/figcaption><\/figure><\/div>\n\n\n\n<p class=\"wp-block-paragraph\" style=\"font-size:18px\"><strong>Man muss schon positiv bekloppt sein, um eine Kappensitzung durchzuf\u00fchren. Immerhin wird den zahlreichen Karnevalsvereinen heute sehr vieles abverlangt. Neben einem dicken Sicherheitskonzept muss zur Durchf\u00fchrung einer Kappensitzung so einiges finanziell gestemmt werden. Hallenkosten, Dekoration, Ausstattung der Akteure, Ausschankgenehmigung, Brandwache und nicht zuletzt auch noch die GEMA-Kosten liegen den Vereinen schwer auf der Tasche. Gut, dass es dennoch Menschen gibt, die unsere Fastnacht lieben, planen und feiern. Ich habe es an dieser Stelle schon \u00f6fter betont. Wenn wir in unserem Land oder unseren Gemeinden auch weiterhin daran interessiert sind, dass Vereine Traditionen pflegen und Kultur bewahren, m\u00fcssen wir auch in der Politik daf\u00fcr Sorge tragen, dass dies bezahlbar bleibt.<\/strong><\/p>\n\n\n\n<div class=\"wp-block-image\"><figure class=\"aligncenter size-large\"><img loading=\"lazy\" decoding=\"async\" width=\"644\" height=\"429\" src=\"https:\/\/echta-derminga.de\/wp-content\/uploads\/2020\/02\/22-644x429.jpg\" alt=\"\" class=\"wp-image-5472\" srcset=\"https:\/\/echta-derminga.de\/wp-content\/uploads\/2020\/02\/22-644x429.jpg 644w, https:\/\/echta-derminga.de\/wp-content\/uploads\/2020\/02\/22-300x200.jpg 300w, https:\/\/echta-derminga.de\/wp-content\/uploads\/2020\/02\/22-768x512.jpg 768w, https:\/\/echta-derminga.de\/wp-content\/uploads\/2020\/02\/22.jpg 800w\" sizes=\"auto, (max-width: 644px) 100vw, 644px\" \/><figcaption>Elferrat<\/figcaption><\/figure><\/div>\n\n\n\n<p class=\"wp-block-paragraph\" style=\"font-size:18px\">Aber worin liegt denn nun der Ursprung unserer hei\u00dfgeliebten Kappensitzung? Der Urknall fand wieder mal im Rheinland statt. In K\u00f6ln wurde im Jahre 1823 das \u201eFestordnende Komitee\u201c gegr\u00fcndet. Dieses Komitee sollte der bis dahin chaotische K\u00f6lner Fastnacht einen neuen Leitfaden verordnen. Urspr\u00fcnglich ging es bei der Gr\u00fcndung darum, einen neuen gro\u00dfen und perfekten Maskenzug auf die Beine zu stellen. Die Organisation dieses Karnevalszuges lag beim \u201eKleinen oder lustigen Rat\u201c; alle zahlenden Mitglieder des Komitees bildeten den \u201eGro\u00dfen Rat\u201c, der sich in den folgenden Jahren regelm\u00e4\u00dfig zu \u201eGeneralversammlungen\u201c traf. Im Jahre 1833 wurden diese Versammlungen erstmals als \u201eKomiteesitzungen\u201c bezeichnet. Diese Sitzungen, deren Hauptzweck der Vorbereitung des Karnevalszuges diente, begannen am Neujahrstag bzw. am Dreik\u00f6nigstag und fanden bis zum Fastnachtssonntag jeden Sonntag von sechs bis zehn Uhr abends statt. Es gab Musik, Getr\u00e4nke, ernste und humorvolle Reden und einen von R\u00e4ten umgebenen Pr\u00e4sidenten sowie Ordensverleihungen. <strong>Im Jahre 1827 wurde der Brauchtum eingef\u00fchrt, dass alle im Rat die gleichen Kappen tragen. Gem\u00e4\u00df dem Motto: \u201eGleiche Br\u00fcder, gleiche Kappen!\u201c<\/strong> Daneben entwickelten sich gro\u00dfe B\u00e4lle. Der buchst\u00e4bliche Funke sprang vom Rheinland r\u00fcber bis an die Saar. Aus diesem Grunde k\u00f6nnte diese Zeit auch als die Gr\u00fcnderjahre unserer heutigen Kappensitzungen angesehen werden. <\/p>\n\n\n\n<div class=\"wp-block-image\"><figure class=\"aligncenter size-large\"><img loading=\"lazy\" decoding=\"async\" width=\"644\" height=\"646\" src=\"https:\/\/echta-derminga.de\/wp-content\/uploads\/2020\/02\/pit-644x646.jpg\" alt=\"\" class=\"wp-image-5460\" srcset=\"https:\/\/echta-derminga.de\/wp-content\/uploads\/2020\/02\/pit-644x646.jpg 644w, https:\/\/echta-derminga.de\/wp-content\/uploads\/2020\/02\/pit-300x300.jpg 300w, https:\/\/echta-derminga.de\/wp-content\/uploads\/2020\/02\/pit-150x150.jpg 150w, https:\/\/echta-derminga.de\/wp-content\/uploads\/2020\/02\/pit-768x771.jpg 768w, https:\/\/echta-derminga.de\/wp-content\/uploads\/2020\/02\/pit.jpg 800w\" sizes=\"auto, (max-width: 644px) 100vw, 644px\" \/><figcaption>&#8222;Sch\u00f6ner Harry&#8220;<\/figcaption><\/figure><\/div>\n\n\n\n<p class=\"wp-block-paragraph\" style=\"font-size:18px\"><strong>Die Tradition der B\u00fcttenreden stammt ebenfalls aus dem 19.Jahrhundert, als die franz\u00f6sischen Besatzer den Menschen westlich des Rheins politische Aktionen untersagten. Deshalb trafen sich die Rheinl\u00e4nder zu heimlichen Versammlungen, um sich trotzdem kritisch und humorvoll \u00fcber politische Entwicklungen auszutauschen. Dieser Fastnachtsbrauchtum hat sich bis heute etabliert. Ein B\u00fcttenredner darf \u00fcber Alles und Jedes schimpfen. Auch der Beginn der n\u00e4rrischen f\u00fcnften Jahreszeit am 11.11. um 11:11 Uhr entstammt dem 19. Jahrhundert. Die Narrenzahl Elf eignete sich besonders, da zu damaliger Zeit jeder als Narr bezeichnet wurde, der Gottes Zehn Gebote \u00fcbertrat. Auch der Elfer-Rat, das Organisationskomitee in zahlreichen Karnevalsvereinen, steht in Verbindung mit der Zahl Elf.<\/strong><\/p>\n\n\n\n<p class=\"wp-block-paragraph\" style=\"font-size:18px\">Im Saarland waren zun\u00e4chst nur die Maskenb\u00e4lle sehr beliebt. Ende der 1940er- und in den fr\u00fchen 1950er-Jahren gr\u00fcndeten sich in verschiedenen saarl\u00e4ndischen St\u00e4dten und Gemeinden die ersten Karnevalsvereine. Im Jahre 1952 wurde auf einer Tagung in Merzig der &#8222;Verband Saarl\u00e4ndischer Karnevalsvereine\u201e gegr\u00fcndet. In der Regel werden Karnevalssitzungen oder Kappensitzungen von Karnevalsvereinen oder einem Festkomitee durchgef\u00fchrt. Bis vor wenigen Jahren war es das Ziel der gro\u00dfen K\u00f6lner Karnevalsvereine, m\u00f6glichst viele Formen der Karnevalssitzungen f\u00fcr m\u00f6glichst viele Zielgruppen anzubieten. Ratzfatz entstanden Kindersitzung, Seniorensitzung, Volkssitzung, Damensitzung, M\u00e4dchensitzung, Herrensitzung, Kost\u00fcmsitzung und Prunksitzung. Im Saarland h\u00e4lt man bis heute liebend gerne an seiner guten alten Kappensitzung fest. In unserem beschaulichen D\u00f6rfchen kann man mit gutem Recht behaupten, dass die Kappensitzungen des KKV Dirmingen einen gewissen Kult-Faktor besitzen. Besonders Stolz ist man in Dirmingen auf seine Garde. Mit seiner Garde verf\u00fcgt der KKV \u00fcber ein echtes Faustpfand. Jedes Jahr begeistern die &#8222;M\u00e4\u00e4re&#8220; mit neuen Choreographien und atemberaubender Akrobatik. Basierend auf einer vorbildlichen Kindr und Jugendarbeit werden die M\u00e4dchen Schritt f\u00fcr Schritt herangef\u00fchrt und ausgebildet. Auch meine beiden M\u00e4dels tanzen mittlerweile in der Show- und Funkengarde des KKV. Seit Kindesbeinen stehen sie nun auf der KKV-B\u00fchne und ber\u00fchren mich jedes Jahr auf Neue. Aus kleinen Tanzm\u00e4usen wurden bezaubernde Gardem\u00e4dchen. Der j\u00e4hrliche Funkentanz ist meine ganz pers\u00f6nliche Sessionser\u00f6ffnung. Viele der M\u00e4dchen kenne und sch\u00e4tze ich seit ihrer fr\u00fchsten Kindheit. Jedes Jahr f\u00fchrt mir unsere Garde eindrucksvoll vor Augen wie schnell die Zeit vergeht.<\/p>\n\n\n\n<div class=\"wp-block-image\"><figure class=\"aligncenter size-large\"><img loading=\"lazy\" decoding=\"async\" width=\"644\" height=\"429\" src=\"https:\/\/echta-derminga.de\/wp-content\/uploads\/2020\/02\/Blog-644x429.jpg\" alt=\"\" class=\"wp-image-5474\" srcset=\"https:\/\/echta-derminga.de\/wp-content\/uploads\/2020\/02\/Blog-644x429.jpg 644w, https:\/\/echta-derminga.de\/wp-content\/uploads\/2020\/02\/Blog-300x200.jpg 300w, https:\/\/echta-derminga.de\/wp-content\/uploads\/2020\/02\/Blog-768x511.jpg 768w, https:\/\/echta-derminga.de\/wp-content\/uploads\/2020\/02\/Blog.jpg 1000w\" sizes=\"auto, (max-width: 644px) 100vw, 644px\" \/><figcaption>Der Stolz des KKV<\/figcaption><\/figure><\/div>\n\n\n\n<p class=\"wp-block-paragraph\" style=\"font-size:18px\"><strong>Anfang der 1950-ger Jahre versuchte der Heimat und Verkehrsverein Dirmingen unter der Leitung seines Vorstandsmitgliedes Hans M\u00fcll, die Dirminger Fastnacht mit Kappensitzungen, Umz\u00fcgen und Fastnachtsdienstagmarkt wieder zu beleben. In drei aufeinanderfolgenden Jahren wurde ein Prinzenpaar gew\u00e4hlt. Die ersten Kappensitzungen und Fastnachtsumz\u00fcge am Fastnachtsdienstag waren schon damals gut besucht. Mit der Zeit schwand das Interesse des Heimat -und Verkehrsvereins Dirmingen an der Aufwertung des Fastnachtsbrauchtums. Es mussten neue Kr\u00e4fte gefunden werden die sich um die Durchf\u00fchrung des fastn\u00e4chtlichen Brauchtums k\u00fcmmerten.<\/strong><\/p>\n\n\n\n<p class=\"wp-block-paragraph\" style=\"font-size:18px\">Mit der Gr\u00fcndung der Kolpingfamilie Dirmingen bekam das fastn\u00e4chtliche Treiben wieder einen neuen Schwung. Im Jahre 1955 veranstaltete die Kolpingfamilie ihren ersten Maskenball im Hesedenz-Saal. &nbsp;Mit dieser Auftaktveranstaltung setzte die Kolpingsfamilie sofort gro\u00dfe Ma\u00dfst\u00e4be. Ohne gro\u00dfen technischen Schnickschnack entwickelte sich die Fastnacht in Dirmingen zu einer festen Gr\u00f6\u00dfe. Nach diesem gro\u00dfartigen Auftakterfolg lie\u00df die erste Kappensitzung nicht lange auf sich warten. Unter der Regie zahlreicher \u201cFaasebooze\u201d und des damaligen Sitzungspr\u00e4sidenten Edmund Jochum wurde n\u00e4rrische Geschichte geschrieben. Bis zu diesem historischen ersten Maskenball im &#8222;Hesednez- Saal&#8220; fand die \u201cDerminga Faasend\u201d \u00fcberwiegend in Gastst\u00e4tten statt. <\/p>\n\n\n\n<div class=\"wp-block-image\"><figure class=\"aligncenter size-large\"><img loading=\"lazy\" decoding=\"async\" width=\"644\" height=\"483\" src=\"https:\/\/echta-derminga.de\/wp-content\/uploads\/2020\/02\/5-644x483.jpeg\" alt=\"\" class=\"wp-image-5464\" srcset=\"https:\/\/echta-derminga.de\/wp-content\/uploads\/2020\/02\/5-644x483.jpeg 644w, https:\/\/echta-derminga.de\/wp-content\/uploads\/2020\/02\/5-300x225.jpeg 300w, https:\/\/echta-derminga.de\/wp-content\/uploads\/2020\/02\/5.jpeg 768w\" sizes=\"auto, (max-width: 644px) 100vw, 644px\" \/><\/figure><\/div>\n\n\n\n<p class=\"wp-block-paragraph\" style=\"font-size:18px\"><strong>Im Jahre 1977 wurden die Kappensitzungen der Kolpingfamilie in die Dirminger Borrwieshalle verlegt. Bei der Bev\u00f6lkerung stie\u00df diese Umsiedlung zun\u00e4chst nicht auf gro\u00dfe Begeisterung. Dennoch wurden die Kappensitzungen in den folgenden Jahren mit viel Erfolg durchgef\u00fchrt. Im Jahre 2003 wurde der heutige Kolping Karnevalsverein als Untergruppierung der Kolpingsfamilie gegr\u00fcndet. Der KKV Dirmingen hat seitdem die Aufgabe das fastn\u00e4chtliche Brauchtum aktiv zu unterst\u00fctzten und umzusetzen. Bis zum heutigen Tag gelingt dies in beeindruckender Art und Weise.<\/strong> <strong>Unser KKV \u00fcberrascht mich jedes Jahr aufs Neue. In beeindruckender Art und Weise wird Hand in Hand auf das gro\u00dfe Ziel hingearbeitet.<\/strong> <strong>Auch wenn die Fastnacht manchmal eine ernste Angelegenheit sein kann, wird sie bis heute ausgiebig in Dirmingen gefeiert.<\/strong> <strong>Gut so !<\/strong> <strong>Auf die Derminga Faasend ein kr\u00e4ftiges Hoppla Hopp<\/strong><\/p>\n","protected":false},"excerpt":{"rendered":"<p>Ich habe mich einmal mit der Frage besch\u00e4ftigt worin der Ursprung der n\u00e4rrischen Komiteesitzungen, der Prunksitzungen, der Galasitzungen oder auch der saarl\u00e4ndischen Kappensitzungen liegt. Fastnacht hat immer auch etwas mit Heimat zu tun. Beim Karneval spielt der Dialekt und das Dorf &#8211; oder Stadtgeschehen eine wichtige Rolle. Was w\u00e4re eine Kappensitzung unseres KKV ohne die Dorftratscherei und das damit Verbundene<\/p>\n","protected":false},"author":1,"featured_media":5451,"comment_status":"closed","ping_status":"closed","sticky":false,"template":"","format":"standard","meta":{"_crdt_document":"","footnotes":""},"categories":[1,44,8],"tags":[37,607,618,35,36,583],"class_list":["post-5443","post","type-post","status-publish","format-standard","has-post-thumbnail","hentry","category-allgemein","category-meine-faasend","category-sellemols-und-awweile","tag-faasend","tag-fastnacht","tag-gemeinde-eppelborn","tag-kappensitzungen","tag-kkv-dirmingen","tag-neunkirchen"],"_links":{"self":[{"href":"https:\/\/echta-derminga.de\/index.php?rest_route=\/wp\/v2\/posts\/5443","targetHints":{"allow":["GET"]}}],"collection":[{"href":"https:\/\/echta-derminga.de\/index.php?rest_route=\/wp\/v2\/posts"}],"about":[{"href":"https:\/\/echta-derminga.de\/index.php?rest_route=\/wp\/v2\/types\/post"}],"author":[{"embeddable":true,"href":"https:\/\/echta-derminga.de\/index.php?rest_route=\/wp\/v2\/users\/1"}],"replies":[{"embeddable":true,"href":"https:\/\/echta-derminga.de\/index.php?rest_route=%2Fwp%2Fv2%2Fcomments&post=5443"}],"version-history":[{"count":35,"href":"https:\/\/echta-derminga.de\/index.php?rest_route=\/wp\/v2\/posts\/5443\/revisions"}],"predecessor-version":[{"id":5487,"href":"https:\/\/echta-derminga.de\/index.php?rest_route=\/wp\/v2\/posts\/5443\/revisions\/5487"}],"wp:featuredmedia":[{"embeddable":true,"href":"https:\/\/echta-derminga.de\/index.php?rest_route=\/wp\/v2\/media\/5451"}],"wp:attachment":[{"href":"https:\/\/echta-derminga.de\/index.php?rest_route=%2Fwp%2Fv2%2Fmedia&parent=5443"}],"wp:term":[{"taxonomy":"category","embeddable":true,"href":"https:\/\/echta-derminga.de\/index.php?rest_route=%2Fwp%2Fv2%2Fcategories&post=5443"},{"taxonomy":"post_tag","embeddable":true,"href":"https:\/\/echta-derminga.de\/index.php?rest_route=%2Fwp%2Fv2%2Ftags&post=5443"}],"curies":[{"name":"wp","href":"https:\/\/api.w.org\/{rel}","templated":true}]}}