{"id":5623,"date":"2020-03-04T21:50:47","date_gmt":"2020-03-04T20:50:47","guid":{"rendered":"http:\/\/echta-derminga.de\/?p=5623"},"modified":"2020-03-04T21:50:47","modified_gmt":"2020-03-04T20:50:47","slug":"alte-liebe-rostet-nicht-wir-sind-vom-fcs-blau-schwarz-ist-unser-dress-meine-sicht-der-dinge-auf-unseren-fussball","status":"publish","type":"post","link":"https:\/\/echta-derminga.de\/?p=5623","title":{"rendered":"Alte Liebe rostet nicht \u2013 \u201eWir sind vom FCS blau, schwarz ist unser Dress\u201c &#8211; Meine Sicht der Dinge auf unseren Fu\u00dfball"},"content":{"rendered":"\n<p class=\"wp-block-paragraph\" style=\"font-size:18px\"><strong>\u201eLiebe kennt keine Liga\u201c und bekanntlich \u201erostet alte Liebe nicht\u201c. Der \u201ePokal hat seine eigenen Gesetze\u201c wobei \u201edas runde immer ins Eckige muss\u201c und dies der Fortuna aus D\u00fcsseldorf am Ende nicht oft genug gelang. Genug Floskeln f\u00fcrs Phrasenschwein. Der DFB-Viertelfinal-Krimi des 1. FC Saarbr\u00fccken gegen den Bundesligisten Fortuna D\u00fcsseldorf hat mich schlichtweg umgehauen. Beim entscheidenden Elfmeter riss es mich von der Couch wobei ich anschlie\u00dfend mit dem Knie am Wohnzimmertisch h\u00e4ngenblieb und ins Stolpern geriet. Unfassbar dieser FCS!<\/strong><\/p>\n\n\n\n<p class=\"wp-block-paragraph\" style=\"font-size:18px\">Dabei dachte ich l\u00e4ngst, dass ich aus dem gr\u00f6bsten raus w\u00e4re. Aber so ist das wohl im Leben: Alte Liebe rostet nicht! Mit dem \u201eBlau- Schwarzen von der Saar verbindet mich bis heute eine gemeinsame Vergangenheit. Viele Jahre war ich inniger FCS -Fan und pilgerte durch die Republik, um die Spiele des FC anzusehen. In den Jahren 1989 bis 1993 haben wir kaum ein Spiel verpasst. Als Mitglied der FCS Stammtischrunde Dirmingen, einem offiziellen Fanclub in meinem Heimatort, lebte ich diesen Verein und investierte viel Freizeit in dieses Hobby. Trainingsbesuche, Ausw\u00e4rtsfahrten und Veranstaltungen. Es gab keinen Tag ohne des FCS! Irgendwann erlosch das Feuer wobei ich immer betonte, dass mich noch heute vieles mit dem Verein verbindet. Ich sch\u00e4me mich nicht meiner Geschichte und bekenne offen, dass der FCS mir noch heute sehr am Herzen liegt. Mit den Jahren wird man halt ruhiger und man verlegt seine Interessen.<\/p>\n\n\n\n<div class=\"wp-block-image\"><figure class=\"aligncenter size-large\"><img loading=\"lazy\" decoding=\"async\" width=\"644\" height=\"412\" src=\"https:\/\/echta-derminga.de\/wp-content\/uploads\/2020\/03\/fcs-1-644x412.jpeg\" alt=\"\" class=\"wp-image-5626\" srcset=\"https:\/\/echta-derminga.de\/wp-content\/uploads\/2020\/03\/fcs-1-644x412.jpeg 644w, https:\/\/echta-derminga.de\/wp-content\/uploads\/2020\/03\/fcs-1-300x192.jpeg 300w, https:\/\/echta-derminga.de\/wp-content\/uploads\/2020\/03\/fcs-1-768x491.jpeg 768w, https:\/\/echta-derminga.de\/wp-content\/uploads\/2020\/03\/fcs-1.jpeg 971w\" sizes=\"auto, (max-width: 644px) 100vw, 644px\" \/><\/figure><\/div>\n\n\n\n<p class=\"wp-block-paragraph\" style=\"font-size:18px\"><strong>Ich muss zugeben, dass ich nicht an einen Sieg der \u201eBlau-Schwarzen\u201c gegen die Fortuna aus D\u00fcsseldorf geglaubt habe. Damit habe ich echt nicht gerechnet und umso gr\u00f6\u00dfer war die freudige \u00dcberraschung. Wenn auch w\u00e4hrend des Spielverlaufs ein wenig gl\u00fccklich, so w\u00e4re sogar noch ein Sieg in der Verl\u00e4ngerung m\u00f6glich gewesen. Am Ende hatte der FC den Batz im Tor und dieser Teufelskerl schien einfach un\u00fcberwindbar. Wunderbar! Ich habe mich riesig gefreut f\u00fcr den FC Saarbr\u00fccken und dr\u00fccke nun die Daumen das der Verein \u00fcber gen\u00fcgend Losgl\u00fcck verf\u00fcgt und einen \u201emachbaren\u201c Gegner bekommt. Der FCS im Halbfinale \u2013 unglaublich! Die Bayern w\u00e4ren z.B so ein Traumlos. Die M\u00fcnchner haben derzeit viel mit sich selbst zu tun und k\u00e4men uns gerade recht. Spa\u00df beiseite, nat\u00fcrlich w\u00e4re der FC Bayern das schlimmsten was passieren k\u00f6nnte. An diesem Verein kommt in der Regel kaum jemand vorbei und auch der FCS h\u00e4tte es zumindest nicht leicht.<\/strong><\/p>\n\n\n\n<p class=\"wp-block-paragraph\" style=\"font-size:18px\">Ich war viele Jahre in der Fanszene unterwegs und kann behaupten, dass ich diesbez\u00fcglich meine Erfahrungen gesammelt habe. Nat\u00fcrlich haben auch mich die Vorkommnisse von Hoffenheim besch\u00e4ftigt. Dabei muss ich zugeben, dass mich die M\u00fcnchner \u00fcberrascht und meinen Respekt verdient haben. Das Verhalten der F\u00fchrungsetage, der Trainerbank und auch der Spieler des Rekordmeisters war vorbildlich. Genauso muss man sich nach einer solchen Aktion verhalten. Solche Hassbanner haben in einem Stadion nichts zu suchen. Der Mensch Dietmar Hopp hat meine ganze Solidarit\u00e4t. Niemand sollte derart diffamiert werden. Der M\u00e4zen des TSG Hoffenheim hat seine Verdienste um die Region und hat viele karitative Dinge ins Leben gerufen. Genau deshalb hat der Mensch Dietmar Hopp so etwas nicht verdient. Eigentlich hat \u00fcberhaupt kein Mensch so etwas verdient.<\/p>\n\n\n\n<div class=\"wp-block-image\"><figure class=\"aligncenter size-large\"><img loading=\"lazy\" decoding=\"async\" width=\"644\" height=\"460\" src=\"https:\/\/echta-derminga.de\/wp-content\/uploads\/2019\/05\/IMG_20180526_162729_BURST001_COVER-644x460.jpg\" alt=\"\" class=\"wp-image-3699\" srcset=\"https:\/\/echta-derminga.de\/wp-content\/uploads\/2019\/05\/IMG_20180526_162729_BURST001_COVER-644x460.jpg 644w, https:\/\/echta-derminga.de\/wp-content\/uploads\/2019\/05\/IMG_20180526_162729_BURST001_COVER-300x214.jpg 300w, https:\/\/echta-derminga.de\/wp-content\/uploads\/2019\/05\/IMG_20180526_162729_BURST001_COVER-768x548.jpg 768w, https:\/\/echta-derminga.de\/wp-content\/uploads\/2019\/05\/IMG_20180526_162729_BURST001_COVER.jpg 800w\" sizes=\"auto, (max-width: 644px) 100vw, 644px\" \/><\/figure><\/div>\n\n\n\n<p class=\"wp-block-paragraph\" style=\"font-size:18px\"><strong>Auf der anderen Seite erkenne ich eine gewisse Doppelmoral. Jetzt, nachdem der FC Bayern M\u00fcnchen selbst betroffen ist, muss etwas geschehen und Fu\u00dfball Deutschland muss sich wehren. Ich frage mich wo die Verantwortlichen des FC Bayern waren als Monate zuvor in Dortmund, Gladbach oder K\u00f6ln solche Banner ausgerollt wurden. Getroffene Hunde bellen halt am lautesten. Ich habe die Bef\u00fcrchtung, dass der DFB es mit seinem Verhalten noch schlimmer macht. Den Ultras geht es am Ende eigentlich \u00fcberhaupt nicht um Dietmar Hopp. Der Hoffenheim-M\u00e4zen steht eigentlich nur als Feindbild f\u00fcr das angespannte Verh\u00e4ltnis zischen UEFA, DFB und der Fanszene. Seit Jahren wird viel zu wenig gegen Rassismus, Antisemitismus, Sexismus und Homophobie unternommen. Jetzt wo ein M\u00e4zen zu Unrecht kritisiert wird, droht man mit den h\u00e4rtesten Strafen. Wichtig w\u00e4re, dass der DFB eine Linie f\u00e4hrt und nicht st\u00e4ndig sein Wort frisst. Die Kollektivstrafen gegen die Fanszene von Borussia Dortmund sind zwar nachvollziehbar aber auf der anderen Seite auch schwer vermittelbar.<\/strong><\/p>\n\n\n\n<p class=\"wp-block-paragraph\" style=\"font-size:18px\">Das von FC Bayern-Chef Rummenigge kommentierte: \u201e\u2026. h\u00e4ssliche Gesicht des Fu\u00dfballs\u201c gibt es nicht erst seit der Causa Hopp. Im aktuellen Sportstudio habe ich mir das Interview mit unserem DFB-Pr\u00e4sidenten Fritz Keller angesehen. Ich sch\u00e4tze unseren Pr\u00e4sidenten sehr und halte gro\u00dfe St\u00fccke auf diesen Mann. Dennoch sollte auch er sich sensibilisieren. Doppelmoral darf sich nicht verbreiten. Gleiches recht f\u00fcr alle! Hetze, Hass, Rassismus, Antisemitismus und Homophobie haben in unseren Stadien nichts zu suchen. Wenn Fritz Keller nun von &#8222;Fanatikern&#8220; und \u201eWahnsinnigen\u201c spricht muss er darauf achten, dass er die Kluft nicht noch mehr trennt. Tats\u00e4chlich brauchen wir seit vielen Jahren mehr Miteinander. Nun wird sich der ein oder andere die Frage stellen, wie soll das mit diesen Chaoten funktionieren? Das Ganze ist vergleichbar mit dem Verh\u00e4ltnis eines Vaters und seinem rebellischen Sohn. Gespr\u00e4che und aufeinander zugehen bringen letztlich mehr als Strafen und Sanktionen.<\/p>\n\n\n\n<p class=\"wp-block-paragraph\" style=\"font-size:18px\"><strong>Grunds\u00e4tzlich haben wir es mit einem gesamtpolitischen Problem zu tun. Das hat auch der Freiburger Trainer Christian Streich, der f\u00fcr seine offene Art bekannt ist, unl\u00e4ngst erkannt. Christian Streich sagt: <\/strong><\/p>\n\n\n\n<blockquote class=\"wp-block-quote is-layout-flow wp-block-quote-is-layout-flow\"><p><strong>\u201eDie Entwicklung in den letzten zwei Jahren in Europa und in diesem Land in den letzten zehn Monaten, was passiert ist, gesamtpolitisch, in punkto Hetze, in punkto Anschl\u00e4ge auf Politiker, auf j\u00fcdische Einrichtungen und jetzt auf eine t\u00fcrkische Shisha-Bar. Das ist gef\u00e4hrlich. Jeder, der sich ein bisschen auskennt, braucht nur die Geschichte der Weimarer Republik zu studieren, um dann zu wissen, wo es hingehen kann. Diese Hetze gegen Menschen ist nicht hinnehmbar. Ich kann ihnen keine L\u00f6sung sagen. Aber ich kann ihnen sagen: Die Menschen in diesem Land lieben den Fu\u00dfball. Und der Fu\u00dfball hat eine wichtige Funktion. Ich stehe zu einhundert Prozent dahinter, dass, wenn es so weitergeht, ein Spiel beendet wird.\u201c <\/strong><\/p><cite>Christian Streich (Trainer SC Freiburg)<\/cite><\/blockquote>\n\n\n\n<p class=\"wp-block-paragraph\" style=\"font-size:18px\"><strong>Laut Streich befinden wir uns also auf einem schlimmen Weg und er hat Recht! Auch au\u00dferhalb vom Fu\u00dfball hat sich der Umgangston versch\u00e4rft.<\/strong><\/p>\n\n\n\n<div class=\"wp-block-image\"><figure class=\"aligncenter size-large\"><img loading=\"lazy\" decoding=\"async\" width=\"644\" height=\"489\" src=\"https:\/\/echta-derminga.de\/wp-content\/uploads\/2020\/03\/fc-644x489.jpg\" alt=\"\" class=\"wp-image-5629\" srcset=\"https:\/\/echta-derminga.de\/wp-content\/uploads\/2020\/03\/fc-644x489.jpg 644w, https:\/\/echta-derminga.de\/wp-content\/uploads\/2020\/03\/fc-300x228.jpg 300w, https:\/\/echta-derminga.de\/wp-content\/uploads\/2020\/03\/fc.jpg 649w\" sizes=\"auto, (max-width: 644px) 100vw, 644px\" \/><\/figure><\/div>\n\n\n\n<p class=\"wp-block-paragraph\" style=\"font-size:18px\">Dennoch finde ich es gerade jetzt sehr wichtig den Dialog zu suchen und sich nicht in gegenseitige Vorw\u00fcrfe zu verzetteln. Die Ultras in den Stadien f\u00fchlen sich ebenfalls falsch verstanden. Wenn man sich mit der der Szene besch\u00e4ftigt, wei\u00df man das es den Ultras um \u201ekonservative Fu\u00dfballwerte\u201c geht. Mit dem ausgerollten &#8222;Hurensohn \u2013 Plakat\u201c solidarisierten sich die Bayern Ultras mit den Anh\u00e4ngern von Borussia Dortmund. In den Farben getrennt und in der Sache vereint. Dabei diente dieses provokative Banner allein als Mittel zur Aufmerksamkeit. Nat\u00fcrlich kann man \u00fcber diese Form des Protestes diskutieren, wobei ich pers\u00f6nlich von dieser Aktion Abstand nehme und sie verurteile. Kollektivstrafen sind das Hauptthema. Dabei stellt sich die Frage: Wie k\u00f6nnen sich die Fans Geh\u00f6r verschaffen? Findet ein Dialog zwischen DFB und Fanszene statt? Nat\u00fcrlich gibt es in vielen Vereinen Fanbeauftragte und Fanveranstaltungen. Gen\u00fcgt das aus? Die Causa Hopp gilt unter den Ultras als Angriff auf die Fankultur. Aus Sicht der Ultras hat der DFB f\u00fcr eine einzige Person sein Versprechen gebrochen. Auf der anderen Seite bleiben Rassismus, Sexismus und Antisemitismus weiterhin Randdelikte. Man muss diese Meinung der Ultras nicht teilen, man sollte sie jedoch kennen und ernstnehmen!<\/p>\n\n\n\n<p class=\"wp-block-paragraph\" style=\"font-size:18px\"><strong>Auch der FC Saarbr\u00fccken hat sich mit einer Banneraktion zu Wort gemeldet. W\u00e4hrend Viertelfinalspiels gegen Fortuna D\u00fcsseldorf konnte man auf den FC-R\u00e4ngen folgendes Banner lesen:\u201c &#8222;Zig Tote in Katar, der FCB ist trotzdem da! Ein M\u00e4zen heult los, die Bayern mutieren zum Trauerklo\u00df!&#8220;. Die FCS Anh\u00e4nger kritisierten damit eine gewisse Doppelmoral des FC Bayern M\u00fcnchen. Auf der einen Seite der vermeintliche Umgang der Bayern mit den Schm\u00e4hungen gegen Milliard\u00e4r Hopp und anderseits das jahrelange Gesch\u00e4ftsverh\u00e4ltnis zu Katar. Die Bayern verk\u00fcndeten bereits im November 2018 einen f\u00fcnfj\u00e4hrigen Sponsorendeal mit der Fluglinie Qatar Airways. Au\u00dferdem reisen die M\u00fcnchner seit einigen Jahren im Winter ins Trainingslager in die katarische Hauptstadt Doha. Katar gilt bei den Fu\u00dfballern nicht gerade als Traumland. Die Kritik an der WM-Vergabe 2022 ist riesengro\u00df. Immerhin sollen unter schlimmen Bedingungen bereits \u00fcber 1000 Arbeiter auf Baustellen gestorben sein. Mit den Menschenrechten nimmt es Katar bekanntlich nicht so streng. Ob es sich hierbei um eine Doppelmoral des FC Bayern handelt sei einmal dahingestellt. Fakt ist jedoch: Es besteht auch hier Rede-bedarf!<\/strong><\/p>\n\n\n\n<div class=\"wp-block-image\"><figure class=\"aligncenter size-large\"><img loading=\"lazy\" decoding=\"async\" width=\"644\" height=\"424\" src=\"https:\/\/echta-derminga.de\/wp-content\/uploads\/2020\/03\/\u00e4-644x424.jpeg\" alt=\"\" class=\"wp-image-5631\" srcset=\"https:\/\/echta-derminga.de\/wp-content\/uploads\/2020\/03\/\u00e4-644x424.jpeg 644w, https:\/\/echta-derminga.de\/wp-content\/uploads\/2020\/03\/\u00e4-300x197.jpeg 300w, https:\/\/echta-derminga.de\/wp-content\/uploads\/2020\/03\/\u00e4-768x505.jpeg 768w, https:\/\/echta-derminga.de\/wp-content\/uploads\/2020\/03\/\u00e4-1536x1010.jpeg 1536w, https:\/\/echta-derminga.de\/wp-content\/uploads\/2020\/03\/\u00e4.jpeg 1589w\" sizes=\"auto, (max-width: 644px) 100vw, 644px\" \/><\/figure><\/div>\n\n\n\n<p class=\"wp-block-paragraph\" style=\"font-size:18px\"><strong>Solidarit\u00e4t unter Fu\u00dfball-Fans kann auch wunderbar sein. Ein gro\u00dfartiges Beispiel konnten wir w\u00e4hrend der Viertelfinalbegegnung des FCS und Fortuna D\u00fcsseldorf erleben. Die Fortuna Fans rollten ein Banner aus auf dem Stand: &#8222;Der FCS muss in den Park&#8220;. Stimmt !<\/strong><\/p>\n","protected":false},"excerpt":{"rendered":"<p>\u201eLiebe kennt keine Liga\u201c und bekanntlich \u201erostet alte Liebe nicht\u201c. Der \u201ePokal hat seine eigenen Gesetze\u201c wobei \u201edas runde immer ins Eckige muss\u201c und dies der Fortuna aus D\u00fcsseldorf am Ende nicht oft genug gelang. Genug Floskeln f\u00fcrs Phrasenschwein. Der DFB-Viertelfinal-Krimi des 1. FC Saarbr\u00fccken gegen den Bundesligisten Fortuna D\u00fcsseldorf hat mich schlichtweg umgehauen. Beim entscheidenden Elfmeter riss es mich<\/p>\n","protected":false},"author":1,"featured_media":5625,"comment_status":"open","ping_status":"closed","sticky":false,"template":"","format":"standard","meta":{"_crdt_document":"","footnotes":""},"categories":[1,9,45],"tags":[5,273,272,796,618,127],"class_list":["post-5623","post","type-post","status-publish","format-standard","has-post-thumbnail","hentry","category-allgemein","category-dorfgetratsche","category-mein-fussball","tag-dirmingen","tag-fc-saarbruecken","tag-fcs-stammtischrunde-dirmingen","tag-fussball-bundesliga","tag-gemeinde-eppelborn","tag-landkreis-neunkirchen"],"_links":{"self":[{"href":"https:\/\/echta-derminga.de\/index.php?rest_route=\/wp\/v2\/posts\/5623","targetHints":{"allow":["GET"]}}],"collection":[{"href":"https:\/\/echta-derminga.de\/index.php?rest_route=\/wp\/v2\/posts"}],"about":[{"href":"https:\/\/echta-derminga.de\/index.php?rest_route=\/wp\/v2\/types\/post"}],"author":[{"embeddable":true,"href":"https:\/\/echta-derminga.de\/index.php?rest_route=\/wp\/v2\/users\/1"}],"replies":[{"embeddable":true,"href":"https:\/\/echta-derminga.de\/index.php?rest_route=%2Fwp%2Fv2%2Fcomments&post=5623"}],"version-history":[{"count":12,"href":"https:\/\/echta-derminga.de\/index.php?rest_route=\/wp\/v2\/posts\/5623\/revisions"}],"predecessor-version":[{"id":5639,"href":"https:\/\/echta-derminga.de\/index.php?rest_route=\/wp\/v2\/posts\/5623\/revisions\/5639"}],"wp:featuredmedia":[{"embeddable":true,"href":"https:\/\/echta-derminga.de\/index.php?rest_route=\/wp\/v2\/media\/5625"}],"wp:attachment":[{"href":"https:\/\/echta-derminga.de\/index.php?rest_route=%2Fwp%2Fv2%2Fmedia&parent=5623"}],"wp:term":[{"taxonomy":"category","embeddable":true,"href":"https:\/\/echta-derminga.de\/index.php?rest_route=%2Fwp%2Fv2%2Fcategories&post=5623"},{"taxonomy":"post_tag","embeddable":true,"href":"https:\/\/echta-derminga.de\/index.php?rest_route=%2Fwp%2Fv2%2Ftags&post=5623"}],"curies":[{"name":"wp","href":"https:\/\/api.w.org\/{rel}","templated":true}]}}