{"id":5641,"date":"2020-03-08T18:45:25","date_gmt":"2020-03-08T17:45:25","guid":{"rendered":"http:\/\/echta-derminga.de\/?p=5641"},"modified":"2020-03-08T19:30:13","modified_gmt":"2020-03-08T18:30:13","slug":"nach-den-presbyteriumswahlen-2020-auf-der-suche-nach-einer-zukunftsfaehigen-kirchengemeinde","status":"publish","type":"post","link":"https:\/\/echta-derminga.de\/?p=5641","title":{"rendered":"Nach den Presbyteriumswahlen 2020 \u2013 Auf der Suche nach einer zukunftsf\u00e4higen Kirchengemeinde"},"content":{"rendered":"\n<blockquote class=\"wp-block-quote is-layout-flow wp-block-quote-is-layout-flow\"><p><strong><em>\u201eAber die auf den HERRN harren, kriegen neue Kraft, dass sie auffahren mit Fl\u00fcgeln wie Adler, dass sie laufen und nicht matt werden, dass sie wandeln und nicht m\u00fcde werden\u201c. <\/em><\/strong><\/p><cite><strong>Jesaja 40:31 <\/strong><\/cite><\/blockquote>\n\n\n\n<p class=\"wp-block-paragraph\" style=\"font-size:18px\">Am 1. M\u00e4rz fanden in den evangelischen Kirchengemeinden im Saarland die Presbyteriumswahlen statt. Dabei kann unsere Kirchengemeinde zufrieden auf eine gute Wahlbeteiligung blicken. Nach der Evangelischen Kirchengemeinde Schafbr\u00fccke, die mit 27,4 Prozent Spitzenreiter im Saarland ist, folgt unsere Kirchengemeinde mit 25,7 Prozent. Damit sind wir Spitzenreiter in unserem Kirchenkreis Saar-Ost. Vielen Dank an alle Gemeindeglieder die sich an der Wahl beteiligt haben. In unserer Gemeinde wurden am Ende folgende Kandidaten\/innen f\u00fcr die n\u00e4chsten 4 Jahre ins Presbyterium gew\u00e4hlt:<\/p>\n\n\n\n<blockquote class=\"wp-block-quote is-layout-flow wp-block-quote-is-layout-flow\"><p><strong><em>Diana Engel 381 Stimmen \/ Frank Klein 346 Stimmen \/ Jutta Sch\u00e4fer 342 Stimmen \/ Ulrike Feld 323 Stimmen \/ Oliver Mayer 300 Stimmen \/ Andreas Schmidt 298 Stimmen \/ Hartmut Bock 274 Stimmen \/ Michael Wagner 206 Stimmen \/ Mitarbeiter- Presbyter: Petra Urmoneit<\/em><\/strong><\/p><cite><strong>Offizielles Wahlergebnis &#8211; Evangelische Kirchengemeinde Dirmingen<\/strong><\/cite><\/blockquote>\n\n\n\n<p class=\"wp-block-paragraph\" style=\"font-size:18px\"><strong><em>Ich m\u00f6chte mich hier bei allen W\u00e4hlerinnen und W\u00e4hlern f\u00fcr das mir entgegengebrachte Vertrauen bedanken.<\/em><\/strong><\/p>\n\n\n\n<p class=\"wp-block-paragraph\" style=\"font-size:18px\">Von den 1784 Wahlberechtigten in unserer Gemeinde wurden 459 Stimmen abgegeben. Davon waren 24 ung\u00fcltige und 435 g\u00fcltige Stimmen. Auf die Kandidatin Silke Guth\u00f6rl entfielen 191 Stimmen. Die Wahlbeteiligung lag bei 25,7 Prozent.<\/p>\n\n\n\n<div class=\"wp-block-image\"><figure class=\"aligncenter size-large\"><img loading=\"lazy\" decoding=\"async\" width=\"644\" height=\"406\" src=\"https:\/\/echta-derminga.de\/wp-content\/uploads\/2020\/03\/00-644x406.jpg\" alt=\"\" class=\"wp-image-5650\" srcset=\"https:\/\/echta-derminga.de\/wp-content\/uploads\/2020\/03\/00-644x406.jpg 644w, https:\/\/echta-derminga.de\/wp-content\/uploads\/2020\/03\/00-300x189.jpg 300w, https:\/\/echta-derminga.de\/wp-content\/uploads\/2020\/03\/00-768x484.jpg 768w, https:\/\/echta-derminga.de\/wp-content\/uploads\/2020\/03\/00.jpg 800w\" sizes=\"auto, (max-width: 644px) 100vw, 644px\" \/><\/figure><\/div>\n\n\n\n<p class=\"wp-block-paragraph\" style=\"font-size:18px\"><strong>Nun wird sich mancher Zeitgenosse die Frage stellen, was eigentlich ein Presbyterium f\u00fcr Aufgaben hat. Das Presbyterium leitet zusammen mit den Pfarrerinnen und Pfarrern die Kirchengemeinde. Dabei k\u00fcmmert sich das Presbyterium um alle personellen, finanziellen und baulichen Angelegenheiten der Gemeinde. Im Gegensatz zu einem Pfarrgemeinderat oder Pfarrverwaltungsrat einer katholischen Gemeinde hat ein Presbyterium, anders als auf katholischer Seite, das letzte Wort und die Entscheidungsgewalt. Das Wort Presbyter kommt aus dem Griechischen und bedeutet so viel wie \u201edie \u00c4ltesten\u201c. Das Amt des Presbyters oder Presbyterinnen ist eine ehrenamtliche T\u00e4tigkeit. Die Amtszeit betr\u00e4gt in der Regel 4 Jahre. Gew\u00e4hlt werden k\u00f6nnen Frauen und M\u00e4nner von 18 bis 75 Jahren, die Mitglied einer evangelischen Kirchengemeinde sind. Die Aufgaben in einem Presbyterium sind vielf\u00e4ltig und interessant. Es geht um die Gemeindearbeit im Allgemeinen und um die Frage, wie wir gemeinsam die Kirchengemeinde zukunftsf\u00e4hig machen. Genau dieses Thema besch\u00e4ftigt mich seit geraumer Zeit sehr intensiv. Wenn man sich mit der Zukunft der beiden gro\u00dfen Kirchen in unserem Land befasst sollte man, gerade wenn man auf dem Land lebt, Fingerspitzengef\u00fchl walten lassen. Nat\u00fcrlich sind wir alle interessiert daran die Kirche buchst\u00e4blich im Dorf zu lassen. Dennoch frage ich mich immer \u00f6fter wie wohl die Zukunft der Kirchen in unserem Land aussehen wird. Gibt es in 20 Jahren noch eine katholische und evangelische Kirchengemeinde in unserem Dorf? Beiden Kirchen haben in den letzten Jahren zahlreiche Sch\u00e4fchen verloren. Die Zukunft der Institution Kirche liegt im Ungewissen. Aus meiner Sicht ist es h\u00f6chste Zeit \u00fcber den Gartenzaun zu blicken und sich gegenseitig die H\u00e4nde zu reichen. Es ist Zeit f\u00fcr MEHR \u00d6kumene!<\/strong><\/p>\n\n\n\n<p class=\"wp-block-paragraph\" style=\"font-size:18px\">Nur ein Traum? Man stelle sich vor: Ein gro\u00dfes modernes Gemeindehaus und eine Kirche, die von beiden Konfessionen genutzt wird. Meinetwegen im Wechsel oder im gemeinsamen Austausch. Die Vorstellung einer sogenannten Simultankirche begleitet mich schon einige Zeit. Nach der Bombardierung der ehemaligen katholischen Kirche auf dem Rothenberg wurde in Dirmingen schon einmal das sogenannte Simultaneum durchgef\u00fchrt. Das hei\u00dft katholische und evangelische Christen nutzten gemeinsam, bis zum Neubau der heutigen katholischen Kirche, die Kirche in der Ortsmitte. Die \u00e4lteren unter uns berichten noch heute davon, dass dies wunderbare funktioniert hat. Warum auch nicht, wir sind alle Landleute und lieben unsere Wurzeln. Glaube, Liebe und Hoffnung gibt es unter allen Menschen. <\/p>\n\n\n\n<p class=\"wp-block-paragraph\" style=\"font-size:18px\"><strong>Das neugew\u00e4hlte Presbyterium hat die Aufgabe unsere Kirchengemeinde zu halten und gut f\u00fcr die Zukunft aufzustellen. Wenn es jedoch nicht mehr geht muss man sich nach Alternativen umsehen. Die katholische Kirche hat seit geraumer Zeit mit der Zusammenlegung der Pfarreien zu k\u00e4mpfen. Die Verwaltungsstelle der St. Wendalinusgemeinde wurde bereits nach Eppelborn verlegt. Beiden Kirchen haben also mit mit ihren Problemen zu k\u00e4mpfen. Wieder einmal frage ich mich: Quo Vadis Kirche?<\/strong><\/p>\n\n\n\n<div class=\"wp-block-image\"><figure class=\"aligncenter size-large\"><img loading=\"lazy\" decoding=\"async\" width=\"644\" height=\"429\" src=\"https:\/\/echta-derminga.de\/wp-content\/uploads\/2020\/03\/P1030071-644x429.jpg\" alt=\"\" class=\"wp-image-5652\" srcset=\"https:\/\/echta-derminga.de\/wp-content\/uploads\/2020\/03\/P1030071-644x429.jpg 644w, https:\/\/echta-derminga.de\/wp-content\/uploads\/2020\/03\/P1030071-300x200.jpg 300w, https:\/\/echta-derminga.de\/wp-content\/uploads\/2020\/03\/P1030071-768x512.jpg 768w, https:\/\/echta-derminga.de\/wp-content\/uploads\/2020\/03\/P1030071.jpg 900w\" sizes=\"auto, (max-width: 644px) 100vw, 644px\" \/><\/figure><\/div>\n\n\n\n<p class=\"wp-block-paragraph\" style=\"font-size:18px\">Passend zu meinen Visionen erschien vor einigen Wochen ein Interview mit dem evangelischen Landesbischof Meister. Scheinbar liege ich \u00fcberhaupt gar nicht so falsch mit meinem Denken. In seinem Interview h\u00e4lt der Evangelische Landesbischof Meister die Gr\u00fcndung von \u00f6kumenische Gemeinden f\u00fcr m\u00f6glich.<\/p>\n\n\n\n<p class=\"wp-block-paragraph\" style=\"font-size:18px\"><strong>Aus Sicht des Kirchenoberhauptes steht die eigentliche Frage ob jemand evangelisch oder katholisch ist, kaum noch im Vordergrund. Vielmehr interessiert die Menschen, ob jemand Christ oder Christin ist. Meister sagt: \u201eWir m\u00fcssen uns also \u00fcberlegen, was wir gemeinsam tun k\u00f6nnen &#8211; bis hin zur Gr\u00fcndung von reinen \u00f6kumenischen Gemeinden.&#8220; Leider gibt es noch viel zu viele Unterschiede die evangelische und katholische Christen trennen. Das Z\u00f6libat oder die Durchf\u00fchrung des Abendmahls sind nur zwei gro\u00dfe Themen. Der Landesbischof denkt in seinem Interview an Gemeinden, die sich nur f\u00fcr einen begrenzten Zeitraum zusammenpf\u00e4nden, wom\u00f6glich ohne Pastor und Kirchengeb\u00e4ude, nur mit einem ehrenamtlich beauftragten Pr\u00e4dikanten. Meister h\u00e4lt eine solche Entwicklung in den n\u00e4chsten 20 bis 30 Jahren f\u00fcr m\u00f6glich. Zugegebenerma\u00dfen wird diese Entwicklung f\u00fcr der alteingesessenen Christen schwierig und schmerzhaft sein. Nat\u00fcrlich mache auch ich mir so meine Gedanken und habe in vielen Fragen meine Bedenken. Fakt ist jedoch, dass wir alle die Erfahrung machen werden, dass Kirche sich ver\u00e4ndern muss und auch ver\u00e4ndern wird. Das beginnt am traditionellen Sonntagmorgen-Gottesdienst und endet z.B an der Form einer Beerdigung. Alles ist im Fluss und alles \u00e4ndert sich.<\/strong><\/p>\n\n\n\n<p class=\"wp-block-paragraph\" style=\"font-size:18px\">In den letzten Jahren m\u00fcssen sich immer mehr Evangelische und auch katholische Kirchengemeinden zunehmend mit der Schlie\u00dfung ungenutzter Kirchengeb\u00e4ude befassen. Mittlerweile mussten schon in fast allen Landeskirchen Geb\u00e4ude aufgegeben und umgewidmet werden. Sinkende Mitgliederzahlen und Sparzw\u00e4nge lassen den Gemeinden kaum noch Raum. Nach Angaben unserer Evangelischen Kirche im Rheinland, der zweitgr\u00f6\u00dften evangelischen Landeskirche, wurden zwischen den Jahren zwischen 2008 und Ende 2018 rund 150 Kirchen entwidmet. Unsere Kirchengemeinde befindet sich inmitten dieser Entwicklung. Wenn wir unsere Gemeinde zukunftsf\u00e4hig aufstellen wollen, m\u00fcssen wir schmerzliche und richtungsweisende Entscheidungen treffen. Das historische alte evangelische Pfarrhaus wurde bereits verkauft. Der alte evangelischen Kindergarten auf dem \u201eRender\u201c soll ebenfalls ver\u00e4u\u00dfert werden. Diese beiden Entscheidungen haben mich pers\u00f6nlich sehr getroffen. F\u00fcr viele Gemeindeglieder wird die geplante Aufgabe des Gemeindehauses in Berschweiler ein einschneidendes Ereignis werden. Das alles wird nicht ohne Probleme und Widerst\u00e4nde umsetzbar sein. Gerade jetzt brauchen wir ein Presbyterium das Mut zur Ver\u00e4nderung hat und sich traut auch mal unangenehme Wege zu gehen.<\/p>\n\n\n\n<div class=\"wp-block-image\"><figure class=\"aligncenter size-large\"><img loading=\"lazy\" decoding=\"async\" width=\"644\" height=\"343\" src=\"https:\/\/echta-derminga.de\/wp-content\/uploads\/2020\/03\/gemeinde_bewegen_RGB-644x343.jpg\" alt=\"\" class=\"wp-image-5654\" srcset=\"https:\/\/echta-derminga.de\/wp-content\/uploads\/2020\/03\/gemeinde_bewegen_RGB-644x343.jpg 644w, https:\/\/echta-derminga.de\/wp-content\/uploads\/2020\/03\/gemeinde_bewegen_RGB-300x160.jpg 300w, https:\/\/echta-derminga.de\/wp-content\/uploads\/2020\/03\/gemeinde_bewegen_RGB-768x409.jpg 768w, https:\/\/echta-derminga.de\/wp-content\/uploads\/2020\/03\/gemeinde_bewegen_RGB.jpg 800w\" sizes=\"auto, (max-width: 644px) 100vw, 644px\" \/><\/figure><\/div>\n\n\n\n<p class=\"wp-block-paragraph\" style=\"font-size:18px\"><strong>Unser Presbyterium steht in den kommenden Jahren vor richtungsweisenden Entscheidungen. Niemand schlie\u00dft gerne ein Kirchengeb\u00e4ude oder gibt einen Kindergarten auf. Wenn wir jedoch unsere Kirchengemeinde erhalten m\u00f6chten, m\u00fcssen wir einen Sparkurs einhalten. Gl\u00fccklich ist dar\u00fcber niemand. Bei der Wahl in ein Presbyterium sollte man viel Herzblut, Mut und Engagement an den Tag legen. Ich freue mich dar\u00fcber den eingeschlagenen Weg an der Seite vieler Freundinnen und Freunde fortzuf\u00fchren. Wir wissen das die n\u00e4chsten Jahre nicht einfach werden. Dennoch glauben wir fest daran, dass unsere Gemeinde am Ende des Weges eine gute Zukunft vor sich hat. Manchmal muss es weh tun, bevor es gut wird!<\/strong><\/p>\n","protected":false},"excerpt":{"rendered":"<p>\u201eAber die auf den HERRN harren, kriegen neue Kraft, dass sie auffahren mit Fl\u00fcgeln wie Adler, dass sie laufen und nicht matt werden, dass sie wandeln und nicht m\u00fcde werden\u201c. Jesaja 40:31 Am 1. M\u00e4rz fanden in den evangelischen Kirchengemeinden im Saarland die Presbyteriumswahlen statt. Dabei kann unsere Kirchengemeinde zufrieden auf eine gute Wahlbeteiligung blicken. Nach der Evangelischen Kirchengemeinde Schafbr\u00fccke,<\/p>\n","protected":false},"author":1,"featured_media":5656,"comment_status":"open","ping_status":"closed","sticky":false,"template":"","format":"standard","meta":{"_crdt_document":"","footnotes":""},"categories":[1,9,47],"tags":[5,75,85,618,122,568,127],"class_list":["post-5641","post","type-post","status-publish","format-standard","has-post-thumbnail","hentry","category-allgemein","category-dorfgetratsche","category-meine-kirche","tag-dirmingen","tag-evangelische-kirche","tag-evangelische-kirche-dirmingen","tag-gemeinde-eppelborn","tag-gemeindehaus","tag-katholische-kirchengemeinde","tag-landkreis-neunkirchen"],"_links":{"self":[{"href":"https:\/\/echta-derminga.de\/index.php?rest_route=\/wp\/v2\/posts\/5641","targetHints":{"allow":["GET"]}}],"collection":[{"href":"https:\/\/echta-derminga.de\/index.php?rest_route=\/wp\/v2\/posts"}],"about":[{"href":"https:\/\/echta-derminga.de\/index.php?rest_route=\/wp\/v2\/types\/post"}],"author":[{"embeddable":true,"href":"https:\/\/echta-derminga.de\/index.php?rest_route=\/wp\/v2\/users\/1"}],"replies":[{"embeddable":true,"href":"https:\/\/echta-derminga.de\/index.php?rest_route=%2Fwp%2Fv2%2Fcomments&post=5641"}],"version-history":[{"count":12,"href":"https:\/\/echta-derminga.de\/index.php?rest_route=\/wp\/v2\/posts\/5641\/revisions"}],"predecessor-version":[{"id":5658,"href":"https:\/\/echta-derminga.de\/index.php?rest_route=\/wp\/v2\/posts\/5641\/revisions\/5658"}],"wp:featuredmedia":[{"embeddable":true,"href":"https:\/\/echta-derminga.de\/index.php?rest_route=\/wp\/v2\/media\/5656"}],"wp:attachment":[{"href":"https:\/\/echta-derminga.de\/index.php?rest_route=%2Fwp%2Fv2%2Fmedia&parent=5641"}],"wp:term":[{"taxonomy":"category","embeddable":true,"href":"https:\/\/echta-derminga.de\/index.php?rest_route=%2Fwp%2Fv2%2Fcategories&post=5641"},{"taxonomy":"post_tag","embeddable":true,"href":"https:\/\/echta-derminga.de\/index.php?rest_route=%2Fwp%2Fv2%2Ftags&post=5641"}],"curies":[{"name":"wp","href":"https:\/\/api.w.org\/{rel}","templated":true}]}}