{"id":5805,"date":"2020-04-09T14:43:58","date_gmt":"2020-04-09T13:43:58","guid":{"rendered":"http:\/\/echta-derminga.de\/?p=5805"},"modified":"2020-04-09T15:02:07","modified_gmt":"2020-04-09T14:02:07","slug":"unsere-dorfgemeinschaft-kann-gestaerkt-aus-dieser-corona-pandemie-hervorgehen","status":"publish","type":"post","link":"https:\/\/echta-derminga.de\/?p=5805","title":{"rendered":"In Sachen Ortsvorsteher : Unsere Dorfgemeinschaft kann gest\u00e4rkt aus dieser Corona-Pandemie hervorgehen"},"content":{"rendered":"\n<p class=\"wp-block-paragraph\" style=\"font-size:18px\"><strong>Liebe Dirmingerinnen und liebe Dirminger, liebe Freundinnen und Freunde,<\/strong><\/p>\n\n\n\n<p class=\"wp-block-paragraph\" style=\"font-size:18px\"><strong>auch f\u00fcr unseren Heimatort Dirmingen sind dies keine leichten Zeiten. Die vorgegebenen Ausgangsbeschr\u00e4nkungen der Saarl\u00e4ndische Landesregierung werden uns auch \u00fcber das Osterfest begleiten. Diese Ma\u00dfnahmen dienen dem Schutz aller B\u00fcrgerinnen und B\u00fcrger und sollen die Ausbreitung der Corona-Pandemie eind\u00e4mmen. Die Versorgung mit Lebensmitteln und Produkten des t\u00e4glichen Bedarfes steht gerade w\u00e4hrend der Corona- Pandemie an erster Stelle. \u00c4ltere und kranke Mitb\u00fcrgerinnen und Mitb\u00fcrger, sowie in Quarant\u00e4ne befindliche Personen, die nicht mehr selbst einkaufen k\u00f6nnen und denen im privaten Umfeld keine Hilfe zur Verf\u00fcgung steht, k\u00f6nnen mich weiterhin kontaktieren. Unsere organisierte Nachbarschaftshilfe bietet Beh\u00f6rdeng\u00e4nge, Besorgungen und Eink\u00e4ufe an. Ich bin sehr stolz auf die Hilfsbereitschaft meiner Landsleute und hoffe das dieses Angebot auch weiterhin so gut angenommen wird. Als ihr Stellvertretender Ortsvorsteher werde ich ihre Anfragen und W\u00fcnsche unter der Telefonnummer 0172 6027216 annehmen, koordinieren und in die Wege leiten lassen. Mein Dank geht an alle ehrenamtlichen Helferinnen und Helfer, die bereits ihre Mitarbeit zugesagt und auch schon aktiv geholfen haben.<\/strong><\/p>\n\n\n\n<p class=\"wp-block-paragraph\" style=\"font-size:18px\">Seit einiger Zeit werden von einigen Dirmingerinnen, die sich ehrenamtlich engagieren, kostenlose Behelfsgesichtsmasken angefertigt. Sollten Sie auch daran Interesse haben, k\u00f6nnen Sie mich gerne kontaktieren. Nat\u00fcrlich k\u00f6nnen Sie auch Material, Gummis oder Baumwolle spenden. Unsere flei\u00dfigen Helfer sind dankbar f\u00fcr jede Unterst\u00fctzung.<\/p>\n\n\n\n<p class=\"wp-block-paragraph\" style=\"font-size:18px\"><strong>In dieser schweren Zeit ist es wichtig, dass wir tats\u00e4chlich die Vorgaben der Ausgangsbeschr\u00e4nkung umsetzen und zuhause bleiben. Gerade jetzt m\u00fcssen wir trotz Abstand eng zusammenr\u00fccken und aufeinander achtgeben. Sollten Sie in ihrem direkten Umfeld Menschen kennen, die Hilfe ben\u00f6tigen, k\u00f6nnen Sie sich jederzeit melden. In Zusammenarbeit mit der Gemeindeverwaltung werden wir alles versuchen um unterst\u00fctzend einzuwirken.<\/strong><\/p>\n\n\n\n<p class=\"wp-block-paragraph\" style=\"font-size:18px\"><strong>Unsere Gewerbetreibenden, Einzelh\u00e4ndler, Gesch\u00e4fte und Gastronomen m\u00f6chte ich Ihnen weiterhin ans Herz legen. Unsere Gesch\u00e4ftswelt und die damit verbundene Infrastruktur hat es derzeit nicht leicht und braucht jede erdenkliche Unterst\u00fctzung.<\/strong><\/p>\n\n\n\n<p class=\"wp-block-paragraph\" style=\"font-size:18px\">Die Ausgangsbeschr\u00e4nkung zieht weiterhin einschneidende Ma\u00dfnahmen mit sich und ver\u00e4ndert bis auf weiteres unser Dorfleben. Ich habe den Eindruck gewonnen, dass die Menschen in unserem Dorf zusammenger\u00fcckt sind und l\u00e4ngst verstanden haben um was es geht. T\u00e4glich erreichen mich viele Nachrichten mit Hilfsangeboten und wichtigen Hinweisen. Der Umgang mit den vorgegebenen Richtlinien, die auch ein Kontaktverbot beinhaltet, wird weitgehendst eingehalten. Die Menschen halten Abstand und demonstrieren damit ihre Solidarit\u00e4t zum N\u00e4chsten.<\/p>\n\n\n\n<p class=\"wp-block-paragraph\" style=\"font-size:18px\"><strong>Unsere beiden Kirchengemeinden sorgen mit ihren christlichen Angeboten f\u00fcr den notwendigen R\u00fcckhalt. Seit Beginn der Pandemie wird ein \u00f6kumenisches Solidarit\u00e4tsl\u00e4uten durchgef\u00fchrt. T\u00e4glich l\u00e4uten um 19:30 Uhr die Glocken unserer beiden Kirchen. Wichtig ist: Ostern f\u00e4llt auch w\u00e4hrend der Pandemie nicht aus! Unsere beiden Kirchengemeinden bieten zum Osterfest interessante Angebote an. Machen Sie davon Gebrauch und genie\u00dfen sie trotz alledem das Osterfest.<\/strong><\/p>\n\n\n\n<p class=\"wp-block-paragraph\" style=\"font-size:18px\">Unabh\u00e4ngig von der andauernden Pandemie gibt es so einiges zu tun. In den letzten Wochen haben Vandalismus und Umweltverschmutzung wieder stark zugenommen. Sachbesch\u00e4digung durch Graffitispr\u00fchen, unerlaubte Entsorgung von Bauschutt oder unerlaubte M\u00fcllentsorgung auf gemeindeeigenem Grundst\u00fcck haben keinen Platz in unserer Gesellschaft. Gemeinsam sollten wir darauf achten, dass unsere Heimat sch\u00f6n und lebenswert bleibt. Lobenswert zu erw\u00e4hnen ist das Engagement einiger Landsleute die v\u00f6llig uneigenn\u00fctzig den M\u00fcll anderer aufsammeln und sogar entsorgen.<\/p>\n\n\n\n<p class=\"wp-block-paragraph\" style=\"font-size:18px\"><strong>Nachdem unser Ortsvorsteher Manfred Klein am 15. M\u00e4rz verstarb habe ich als sein Stellvertreter, nach R\u00fccksprache mit unserem B\u00fcrgermeister Dr. Andreas Feld, bis auf weiteres die Amtsgesch\u00e4fte \u00fcbernommen. Der Dirminger Ortsrat wird nun in einer Sitzung dar\u00fcber entscheiden m\u00fcssen wer zuk\u00fcnftig als Ortsvorsteher die Geschicke unseres Dorfes in die Hand nimmt. Bis dahin werde ich gerne in meiner Position als Stellvertretender Ortsvorsteher meinem Heimatort dienen.<\/strong><\/p>\n\n\n\n<p class=\"wp-block-paragraph\" style=\"font-size:18px\">Die ersten Wochen in Verantwortung waren gepr\u00e4gt von Trauer und Schwermut. Unser Ortsvorsteher Manfred Klein hat vieles f\u00fcr unseren Heimatort bewegt und geleistet. Sein Tod hinterl\u00e4sst eine gro\u00dfe L\u00fccke. Bis wir diesen Verlust verstanden haben, wird bestimmt noch einige Zeit vergehen. Auf der anderen Seite wurden meine ersten Wochen in Verantwortung auch begleitet von viel Zuspruch, Unterst\u00fctzung und Hilfsbereitschaft. Ich glaube fest daran, dass wir gest\u00e4rkt aus dieser Krise hervorgehen k\u00f6nnen. Wichtig ist, dass wir mit Abstand unsere N\u00e4he demonstrieren und uns gegenseitig mit Respekt und Verst\u00e4ndnis begegnen.<\/p>\n\n\n\n<p class=\"wp-block-paragraph\" style=\"font-size:18px\"><strong>Zuk\u00fcnftig werde ich Sie auf meinem pers\u00f6nlichen Blog w\u00f6chentlich \u00fcber die aktuelle Situation in unserem Heimatort informieren. Sollten Sie Fragen, Hinweise oder Vorschl\u00e4ge haben k\u00f6nnen Sie mich jederzeit telefonisch kontaktieren.<\/strong><\/p>\n\n\n\n<p class=\"wp-block-paragraph\" style=\"font-size:18px\"><strong>Bis dahin w\u00fcnsche ich Ihnen trotz alledem ein gesegnetes und erholsames Osterfest.<\/strong><\/p>\n\n\n\n<p class=\"wp-block-paragraph\" style=\"font-size:18px\">Bitte denken Sie daran:<strong> <em>\u201eMan muss immer mit allem rechnen, auch mit dem Guten\u201c<\/em><\/strong><\/p>\n\n\n\n<p class=\"wp-block-paragraph\" style=\"font-size:18px\"><strong>In diesem Sinne: Bleiben Sie gesund und beh\u00fctet<\/strong><\/p>\n\n\n\n<p class=\"wp-block-paragraph\" style=\"font-size:18px\">Ihr Stellvertretender Ortsvorsteher<\/p>\n\n\n\n<p class=\"wp-block-paragraph\"><em><strong>Frank Klein<\/strong><\/em><\/p>\n\n\n\n<div class=\"wp-block-image\"><figure class=\"aligncenter size-large\"><img loading=\"lazy\" decoding=\"async\" width=\"519\" height=\"793\" src=\"https:\/\/echta-derminga.de\/wp-content\/uploads\/2020\/04\/OV-Alle.png\" alt=\"\" class=\"wp-image-5812\" srcset=\"https:\/\/echta-derminga.de\/wp-content\/uploads\/2020\/04\/OV-Alle.png 519w, https:\/\/echta-derminga.de\/wp-content\/uploads\/2020\/04\/OV-Alle-196x300.png 196w\" sizes=\"auto, (max-width: 519px) 100vw, 519px\" \/><\/figure><\/div>\n","protected":false},"excerpt":{"rendered":"<p>Liebe Dirmingerinnen und liebe Dirminger, liebe Freundinnen und Freunde, auch f\u00fcr unseren Heimatort Dirmingen sind dies keine leichten Zeiten. Die vorgegebenen Ausgangsbeschr\u00e4nkungen der Saarl\u00e4ndische Landesregierung werden uns auch \u00fcber das Osterfest begleiten. Diese Ma\u00dfnahmen dienen dem Schutz aller B\u00fcrgerinnen und B\u00fcrger und sollen die Ausbreitung der Corona-Pandemie eind\u00e4mmen. Die Versorgung mit Lebensmitteln und Produkten des t\u00e4glichen Bedarfes steht gerade w\u00e4hrend<\/p>\n","protected":false},"author":1,"featured_media":5807,"comment_status":"closed","ping_status":"closed","sticky":false,"template":"","format":"standard","meta":{"_crdt_document":"","footnotes":""},"categories":[1,812],"tags":[813,5,618,127,634,310],"class_list":["post-5805","post","type-post","status-publish","format-standard","has-post-thumbnail","hentry","category-allgemein","category-ortsvorsteher-dirmingen","tag-corona-pandemie","tag-dirmingen","tag-gemeinde-eppelborn","tag-landkreis-neunkirchen","tag-ortsvorsteher","tag-saarland"],"_links":{"self":[{"href":"https:\/\/echta-derminga.de\/index.php?rest_route=\/wp\/v2\/posts\/5805","targetHints":{"allow":["GET"]}}],"collection":[{"href":"https:\/\/echta-derminga.de\/index.php?rest_route=\/wp\/v2\/posts"}],"about":[{"href":"https:\/\/echta-derminga.de\/index.php?rest_route=\/wp\/v2\/types\/post"}],"author":[{"embeddable":true,"href":"https:\/\/echta-derminga.de\/index.php?rest_route=\/wp\/v2\/users\/1"}],"replies":[{"embeddable":true,"href":"https:\/\/echta-derminga.de\/index.php?rest_route=%2Fwp%2Fv2%2Fcomments&post=5805"}],"version-history":[{"count":8,"href":"https:\/\/echta-derminga.de\/index.php?rest_route=\/wp\/v2\/posts\/5805\/revisions"}],"predecessor-version":[{"id":5815,"href":"https:\/\/echta-derminga.de\/index.php?rest_route=\/wp\/v2\/posts\/5805\/revisions\/5815"}],"wp:featuredmedia":[{"embeddable":true,"href":"https:\/\/echta-derminga.de\/index.php?rest_route=\/wp\/v2\/media\/5807"}],"wp:attachment":[{"href":"https:\/\/echta-derminga.de\/index.php?rest_route=%2Fwp%2Fv2%2Fmedia&parent=5805"}],"wp:term":[{"taxonomy":"category","embeddable":true,"href":"https:\/\/echta-derminga.de\/index.php?rest_route=%2Fwp%2Fv2%2Fcategories&post=5805"},{"taxonomy":"post_tag","embeddable":true,"href":"https:\/\/echta-derminga.de\/index.php?rest_route=%2Fwp%2Fv2%2Ftags&post=5805"}],"curies":[{"name":"wp","href":"https:\/\/api.w.org\/{rel}","templated":true}]}}