{"id":5846,"date":"2020-04-16T12:30:36","date_gmt":"2020-04-16T11:30:36","guid":{"rendered":"http:\/\/echta-derminga.de\/?p=5846"},"modified":"2020-04-16T12:36:18","modified_gmt":"2020-04-16T11:36:18","slug":"dirminger-kulturecke-musikverein-harmonie-dirmingen","status":"publish","type":"post","link":"https:\/\/echta-derminga.de\/?p=5846","title":{"rendered":"Dirminger Kulturecke &#8211; Musikverein &#8222;Harmonie&#8220; Dirmingen"},"content":{"rendered":"\n<blockquote class=\"wp-block-quote is-layout-flow wp-block-quote-is-layout-flow\"><p><strong>In der Dirminger Kulturecke erfahren Sie alles was Sie schon immer \u00fcber Dirmingen wissen wollten oder wissen sollten. Wussten Sie schon, dass der Musikverein \u201eHarmonie\u201c Dirmingen im Jahre 1909 gegr\u00fcndet wurde?<\/strong><\/p><\/blockquote>\n\n\n\n<p class=\"wp-block-paragraph\" style=\"font-size:18px\">Zur Gr\u00fcndungsversammlung des \u201eMusikchor Dirmingen\u201c waren 11 interessierte M\u00e4nner aus Dirmingen und Berschweiler gekommen. Die Vereinsgr\u00fcnder waren: <strong><em>Valentin Molter, August Rothe, Wilhelm Rothe, Nikolaus Wagner, Wilhelm Br\u00fcck, Valentin Br\u00fcck, Jakob Schwammbach, Jakob Bock, Jakob Wagner sowie die Br\u00fcder Valentin und Peter Molter.<\/em><\/strong><\/p>\n\n\n\n<p class=\"wp-block-paragraph\" style=\"font-size:18px\">Die Gr\u00fcndungsmitglieder des neuen Musikvereins waren \u00fcberwiegend Bergleute. W\u00e4hrend der Woche \u00fcbernachteten die M\u00e4nner in den Schlafh\u00e4usern ihrer Stammgrube. Ihre Freizeit nutzten die Bergleute, um ihr Instrument zu erlernen. Bergmusiker der Saarbergkappelle sorgten f\u00fcr die notwendige Ausbildung. Bevor der \u201eMusikchor Dirmingen\u201c gegr\u00fcndet wurde, waren zahlreiche Mitglieder schon im Musikverein Illingen aktiv unterwegs. Valentin Molter aus Dirmingen wurde zum ersten Dirigenten des neugegr\u00fcndeten Vereins erkoren.<\/p>\n\n\n\n<p class=\"wp-block-paragraph\" style=\"font-size:18px\"><strong>Nach seiner Gr\u00fcndung wurde der Verein naturgem\u00e4\u00df durch die beiden Weltkriege massiv in seiner Entwicklung gehemmt. Immerhin gelingt es dem Verein seinen aktiven Spielbetrieb aufrecht zu erhalten. Im Jahre 1937 wurde der Musikchor Dirmingen gezwungenerma\u00dfen zur \u201eNSKK-Kapelle\u201c umbenannt. Diese Umbenennung hatte zahlreiche Austritte zur Folge. Diejenigen die weiterhin im Verein blieben hatten letztendlich Angst vor Sanktionen. W\u00e4hrend des Nazi-Regimes hielten sich die Aktivit\u00e4ten des Vereins in Grenzen.<\/strong><\/p>\n\n\n\n<p class=\"wp-block-paragraph\" style=\"font-size:18px\">Im Jahre 1954 erfolgt die Registrierung des Musikvereins \u201eHarmonie\u201c Dirmingen. Mit dieser Namensbezeichnung wurde bewusst eine Br\u00fccke zum M\u00e4nnergesangsverein \u201eHarmonie\u201c 1898 Dirmingen geschlagen. In den 1960-ger Jahren hat der Verein 25 aktive Musiker in seinen Reihen. Im Jahre 1963 \u00fcbernimmt der Verein die Ausf\u00fchrung der Festmusik beim Dirminger Volksfest. Dieses Volksfest wurde damals vom M\u00e4nnergesangverein \u201eHarmonie&#8220; 1898 Dirmingen ausgerichtet.<\/p>\n\n\n\n<p class=\"wp-block-paragraph\" style=\"font-size:18px\"><strong>Bereits im Jahre 1971 werden erste personelle Probleme ersichtlich. Der Verein muss reagieren und fusioniert mit dem Musikverein Wustweiler. Die Leitung \u00fcbernahm damals der langj\u00e4hrige Dirigent Josef Kirsch. Am 12 Februar 1973 wird Otto Germesin mit \u00fcberw\u00e4ltigender Mehrheit zum neuen Vorsitzenden gew\u00e4hlt. Im Jahr 1973 leidet der Verein erneut unter massiven Personalsorgen. Zu diesem Zeitpunkt hat der Verein noch 11 aktive Musiker. Im Jahre 1976 wird Bernhard Schwirz zum neuen Dirigenten bestellt. Zu dieser Zeit nimmt der Verein recht erfolgreich an sogenannten Wertungsspielen teil.<\/strong><\/p>\n\n\n\n<p class=\"wp-block-paragraph\" style=\"font-size:18px\">Im Jahre 1987 stellt der langj\u00e4hrige Vorsitzende Otto Germesin sein Amt zur Verf\u00fcgung. Sein Nachfolger wurde der Dirminger Holger Klein der mit seinen 18 Jahren zum j\u00fcngsten Vorsitzenden der Vereinsgeschichte gew\u00e4hlt wurde. Im Jahre 1990 wurde Werner Lambert neuer Vorsitzender des Musikvereins. Als Dirigent trug damals Hans Germesin die Verantwortung. Im Jahre 1993 \u00fcbernahm Stefan Fuchs das Amt des Dirigenten. Aus beruflichen Gr\u00fcnden konnte Fuchs dieses Amt nicht lange aus\u00fcben. Sein Nachfolger wurde Uwe Hanson.<\/p>\n\n\n\n<p class=\"wp-block-paragraph\" style=\"font-size:18px\"><strong>Im Jahre 1994 feierte der Verein sein letztes gro\u00dfes Jubil\u00e4um. Die Zeichen der Zeit nagten an den Vereinsstrukturen. Die Zeit der gro\u00dfen Musikvereine scheint am Ende zu sein. Der Dirminger Musikverein stellte seinen Spielbetrieb ein und l\u00f6ste sich schlie\u00dflich auf. Zweifellos war dies ein herber Verlust f\u00fcr unseren Heimatort. Das Musizieren in einer Kapelle, einem Verein oder einem gr\u00f6\u00dferen Chor ist l\u00e4ngst nicht mehr angesagt. Wenn \u00fcberhaupt bilden sich gr\u00f6\u00dfere Musikvereine in St\u00e4dten oder in ganzen Regionen. Einen ortsans\u00e4ssigen Musikverein haben heute nur noch die wenigsten D\u00f6rfer.<\/strong><\/p>\n\n\n\n<p class=\"wp-block-paragraph\" style=\"font-size:18px\"><strong>Nachdem auch der M\u00e4nnergesangsverein \u201eHarmonie\u201c 1898 Dirmingen im Jahre 2017 sein aktives Ende bekannt gab, verf\u00fcgt unser Heimatort nur noch \u00fcber zwei kirchliche Musikgruppen. Der Evangelische Posaunenchor Dirmingen und der Evangelische Kirchenchor Dirmingen bieten die letzten M\u00f6glichkeiten f\u00fcr interessierte Kinder, Jugendliche oder Erwachsene.<\/strong><\/p>\n\n\n\n<div class=\"wp-block-image\"><figure class=\"aligncenter size-large\"><img loading=\"lazy\" decoding=\"async\" width=\"644\" height=\"469\" src=\"https:\/\/echta-derminga.de\/wp-content\/uploads\/2020\/04\/MV-2-644x469.jpeg\" alt=\"\" class=\"wp-image-5850\" srcset=\"https:\/\/echta-derminga.de\/wp-content\/uploads\/2020\/04\/MV-2-644x469.jpeg 644w, https:\/\/echta-derminga.de\/wp-content\/uploads\/2020\/04\/MV-2-300x219.jpeg 300w, https:\/\/echta-derminga.de\/wp-content\/uploads\/2020\/04\/MV-2-768x560.jpeg 768w, https:\/\/echta-derminga.de\/wp-content\/uploads\/2020\/04\/MV-2.jpeg 915w\" sizes=\"auto, (max-width: 644px) 100vw, 644px\" \/><\/figure><\/div>\n","protected":false},"excerpt":{"rendered":"<p>In der Dirminger Kulturecke erfahren Sie alles was Sie schon immer \u00fcber Dirmingen wissen wollten oder wissen sollten. Wussten Sie schon, dass der Musikverein \u201eHarmonie\u201c Dirmingen im Jahre 1909 gegr\u00fcndet wurde? Zur Gr\u00fcndungsversammlung des \u201eMusikchor Dirmingen\u201c waren 11 interessierte M\u00e4nner aus Dirmingen und Berschweiler gekommen. Die Vereinsgr\u00fcnder waren: Valentin Molter, August Rothe, Wilhelm Rothe, Nikolaus Wagner, Wilhelm Br\u00fcck, Valentin Br\u00fcck,<\/p>\n","protected":false},"author":1,"featured_media":5849,"comment_status":"closed","ping_status":"closed","sticky":false,"template":"","format":"standard","meta":{"_crdt_document":"","footnotes":""},"categories":[1,2],"tags":[5,464,618,816,127,815],"class_list":["post-5846","post","type-post","status-publish","format-standard","has-post-thumbnail","hentry","category-allgemein","category-kulturecke","tag-dirmingen","tag-dirminger-kulturecke","tag-gemeinde-eppelborn","tag-gesangsverein","tag-landkreis-neunkirchen","tag-musikverein"],"_links":{"self":[{"href":"https:\/\/echta-derminga.de\/index.php?rest_route=\/wp\/v2\/posts\/5846","targetHints":{"allow":["GET"]}}],"collection":[{"href":"https:\/\/echta-derminga.de\/index.php?rest_route=\/wp\/v2\/posts"}],"about":[{"href":"https:\/\/echta-derminga.de\/index.php?rest_route=\/wp\/v2\/types\/post"}],"author":[{"embeddable":true,"href":"https:\/\/echta-derminga.de\/index.php?rest_route=\/wp\/v2\/users\/1"}],"replies":[{"embeddable":true,"href":"https:\/\/echta-derminga.de\/index.php?rest_route=%2Fwp%2Fv2%2Fcomments&post=5846"}],"version-history":[{"count":6,"href":"https:\/\/echta-derminga.de\/index.php?rest_route=\/wp\/v2\/posts\/5846\/revisions"}],"predecessor-version":[{"id":5854,"href":"https:\/\/echta-derminga.de\/index.php?rest_route=\/wp\/v2\/posts\/5846\/revisions\/5854"}],"wp:featuredmedia":[{"embeddable":true,"href":"https:\/\/echta-derminga.de\/index.php?rest_route=\/wp\/v2\/media\/5849"}],"wp:attachment":[{"href":"https:\/\/echta-derminga.de\/index.php?rest_route=%2Fwp%2Fv2%2Fmedia&parent=5846"}],"wp:term":[{"taxonomy":"category","embeddable":true,"href":"https:\/\/echta-derminga.de\/index.php?rest_route=%2Fwp%2Fv2%2Fcategories&post=5846"},{"taxonomy":"post_tag","embeddable":true,"href":"https:\/\/echta-derminga.de\/index.php?rest_route=%2Fwp%2Fv2%2Ftags&post=5846"}],"curies":[{"name":"wp","href":"https:\/\/api.w.org\/{rel}","templated":true}]}}