{"id":5855,"date":"2020-04-17T11:32:10","date_gmt":"2020-04-17T10:32:10","guid":{"rendered":"http:\/\/echta-derminga.de\/?p=5855"},"modified":"2020-04-17T19:05:23","modified_gmt":"2020-04-17T18:05:23","slug":"alle-mitmachen-derminge-sengt-gegen-die-pandemie","status":"publish","type":"post","link":"https:\/\/echta-derminga.de\/?p=5855","title":{"rendered":"Alle Mitmachen &#8211; &#8222;Derminge sengt&#8220; gegen die Pandemie"},"content":{"rendered":"\n<p class=\"wp-block-paragraph\" style=\"font-size:18px\">Solidarit\u00e4tsaktionen sind zu Zeiten der Coronakrise angesagt. Weltweit demonstrieren die Menschen ihren Zusammenhalt mit Klatschen oder Musizieren.<\/p>\n\n\n\n<p class=\"wp-block-paragraph\" style=\"font-size:18px\"><strong>Am Samstag, 18. April 2020 startet diesbez\u00fcglich die erste Solidarit\u00e4tsaktion in Dirmingen. Alle &#8222;Echte Derminga&#8220;, Freunde und Landsleute sind herzlich eingeladen mitzumachen.<\/strong> <strong>Wir singen gemeinsam unsere Hymne !<\/strong><\/p>\n\n\n\n<p class=\"wp-block-paragraph\" style=\"font-size:18px\"><strong>Um 17:00 Uhr singt Dirmingen das Liedchen &#8222;Derminga D\u00f6rfche&#8220;. Dabei spielt es keine Rolle ob sie nur Singen oder das Liedchen auf Platte oder CD abspielen m\u00f6chten. Wichtig ist, dass so viele wie m\u00f6glich mitmachen.<\/strong><\/p>\n\n\n\n<p class=\"wp-block-paragraph\" style=\"font-size:18px\">Die Aktion wird von einem Fahrzeug begleitet, dass durch die Strassen unseres Dorfes f\u00e4hrt und das Lied immer wieder abspielt.<\/p>\n\n\n\n<p class=\"wp-block-paragraph\" style=\"font-size:18px\">&#8222;Derminge sengt&#8220; gegen die Pandemie. Bitte unterst\u00fctzen Sie uns bei dieser Solidarit\u00e4tsaktion. Es ist nicht schwer und kostet allenfalls ein wenig \u00dcberwindung. Sch\u00f6n w\u00e4re es, wenn sie ihre Mitmach-Aktion filmen und mir \u00fcber die sozialen Medien wie z.B Whats app oder Facebook zusenden w\u00fcrden. Gerne k\u00f6nnen sie auch diesen Blogeintrag kommentieren. <\/p>\n\n\n\n<p class=\"wp-block-paragraph\" style=\"font-size:18px\"><strong>Bitte den Text mit Akkorden kopieren und ausdrucken ! Sollte die Aktion gelingen, werden wir dies auf absehbare Zeit wiederholen. &#8222;Derminge sengt&#8220; und demonstriert Solidarit\u00e4t.<\/strong> <strong>MITMACHEN !!!<\/strong><\/p>\n\n\n\n<div class=\"wp-block-image\"><figure class=\"aligncenter size-large\"><img loading=\"lazy\" decoding=\"async\" width=\"644\" height=\"892\" src=\"https:\/\/echta-derminga.de\/wp-content\/uploads\/2020\/04\/20200417_114825-644x892.jpg\" alt=\"\" class=\"wp-image-5858\" srcset=\"https:\/\/echta-derminga.de\/wp-content\/uploads\/2020\/04\/20200417_114825-644x892.jpg 644w, https:\/\/echta-derminga.de\/wp-content\/uploads\/2020\/04\/20200417_114825-217x300.jpg 217w, https:\/\/echta-derminga.de\/wp-content\/uploads\/2020\/04\/20200417_114825-768x1064.jpg 768w, https:\/\/echta-derminga.de\/wp-content\/uploads\/2020\/04\/20200417_114825-1109x1536.jpg 1109w, https:\/\/echta-derminga.de\/wp-content\/uploads\/2020\/04\/20200417_114825.jpg 1200w\" sizes=\"auto, (max-width: 644px) 100vw, 644px\" \/><\/figure><\/div>\n\n\n\n<p class=\"wp-block-paragraph\"><\/p>\n","protected":false},"excerpt":{"rendered":"<p>Solidarit\u00e4tsaktionen sind zu Zeiten der Coronakrise angesagt. Weltweit demonstrieren die Menschen ihren Zusammenhalt mit Klatschen oder Musizieren. Am Samstag, 18. April 2020 startet diesbez\u00fcglich die erste Solidarit\u00e4tsaktion in Dirmingen. Alle &#8222;Echte Derminga&#8220;, Freunde und Landsleute sind herzlich eingeladen mitzumachen. Wir singen gemeinsam unsere Hymne ! Um 17:00 Uhr singt Dirmingen das Liedchen &#8222;Derminga D\u00f6rfche&#8220;. Dabei spielt es keine Rolle ob<\/p>\n","protected":false},"author":1,"featured_media":5857,"comment_status":"open","ping_status":"closed","sticky":false,"template":"","format":"standard","meta":{"_crdt_document":"","footnotes":""},"categories":[1,9],"tags":[39,5,618,127,38],"class_list":["post-5855","post","type-post","status-publish","format-standard","has-post-thumbnail","hentry","category-allgemein","category-dorfgetratsche","tag-derminga-doerfche","tag-dirmingen","tag-gemeinde-eppelborn","tag-landkreis-neunkirchen","tag-rastlos"],"_links":{"self":[{"href":"https:\/\/echta-derminga.de\/index.php?rest_route=\/wp\/v2\/posts\/5855","targetHints":{"allow":["GET"]}}],"collection":[{"href":"https:\/\/echta-derminga.de\/index.php?rest_route=\/wp\/v2\/posts"}],"about":[{"href":"https:\/\/echta-derminga.de\/index.php?rest_route=\/wp\/v2\/types\/post"}],"author":[{"embeddable":true,"href":"https:\/\/echta-derminga.de\/index.php?rest_route=\/wp\/v2\/users\/1"}],"replies":[{"embeddable":true,"href":"https:\/\/echta-derminga.de\/index.php?rest_route=%2Fwp%2Fv2%2Fcomments&post=5855"}],"version-history":[{"count":14,"href":"https:\/\/echta-derminga.de\/index.php?rest_route=\/wp\/v2\/posts\/5855\/revisions"}],"predecessor-version":[{"id":5874,"href":"https:\/\/echta-derminga.de\/index.php?rest_route=\/wp\/v2\/posts\/5855\/revisions\/5874"}],"wp:featuredmedia":[{"embeddable":true,"href":"https:\/\/echta-derminga.de\/index.php?rest_route=\/wp\/v2\/media\/5857"}],"wp:attachment":[{"href":"https:\/\/echta-derminga.de\/index.php?rest_route=%2Fwp%2Fv2%2Fmedia&parent=5855"}],"wp:term":[{"taxonomy":"category","embeddable":true,"href":"https:\/\/echta-derminga.de\/index.php?rest_route=%2Fwp%2Fv2%2Fcategories&post=5855"},{"taxonomy":"post_tag","embeddable":true,"href":"https:\/\/echta-derminga.de\/index.php?rest_route=%2Fwp%2Fv2%2Ftags&post=5855"}],"curies":[{"name":"wp","href":"https:\/\/api.w.org\/{rel}","templated":true}]}}