{"id":5875,"date":"2020-04-18T11:27:02","date_gmt":"2020-04-18T10:27:02","guid":{"rendered":"http:\/\/echta-derminga.de\/?p=5875"},"modified":"2020-04-18T11:43:16","modified_gmt":"2020-04-18T10:43:16","slug":"in-sachen-ortsvorsteher-solidaritaetszeichen-und-blick-in-die-zukunft","status":"publish","type":"post","link":"https:\/\/echta-derminga.de\/?p=5875","title":{"rendered":"In Sachen Ortsvorsteher: Solidarit\u00e4tszeichen und Blick in die Zukunft"},"content":{"rendered":"\n<p class=\"wp-block-paragraph\" style=\"font-size:18px\"><strong>Nachdem unsere Landesregierung eine Verl\u00e4ngerung der bestehenden Ausgangsbeschr\u00e4nkung bis einschlie\u00dflich 03. Mai 2020 beschlossen hat, genie\u00dft die Versorgung mit Lebensmitteln und Produkten des t\u00e4glichen Bedarfes weiterhin oberste Priorit\u00e4t. \u00c4ltere und kranke Mitb\u00fcrgerinnen und Mitb\u00fcrger, sowie in Quarant\u00e4ne befindliche Personen, die nicht mehr selbst einkaufen k\u00f6nnen und denen im privaten Umfeld keine Hilfe zur Verf\u00fcgung steht, k\u00f6nnen mich jederzeit kontaktieren. Unsere organisierte Nachbarschaftshilfe bietet Beh\u00f6rdeng\u00e4nge, Besorgungen und Eink\u00e4ufe an. Nach R\u00fccksprache mit unserem Lebensmittelh\u00e4ndler Cham Saar (Tel: 01792104213) und der B\u00e4ckerei Bost (06827\/3416) wird es zuk\u00fcnftig m\u00f6glich sein ihre Eink\u00e4ufe vorzubestellen, damit diese am Ende einfach nur noch abgeholt werden k\u00f6nnen. Mit diesem Service denken wir besonders an den \u00e4lteren Teil unserer Bev\u00f6lkerung. Gemeinsam mit der Seniorenbeauftragten der Gemeinde Eppelborn Frau Wahl bin ich mir sicher, dass dieses Angebot sehr n\u00fctzlich sein kann.<\/strong><\/p>\n\n\n\n<p class=\"wp-block-paragraph\" style=\"font-size:18px\">Der saarl\u00e4ndische Ministerrat hat sich am Donnerstag, 16. April auf leichte Lockerungen der Corona-Ma\u00dfnahmen geeinigt. Weiterhin d\u00fcrfen die Menschen ihre Wohnung nur aus triftigem Gr\u00fcnden verlassen. Der Aufenthalt in der \u00d6ffentlichkeit ist nur allein, mit einer weiteren nicht im Haushalt lebenden Person oder im Kreis der Angeh\u00f6rigen des eigenen Hausstandes erlaubt. Gesch\u00e4fte bis 800 Quadratmeter d\u00fcrfen ab 20. April unter Auflagen wieder \u00f6ffnen. Auch Kfz- und Fahrradh\u00e4ndler sowie Buchhandlungen d\u00fcrfen unabh\u00e4ngig von Gr\u00f6\u00dfe ab 20. April unter Auflagen wieder ihren Betrieb aufnehmen. Die Schulen sollen ab dem 4. Mai f\u00fcr Oberstufen und Abschlussklassen ge\u00f6ffnet werden. Psychotherapeuten d\u00fcrfen besucht werden und das Tragen von Masken wird empfohlen.<\/p>\n\n\n\n<p class=\"wp-block-paragraph\" style=\"font-size:18px\"><strong>Die Hilfsbereitschaft unserer Landsleute ist weiterhin beachtlich. Mein Dank geht an alle ehrenamtlichen Helferinnen und Helfer, die bereits ihre Mitarbeit zugesagt und auch schon aktiv geholfen haben. Wer bereit ist zu helfen, kann sich gerne mit mir in Verbindung setzen. Als ihr Stellvertretender Ortsvorsteher werde ich ihre Anfragen und W\u00fcnsche annehmen, koordinieren und in die Wege leiten.<\/strong><\/p>\n\n\n\n<div class=\"wp-block-image\"><figure class=\"aligncenter size-large\"><img loading=\"lazy\" decoding=\"async\" width=\"600\" height=\"785\" src=\"https:\/\/echta-derminga.de\/wp-content\/uploads\/2020\/04\/Blog-1.jpg\" alt=\"\" class=\"wp-image-5885\" srcset=\"https:\/\/echta-derminga.de\/wp-content\/uploads\/2020\/04\/Blog-1.jpg 600w, https:\/\/echta-derminga.de\/wp-content\/uploads\/2020\/04\/Blog-1-229x300.jpg 229w\" sizes=\"auto, (max-width: 600px) 100vw, 600px\" \/><figcaption>Quelle: Katja Pick<\/figcaption><\/figure><\/div>\n\n\n\n<p class=\"wp-block-paragraph\" style=\"font-size:18px\">Aktuell h\u00e4ufen sich die Fragen nach Behelfsgesichtsmasken. Wir haben in Dirmingen einige Frauen, die sich diesbez\u00fcglich ehrenamtlich bet\u00e4tigen. Die Frauen n\u00e4hen diese Masken in ihrer Freizeit und geben diese bei Interesse kostenlos ab. Diesbez\u00fcgliche Anfragen nehme ich unter meiner Telefonnummer 01726027216 ebenfalls gerne entgegen. Sie haben aber auch die M\u00f6glichkeit sich direkt an Katja Pick unter der Telefonnummer 06827\/1859 zu wenden. Ich m\u00f6chte mich an dieser Stelle herzlich bei den Frauen f\u00fcr ihre wertvolle Unterst\u00fctzung bedanken. In diesem Zusammenhang sollte nicht unerw\u00e4hnt bleiben, dass sich unter den zahlreichen Helferinnen und Helfern aus der Nachbarschaftshilfegruppe auch syrische Mitb\u00fcrger befinden. Hier schlie\u00dft sich der Kreis. Sch\u00f6n, dass diese Menschen mithelfen und mit ihrer Unterst\u00fctzung etwas zur\u00fcckgeben m\u00f6chten. Aus meiner Sicht sind diese Menschen schon l\u00e4ngst ein Teil unserer Dorfgemeinschaft.<\/p>\n\n\n\n<p class=\"wp-block-paragraph\" style=\"font-size:18px\"><strong>Nachdem ich Ihnen zuletzt unsere Gesch\u00e4fte und Einzelh\u00e4ndler ans Herz gelegt habe, m\u00f6chte ich heute an unsere Vereine und Organisationen erinnern. Zahlreiche Vereinsfeste werden im Fr\u00fchjahr und Sommer der Pandemie zum Opfer fallen. Die Landesregierung hat alle Gro\u00dfveranstaltungen bis zum 31. August 2020 untersagt. Das traditionsreiche Maibaumsetzen in der Dirminger Ortsmitte wurde bereits abgesagt. Aller Voraussicht nach werden weitere wichtige Veranstaltungen unseres Dorfes folgen. Stand heute ist es sehr fraglich ob zum Beispiel \u201eUDSH\u201c oder \u201eUDSF\u201c stattfinden k\u00f6nnen. Die Reglung mit den damit verbundenen Absagen von Veranstaltungen trifft unsere Vereine und Organisationen sehr hart und genau dort wo es am meisten schmerzt. Gerne stehe ich den Vereinsvorsitzenden mit Rat und Tat zur Seite. Unsere Vereine sind wichtiger Bestandteil unserer Dorfgemeinschaft. Der Erhalt und die F\u00f6rderung unserer Vereinslandschaft steht ganz oben auf unserer Agenda. Von daher freue ich mich \u00fcber die Entscheidung des Dirminger Ortsrates, der mit seiner Zustimmung zum neuen Haushalt die eigenen Vereine und Organisationen in sein Denken eingebunden hat. Wichtig ist,<\/strong> <strong>das am Ende etwas getan wird und unsere Vereine unterst\u00fctzt werden. Dabei denke ich an alle unsere Vereine ganz gleich wie gro\u00df sie sind oder welches Ziel sie verfolgen. Ich bin mir sicher, dass auch die Gemeindeverwaltung den Ernst der Lage richtig einsch\u00e4tzt. Im Gemeinderat wurde jedenfalls versichert, dass unsere Vereine nicht vergessen werden sollen.<\/strong><\/p>\n\n\n\n<p class=\"wp-block-paragraph\" style=\"font-size:18px\">Wichtig ist in dieser schweren Zeit, dass sie tats\u00e4chlich die Vorgaben der Ausgangsbeschr\u00e4nkung umsetzen und zuhause bleiben. Wir alle m\u00fcssen enger zusammenr\u00fccken und aufeinander Acht geben. Die letzten Wochen haben bei mir den Eindruck erweckt, dass viele Menschen sich ihrer Verantwortung bewusst sind und sehr wohl die vorgegebenen Richtlinien einhalten. Dirmingen h\u00e4lt Abstand und zeigt damit echte N\u00e4he zum Nachbarn. Vielen Dank daf\u00fcr!<\/p>\n\n\n\n<p class=\"wp-block-paragraph\" style=\"font-size:18px\"><strong>Der Gemeinderat hat w\u00e4hrenddessen in seiner letzten Sitzung beschlossen, dass ab der kommenden Woche eine Corona-Praxis im &#8222;big Eppel&#8220;, unter Leitung von Dr. med. Mikael Lundstr\u00f6m, eingerichtet und er\u00f6ffnet wird. Diese Praxis wird in Zusammenarbeit mit der Kassen\u00e4rztlichen Vereinigung im Landkreis Neunkirchen von Montag bis Freitag jeweils 4 Stunden t\u00e4glich und an den Wochenenden zwei Stunden t\u00e4glich ge\u00f6ffnet sein. Diese Corona-Praxis wird Corona-Patienten betreuen und auch Corona-Tests durchf\u00fchren.<\/strong><\/p>\n\n\n\n<div class=\"wp-block-image\"><figure class=\"aligncenter size-large\"><img loading=\"lazy\" decoding=\"async\" width=\"644\" height=\"429\" src=\"https:\/\/echta-derminga.de\/wp-content\/uploads\/2020\/04\/Blog-3-644x429.jpg\" alt=\"\" class=\"wp-image-5887\" srcset=\"https:\/\/echta-derminga.de\/wp-content\/uploads\/2020\/04\/Blog-3-644x429.jpg 644w, https:\/\/echta-derminga.de\/wp-content\/uploads\/2020\/04\/Blog-3-300x200.jpg 300w, https:\/\/echta-derminga.de\/wp-content\/uploads\/2020\/04\/Blog-3.jpg 700w\" sizes=\"auto, (max-width: 644px) 100vw, 644px\" \/><figcaption>Quelle: Carolin Merkel &#8211; Gemeinde Eppelborn<\/figcaption><\/figure><\/div>\n\n\n\n<p class=\"wp-block-paragraph\" style=\"font-size:18px\">Wie bereits erw\u00e4hnt fanden zuletzt unabh\u00e4ngig von der Pandemie wichtige Sitzungen des Ortsrates und des Gemeinderates statt. Diese Versammlungen wurden unter strengen Sicherheitsvorkehrungen durchgef\u00fchrt wobei die zust\u00e4ndigen Aussch\u00fcsse und der Gemeinderat sogar in dezimierter Form tagte. Der Mindestabstand wurde eingehalten und Desinfektionsmittel wurden genutzt.<\/p>\n\n\n\n<p class=\"wp-block-paragraph\" style=\"font-size:18px\"><strong>Diese Sitzungen waren enorm wichtig f\u00fcr unsere Heimatgemeinde. Immerhin musste \u00fcber den Haushalt beraten und entschieden werden. Auch in unserem Heimatort werden in absehbarer Zeit richtungsweisende Ma\u00dfnahmen eingeleitet. Dazu geh\u00f6rt auch der aktuelle Neubau eines Gr\u00e4berfeldes auf unserem Friedhof sowie verschiedene Stra\u00dfensanierungsma\u00dfnahmen in der Illingerstra\u00dfe, im M\u00fchlbach oder wie gerade am Laufen in der Stra\u00dfe \u201eAlte M\u00fchle\u201c. Der Br\u00fchlpark steht ebenfalls im Investitionsprogramm des Haushaltes. In diesem Fall ist sich der Ortsrat dar\u00fcber einig, dass man die gute Vorarbeit unseres Ortsvorstehers Manfred Klein weiterverfolgen sollte. Der Br\u00fchlpark wird uns in diesem Jahr ohnehin besch\u00e4ftigen. Die Illbr\u00fccke (hinter dem alten \u201ePrima Markt\u201c) soll abgebrochen und erneuert werden. Des Weiteren finden noch in diesem Jahr wichtige Kanalsanierungsarbeiten, vom Eingang Br\u00fchlpark bis zur Holzbr\u00fccke, statt. Diese Investitionen werden nat\u00fcrlich der aktuellen Situation um die andauernde Pandemie angepasst.<\/strong><\/p>\n\n\n\n<p class=\"wp-block-paragraph\" style=\"font-size:18px\">\u201eDirmingen singt zusammen gegen die Pandemie\u201c. Unter diesem Motto k\u00f6nnte auch eine witzige Solidarit\u00e4tsaktion stehen. Am Samstag, 18. April sind alle Dirmingerinnen und Dirminger eingeladen von Zuhause aus, auf dem Balkon oder am Fenster das Liedchen \u201eDerminga D\u00f6rfchen\u201c zu singen oder abzuspielen. Ein Auto wird zudem durch unsere Stra\u00dfen fahren und das Lied zur Unterst\u00fctzung abspielen. Ich m\u00f6chte Sie herzlich einladen mitzumachen, um damit ihre Solidarit\u00e4t zu den Menschen in unserem Heimatort zu demonstrieren.<\/p>\n\n\n\n<p class=\"wp-block-paragraph\" style=\"font-size:18px\">Sollten Sie Anregungen, Fragen oder Hinweise bez\u00fcglich unseres Heimatortes haben, stehe ich jederzeit gerne zur Verf\u00fcgung. Es sind unruhige und ernste Zeiten, die wir gemeinsam \u00fcberstehen werden.<\/p>\n\n\n\n<p class=\"wp-block-paragraph\" style=\"font-size:18px\"><strong>Bitte denken sie immer daran: \u201c\u2026man muss mit allem rechnen, auch mit dem Guten\u201c.<\/strong><\/p>\n\n\n\n<p class=\"wp-block-paragraph\" style=\"font-size:18px\"><strong>Ihr Stellvertretender Ortsvorsteher<\/strong><\/p>\n\n\n\n<p class=\"wp-block-paragraph\" style=\"font-size:18px\"><strong><em>Frank Klein<\/em><\/strong><\/p>\n\n\n\n<div class=\"wp-block-image\"><figure class=\"aligncenter size-large\"><img loading=\"lazy\" decoding=\"async\" width=\"572\" height=\"762\" src=\"https:\/\/echta-derminga.de\/wp-content\/uploads\/2020\/03\/90059416_2838889312872442_2564074103954735104_n.jpg\" alt=\"\" class=\"wp-image-5747\" srcset=\"https:\/\/echta-derminga.de\/wp-content\/uploads\/2020\/03\/90059416_2838889312872442_2564074103954735104_n.jpg 572w, https:\/\/echta-derminga.de\/wp-content\/uploads\/2020\/03\/90059416_2838889312872442_2564074103954735104_n-225x300.jpg 225w\" sizes=\"auto, (max-width: 572px) 100vw, 572px\" \/><\/figure><\/div>\n","protected":false},"excerpt":{"rendered":"<p>Nachdem unsere Landesregierung eine Verl\u00e4ngerung der bestehenden Ausgangsbeschr\u00e4nkung bis einschlie\u00dflich 03. Mai 2020 beschlossen hat, genie\u00dft die Versorgung mit Lebensmitteln und Produkten des t\u00e4glichen Bedarfes weiterhin oberste Priorit\u00e4t. \u00c4ltere und kranke Mitb\u00fcrgerinnen und Mitb\u00fcrger, sowie in Quarant\u00e4ne befindliche Personen, die nicht mehr selbst einkaufen k\u00f6nnen und denen im privaten Umfeld keine Hilfe zur Verf\u00fcgung steht, k\u00f6nnen mich jederzeit kontaktieren. Unsere<\/p>\n","protected":false},"author":1,"featured_media":5884,"comment_status":"closed","ping_status":"closed","sticky":false,"template":"","format":"standard","meta":{"_crdt_document":"","footnotes":""},"categories":[1,812],"tags":[818,817,797,127,801,634],"class_list":["post-5875","post","type-post","status-publish","format-standard","has-post-thumbnail","hentry","category-allgemein","category-ortsvorsteher-dirmingen","tag-behelfsmasken","tag-big-epple","tag-gemeinde-epeplborn","tag-landkreis-neunkirchen","tag-nachbarschaftshilfe","tag-ortsvorsteher"],"_links":{"self":[{"href":"https:\/\/echta-derminga.de\/index.php?rest_route=\/wp\/v2\/posts\/5875","targetHints":{"allow":["GET"]}}],"collection":[{"href":"https:\/\/echta-derminga.de\/index.php?rest_route=\/wp\/v2\/posts"}],"about":[{"href":"https:\/\/echta-derminga.de\/index.php?rest_route=\/wp\/v2\/types\/post"}],"author":[{"embeddable":true,"href":"https:\/\/echta-derminga.de\/index.php?rest_route=\/wp\/v2\/users\/1"}],"replies":[{"embeddable":true,"href":"https:\/\/echta-derminga.de\/index.php?rest_route=%2Fwp%2Fv2%2Fcomments&post=5875"}],"version-history":[{"count":19,"href":"https:\/\/echta-derminga.de\/index.php?rest_route=\/wp\/v2\/posts\/5875\/revisions"}],"predecessor-version":[{"id":5897,"href":"https:\/\/echta-derminga.de\/index.php?rest_route=\/wp\/v2\/posts\/5875\/revisions\/5897"}],"wp:featuredmedia":[{"embeddable":true,"href":"https:\/\/echta-derminga.de\/index.php?rest_route=\/wp\/v2\/media\/5884"}],"wp:attachment":[{"href":"https:\/\/echta-derminga.de\/index.php?rest_route=%2Fwp%2Fv2%2Fmedia&parent=5875"}],"wp:term":[{"taxonomy":"category","embeddable":true,"href":"https:\/\/echta-derminga.de\/index.php?rest_route=%2Fwp%2Fv2%2Fcategories&post=5875"},{"taxonomy":"post_tag","embeddable":true,"href":"https:\/\/echta-derminga.de\/index.php?rest_route=%2Fwp%2Fv2%2Ftags&post=5875"}],"curies":[{"name":"wp","href":"https:\/\/api.w.org\/{rel}","templated":true}]}}