{"id":6072,"date":"2020-05-07T18:16:32","date_gmt":"2020-05-07T17:16:32","guid":{"rendered":"http:\/\/echta-derminga.de\/?p=6072"},"modified":"2020-05-07T18:26:56","modified_gmt":"2020-05-07T17:26:56","slug":"in-sachen-ortsvorsteher-trotz-der-pandemie-duerfen-wichtige-dinge-nicht-aus-dem-auge-verloren-werden","status":"publish","type":"post","link":"https:\/\/echta-derminga.de\/?p=6072","title":{"rendered":"In Sachen Ortsvorsteher: Trotz Pandemie gemeinsam die Alltagsprobleme in unserem Dorf angehen"},"content":{"rendered":"\n<p class=\"wp-block-paragraph\" style=\"font-size:18px\">Der Wonnemonat Mai ist diesmal eher leise ins Land gezogen. Der Coronavirus zieht weiterhin \u00fcber unser Land. Das traditionelle Maibaumsetzen des KKV Dirmingen und der Dirminger Feuerwehr musste abgesagt werden. In diesem Jahr ist alles anders und wir sehnen uns nach einem St\u00fcck Normalit\u00e4t. Trotz der Pandemie, die uns jetzt schon seit \u00fcber sieben Wochen besch\u00e4ftigt, d\u00fcrfen wir jedoch die Alltagsprobleme in unserem Dorf nicht aus dem Auge verlieren.<\/p>\n\n\n\n<p class=\"wp-block-paragraph\" style=\"font-size:18px\"><strong>Neuer Altkleider-Container des DRK an der Borrwieshalle<\/strong><\/p>\n\n\n\n<p class=\"wp-block-paragraph\" style=\"font-size:18px\"><strong>Am Donnerstag, 30. April wurde auf dem Parkplatz der Borrwieshalle ein weiteren Altkleider-Container aufgestellt. Nachdem in den vergangenen zwei Jahren die Altkleider-Container des DRK durch Vandalismus und Brandstiftung besch\u00e4digt wurden, gab es in unserem Ort zuletzt nur noch den Altkleider-Container der Kolpingfamilie. Nat\u00fcrlich reicht dies f\u00fcr ein Dorf unserer Gr\u00f6\u00dfenordnung nicht aus. In letzter Zeit h\u00e4uften sich die Nachfragen nach einem weiteren Container. Von daher war es mir wichtig die Anregung unserer B\u00fcrgerinnen und B\u00fcrger aufzunehmen und zu handeln. Nach Absprache mit dem Deutschen Roten Kreuz ist es mir nun gelungen einen neuen Container an unsere Borrwieshalle stellen zu lassen. Vielen Dank an die Mitarbeiter des DRK und an unsere Gemeindeverwaltung f\u00fcr das Verst\u00e4ndnis und die wertvolle Unterst\u00fctzung. Mit dieser Info geht es mir jedoch keineswegs um eine Form der Au\u00dfendarstellung. Vielmehr m\u00f6chte ich uns alle sensibilisieren auf das vorhandene zu achten und dem Vandalismus entgegen zusteuern. Das Abstellen von M\u00fcll an den Containern ist ebenfalls nicht erlaubt. Damit das ganze zu einem Bild wird, werden wir in k\u00fcrze, die beiden vorhandenen Altkleider-Container der Kolpingfamilie und des DRK zusammenstellen. <\/strong><\/p>\n\n\n\n<div class=\"wp-block-image\"><figure class=\"aligncenter size-large\"><img loading=\"lazy\" decoding=\"async\" width=\"644\" height=\"361\" src=\"https:\/\/echta-derminga.de\/wp-content\/uploads\/2020\/05\/95262944_2932721440155895_2361142590050402304_o-644x361.jpg\" alt=\"\" class=\"wp-image-6083\" srcset=\"https:\/\/echta-derminga.de\/wp-content\/uploads\/2020\/05\/95262944_2932721440155895_2361142590050402304_o-644x361.jpg 644w, https:\/\/echta-derminga.de\/wp-content\/uploads\/2020\/05\/95262944_2932721440155895_2361142590050402304_o-300x168.jpg 300w, https:\/\/echta-derminga.de\/wp-content\/uploads\/2020\/05\/95262944_2932721440155895_2361142590050402304_o-540x304.jpg 540w, https:\/\/echta-derminga.de\/wp-content\/uploads\/2020\/05\/95262944_2932721440155895_2361142590050402304_o.jpg 669w\" sizes=\"auto, (max-width: 644px) 100vw, 644px\" \/><\/figure><\/div>\n\n\n\n<p class=\"wp-block-paragraph\" style=\"font-size:18px\"><strong>Naturschutz genie\u00dft in Dirmingen hohe Priorit\u00e4t<\/strong><\/p>\n\n\n\n<p class=\"wp-block-paragraph\" style=\"font-size:18px\">Werner Dupont ist seit einigen Jahren als Naturschutzbeauftragter der Gemeinde Eppelborn f\u00fcr unseren Heimatort Dirmingen t\u00e4tig. Schon seit geraumer Zeit leiden die Naturschutzgebiete in Dirmingen, mit ihren Wanderwegen, unter enormer Umweltverschmutzung. Dabei ist es keineswegs die Aufgabe von Werner Dupont oder des Bauhofs diese Verschmutzungen zu beseitigen. Vielmehr stehen wir alle als Gemeinschaft in der Verantwortung. Werner Dupont leistet in seiner Position als Naturschutzbeauftragter einen wichtigen Beitrag. Die Zusammenarbeit mit dem Bauhof der Gemeinde Eppelborn funktioniert vorbildlich. Ich m\u00f6chte mich auch im Namen der Bev\u00f6lkerung herzlich bei Werner Dupont bedanken. Bei Anfragen und Hinweisen k\u00f6nnen sie unseren Naturschutzbeauftragten jederzeit unter der Telefonnummer:&nbsp; 0170 \/ 322 24 29 kontaktieren.<\/p>\n\n\n\n<p class=\"wp-block-paragraph\" style=\"font-size:18px\"><strong>Solidarit\u00e4tsaktionen in Dirmingen<\/strong><\/p>\n\n\n\n<p class=\"wp-block-paragraph\" style=\"font-size:18px\"><strong>Am Donnerstag, 30. April (Hexennacht) veranstaltete das Gasthaus &#8222;Wutze Walter&#8220; eine Solidarit\u00e4tsaktion der besonderen Art. Die Bev\u00f6lkerung wurde in der Zeit von 17:00 Uhr bis 20:00 Uhr zu einem Eintopf-Essen eingeladen. Solange der Vorrat ausreichte wurde die Suppe gratis verteilt. Die Aktion wurde unter den strengen Hygienevorschriften mit Kontaktverbot, Mundschutz und Abstandsreglung durchgef\u00fchrt. Die Menschen waren angehalten ihren Eintopf mit Nachhause zu nehmen. Die eingesammelten Spenden sollen nun einer einem karitativen Projekt in Dirmingen zugef\u00fchrt werden. Ich m\u00f6chte mich im Namen der Bev\u00f6lkerung herzlich bei dem Team des Gasthauses \u201eWutze Walter\u201c bedanken. In diesem Zusammenhang m\u00f6chte ich unserer Gastronomie meine Unterst\u00fctzung anbieten. Auch unsere Gastst\u00e4tten haben es im Moment alles andere als einfach. Gerne stehe ich, nach meinen M\u00f6glichkeiten, mit Rat und Tat zur Verf\u00fcgung.<\/strong><\/p>\n\n\n\n<div class=\"wp-block-image\"><figure class=\"aligncenter size-large\"><img loading=\"lazy\" decoding=\"async\" width=\"644\" height=\"367\" src=\"https:\/\/echta-derminga.de\/wp-content\/uploads\/2020\/05\/96153393_1978982895567890_6288062061008125952_o-644x367.jpg\" alt=\"\" class=\"wp-image-6081\" srcset=\"https:\/\/echta-derminga.de\/wp-content\/uploads\/2020\/05\/96153393_1978982895567890_6288062061008125952_o-644x367.jpg 644w, https:\/\/echta-derminga.de\/wp-content\/uploads\/2020\/05\/96153393_1978982895567890_6288062061008125952_o-300x171.jpg 300w, https:\/\/echta-derminga.de\/wp-content\/uploads\/2020\/05\/96153393_1978982895567890_6288062061008125952_o-768x438.jpg 768w, https:\/\/echta-derminga.de\/wp-content\/uploads\/2020\/05\/96153393_1978982895567890_6288062061008125952_o.jpg 800w\" sizes=\"auto, (max-width: 644px) 100vw, 644px\" \/><\/figure><\/div>\n\n\n\n<p class=\"wp-block-paragraph\" style=\"font-size:18px\"><strong>Corona \u201eUpdate\u201c &#8211; Nachbarschaftshilfe und Mundschutzbehelfsmasken stehen weiterhin zur Verf\u00fcgung<\/strong><\/p>\n\n\n\n<p class=\"wp-block-paragraph\" style=\"font-size:18px\">Der Landkreis Neunkirchen hat inzwischen die erste Phase zum Aufbau eines medizinischen Versorgungszentrums in Ottweiler abgeschlossen. Damit wurde die Infrastruktur f\u00fcr ein Notkrankenhaus geschaffen. Die Sporthalle Ottweiler soll zuk\u00fcnftig Coronapatienten aufnehmen k\u00f6nnen, wenn Krankenh\u00e4user \u00fcberlastet werden. Mit der Coronapraxis in Eppelborn d\u00fcrfte die \u00e4rztliche Versorgung f\u00fcr die Menschen in unserem Landkreis, Gemeinde und das Dorf sichergestellt sein. Auch nach den Lockerungen der Landesregierung hat die Versorgung mit Lebensmitteln und Produkten des t\u00e4glichen Bedarfes oberste Priorit\u00e4t. \u00c4ltere und kranke Mitb\u00fcrgerinnen und Mitb\u00fcrger, sowie in Quarant\u00e4ne befindliche Personen, die nicht mehr selbst einkaufen k\u00f6nnen und denen im privaten Umfeld keine Hilfe zur Verf\u00fcgung steht, k\u00f6nnen mich jederzeit kontaktieren. Unsere organisierte Nachbarschaftshilfe bietet Beh\u00f6rdeng\u00e4nge, Besorgungen und Eink\u00e4ufe an. Nach R\u00fccksprache mit unserem Lebensmittelh\u00e4ndler Cham Saar (Tel: 01792104213) und der B\u00e4ckerei Bost (06827\/3416) wird es auch weiterhin m\u00f6glich ihre Eink\u00e4ufe vorzubestellen, damit diese am Ende einfach nur noch abgeholt werden k\u00f6nnen. Sollten Sie aus irgendwelchem Grund die ausgeteilten Mundschutzmaske der Landesregierung nicht erhalten haben, k\u00f6nnen sie mich gerne kontaktieren. Unsere selbstgemachten Mundschutzbehelfsmasken stehen weiterhin auf Anfrage zur Verf\u00fcgung. Interessenten k\u00f6nnen sich gerne bei mir pers\u00f6nlich oder bei Katja Pick unter der Telefonnummer: 06827\/1859 melden. Bitte machen Sie von diesem Angebot Gebrauch.<\/p>\n\n\n\n<p class=\"wp-block-paragraph\" style=\"font-size:18px\"><strong>Ortsrat w\u00e4hlt neuen Ortsvorsteher<\/strong><\/p>\n\n\n\n<p class=\"wp-block-paragraph\" style=\"font-size:18px\"><strong>Am Freitag, 15. Mai 2020 findet um 18:30 Uhr in der Borrwieshalle Dirmingen eine Sitzung unseres Ortsrates statt. Im Verlaufe dieser Versammlung wird der Ortsrat einen neuen Ortsvorsteher w\u00e4hlen. Damit die Abstandsregelung und das Kontaktverbot besser eingehalten werden k\u00f6nnen findet die Sitzung unter den vorgegebenen Hygiene-vorschriften in der Borrwieshalle statt. Die \u00d6ffentlichkeit ist zu dieser Versammlung zugelassen.<\/strong><\/p>\n","protected":false},"excerpt":{"rendered":"<p>Der Wonnemonat Mai ist diesmal eher leise ins Land gezogen. Der Coronavirus zieht weiterhin \u00fcber unser Land. Das traditionelle Maibaumsetzen des KKV Dirmingen und der Dirminger Feuerwehr musste abgesagt werden. In diesem Jahr ist alles anders und wir sehnen uns nach einem St\u00fcck Normalit\u00e4t. Trotz der Pandemie, die uns jetzt schon seit \u00fcber sieben Wochen besch\u00e4ftigt, d\u00fcrfen wir jedoch die<\/p>\n","protected":false},"author":1,"featured_media":6080,"comment_status":"open","ping_status":"closed","sticky":false,"template":"","format":"standard","meta":{"_crdt_document":"","footnotes":""},"categories":[1,812],"tags":[],"class_list":["post-6072","post","type-post","status-publish","format-standard","has-post-thumbnail","hentry","category-allgemein","category-ortsvorsteher-dirmingen"],"_links":{"self":[{"href":"https:\/\/echta-derminga.de\/index.php?rest_route=\/wp\/v2\/posts\/6072","targetHints":{"allow":["GET"]}}],"collection":[{"href":"https:\/\/echta-derminga.de\/index.php?rest_route=\/wp\/v2\/posts"}],"about":[{"href":"https:\/\/echta-derminga.de\/index.php?rest_route=\/wp\/v2\/types\/post"}],"author":[{"embeddable":true,"href":"https:\/\/echta-derminga.de\/index.php?rest_route=\/wp\/v2\/users\/1"}],"replies":[{"embeddable":true,"href":"https:\/\/echta-derminga.de\/index.php?rest_route=%2Fwp%2Fv2%2Fcomments&post=6072"}],"version-history":[{"count":18,"href":"https:\/\/echta-derminga.de\/index.php?rest_route=\/wp\/v2\/posts\/6072\/revisions"}],"predecessor-version":[{"id":6093,"href":"https:\/\/echta-derminga.de\/index.php?rest_route=\/wp\/v2\/posts\/6072\/revisions\/6093"}],"wp:featuredmedia":[{"embeddable":true,"href":"https:\/\/echta-derminga.de\/index.php?rest_route=\/wp\/v2\/media\/6080"}],"wp:attachment":[{"href":"https:\/\/echta-derminga.de\/index.php?rest_route=%2Fwp%2Fv2%2Fmedia&parent=6072"}],"wp:term":[{"taxonomy":"category","embeddable":true,"href":"https:\/\/echta-derminga.de\/index.php?rest_route=%2Fwp%2Fv2%2Fcategories&post=6072"},{"taxonomy":"post_tag","embeddable":true,"href":"https:\/\/echta-derminga.de\/index.php?rest_route=%2Fwp%2Fv2%2Ftags&post=6072"}],"curies":[{"name":"wp","href":"https:\/\/api.w.org\/{rel}","templated":true}]}}