{"id":6266,"date":"2020-05-16T15:10:46","date_gmt":"2020-05-16T14:10:46","guid":{"rendered":"http:\/\/echta-derminga.de\/?p=6266"},"modified":"2020-05-16T17:49:22","modified_gmt":"2020-05-16T16:49:22","slug":"aus-erfolg-waechst-verantwortung-vielen-dank-fuer-das-vertrauen","status":"publish","type":"post","link":"https:\/\/echta-derminga.de\/?p=6266","title":{"rendered":"Aus Erfolg w\u00e4chst Verantwortung \u2013 Vielen Dank f\u00fcr das Vertrauen"},"content":{"rendered":"\n<p class=\"wp-block-paragraph\" style=\"font-size:18px\"><strong>Die Mitglieder des Ortsrates haben mich am Freitag, 15. Mai 2020 zum neuen Ortsvorsteher unseres Heimatortes Dirmingen gew\u00e4hlt. Ich nehme diese Wahl mit viel Demut und Respekt an. Ich vergleiche die Arbeit des Ortsvorstehers gerne mit einer Dienstleistung. Gerade in hoher Verantwortung sollte man sich selbst nicht so wichtig nehmen und vielmehr die volle Aufmerksamkeit auf die Menschen legen. Der Ortsvorsteher sollte als Ansprechpartner dienen und zuh\u00f6ren k\u00f6nnen. Die Sorgen und N\u00f6ten der Menschen zu erkennen und ernst zunehmen sollte die oberste Priorit\u00e4t eines Ortsvorsteher sein. Ich gebe mein Bestes und werde versuchen diesem Anspruch gerecht zu werden.<\/strong><\/p>\n\n\n\n<div class=\"wp-block-image\"><figure class=\"aligncenter size-large\"><img loading=\"lazy\" decoding=\"async\" width=\"700\" height=\"466\" src=\"https:\/\/echta-derminga.de\/wp-content\/uploads\/2020\/05\/22-1-700x466.jpg\" alt=\"\" class=\"wp-image-6270\" srcset=\"https:\/\/echta-derminga.de\/wp-content\/uploads\/2020\/05\/22-1-700x466.jpg 700w, https:\/\/echta-derminga.de\/wp-content\/uploads\/2020\/05\/22-1-300x200.jpg 300w, https:\/\/echta-derminga.de\/wp-content\/uploads\/2020\/05\/22-1-768x512.jpg 768w, https:\/\/echta-derminga.de\/wp-content\/uploads\/2020\/05\/22-1.jpg 800w\" sizes=\"auto, (max-width: 700px) 100vw, 700px\" \/><\/figure><\/div>\n\n\n\n<p class=\"wp-block-paragraph\" style=\"font-size:18px\">Am Ende entschied sich der Ortsrat mit 6 ja, 4 Nein bei einer Enthaltung f\u00fcr meine Kandidatur. Auch Fabian Schlicher von der CDU-Fraktion hat von seinem demokratischen Recht der Kandidatur Gebrauch gemacht. Das ist in Ordnung und gut f\u00fcr unsere Demokratie. Mein Freund Michael Polotzek wurde zum Stellvertretenden Ortsvorsteher gew\u00e4hlt und Yorick Meiser wurde, mit nur 21 Jahren, als neues Ortsratsmitglied vereidigt. Ich m\u00f6chte auch an dieser Stelle den Fraktionen im Ortsrat meine Hand zur gemeinsamen Zusammenarbeit reichen. Nur wenn wir gemeinsam an einem Strang ziehen und unsere pers\u00f6nliche, wie parteiinternen Interessen hinten anstellen werden wir den Menschen in unserem Dorf dienen. Am Ende sollte es immer zuerst um die Interessen unseres Dorfes gehen. Wenn wir mit ein wenig mehr \u201eWir\u201c und etwas weniger \u201eIch\u201c vorgehen, werden wir Erfolgreich sein.<\/p>\n\n\n\n<p class=\"wp-block-paragraph\" style=\"font-size:18px\"><strong>Besonders beeindruckt hat mich die Tatsache das zahlreiche Mitb\u00fcrger\/innen diese Ortsratssitzung als Zuschauer begleitet haben. Darunter viele Freunde und Weggef\u00e4hrte aber auch interessierte Landsleute. Mich hat dieses Interesse sehr bewegt und ich m\u00f6chte mich auch an dieser Stelle ganz herzlich bei jedem Besucher bedanken.<\/strong><\/p>\n\n\n\n<div class=\"wp-block-image\"><figure class=\"aligncenter size-large\"><img loading=\"lazy\" decoding=\"async\" width=\"700\" height=\"466\" src=\"https:\/\/echta-derminga.de\/wp-content\/uploads\/2020\/05\/44-1-700x466.jpg\" alt=\"\" class=\"wp-image-6273\" srcset=\"https:\/\/echta-derminga.de\/wp-content\/uploads\/2020\/05\/44-1-700x466.jpg 700w, https:\/\/echta-derminga.de\/wp-content\/uploads\/2020\/05\/44-1-300x200.jpg 300w, https:\/\/echta-derminga.de\/wp-content\/uploads\/2020\/05\/44-1-768x512.jpg 768w, https:\/\/echta-derminga.de\/wp-content\/uploads\/2020\/05\/44-1.jpg 800w\" sizes=\"auto, (max-width: 700px) 100vw, 700px\" \/><\/figure><\/div>\n\n\n\n<p class=\"wp-block-paragraph\" style=\"font-size:18px\">Der Tod unseres ehemaligen Ortsvorstehers Manfred Klein hat uns alle sehr best\u00fcrzt. Die Trauer ist noch gegenw\u00e4rtig und wir alle werden \u201eManne\u201c nie vergessen. Seine aufopferungsvolle Arbeit f\u00fcr unser Dorf war beispiellos. Nun geht es jedoch auch darum ein neues Kapitel aufzuschlagen und einen Blick in die Zukunft zu richten. Wir m\u00fcssen die Arbeit unseres ehemaligen Ortsvorstehers fortsetzen und dabei unseren eigenen Weg finden. Wenn uns auch eine tiefe Freundschaft und der gleiche Nachname verband so bleibt doch festzustellen, dass ich mit meiner Schuhgr\u00f6\u00dfe kaum in seine Fu\u00dfstapfen passen w\u00fcrde und ich es deshalb vorziehe meine eigenen Schritte in den Sand zu setzen. Dies ist mein Anspruch und w\u00e4re auch im Interesse unseres ehemaligen Ortsvorstehers gewesen. Ich muss schon meinen eigenen Weg finden und gehen. Dabei kann es schon mal sein, dass dieser Weg auch etwas anders verl\u00e4uft. <strong>Kurz vor seinem Tod sagte mein Freund Manfred Klein zu mir:<em> \u201c\u2026ich bin der Manfred und du bist Frank. Ich habe das so gemacht und du wirst es anders machen.\u201c<\/em><\/strong><\/p>\n\n\n\n<div class=\"wp-block-image\"><figure class=\"aligncenter size-large\"><img loading=\"lazy\" decoding=\"async\" width=\"700\" height=\"466\" src=\"https:\/\/echta-derminga.de\/wp-content\/uploads\/2020\/05\/33-700x466.jpg\" alt=\"\" class=\"wp-image-6275\" srcset=\"https:\/\/echta-derminga.de\/wp-content\/uploads\/2020\/05\/33-700x466.jpg 700w, https:\/\/echta-derminga.de\/wp-content\/uploads\/2020\/05\/33-300x200.jpg 300w, https:\/\/echta-derminga.de\/wp-content\/uploads\/2020\/05\/33-768x512.jpg 768w, https:\/\/echta-derminga.de\/wp-content\/uploads\/2020\/05\/33.jpg 800w\" sizes=\"auto, (max-width: 700px) 100vw, 700px\" \/><\/figure><\/div>\n\n\n\n<p class=\"wp-block-paragraph\" style=\"font-size:18px\"><strong>Ich habe verstanden was er mir damit sagen wollte und nehme mir das sehr zu Herzen. Es ist Zeit ein neues Kapitel aufzuschlagen. Aus dem Erfolg w\u00e4chst in der Regel immer eine gewisse Verantwortung. Mir ist es wichtig den Bodenkontakt zu halten und die schw\u00e4chste Stimme zu h\u00f6ren. Ich bete daf\u00fcr, dass mir das gelingt und ich auf meinem Weg an keinem vorbeirausche.<\/strong><\/p>\n\n\n\n<p class=\"wp-block-paragraph\" style=\"font-size:18px\">Schon kurz nach der Wahl haben mich unsagbar viele pers\u00f6nliche Gl\u00fcckw\u00fcnsche und Nachrichten erreicht. Ich muss zugeben, dass mich diese Gl\u00fcckw\u00fcnsche sehr ber\u00fchrt haben. Viele waren sehr emotional, andere wiederum motivierend und aufbauend. Danke Leute!<\/p>\n\n\n\n<p class=\"wp-block-paragraph\" style=\"font-size:18px\"><strong>Bedanken m\u00f6chte ich mich bei den Mitgliedern des Dirminger Ortsrates. In der Zeit als Stellvertretender Ortsvorsteher ist man fair mit mir umgegangen. Das ist nicht selbstverst\u00e4ndlich. Ein besonderer Dank geht an die Mitarbeiter der Gemeindeverwaltung. Geduldig hat man mich als Anf\u00e4nger ernst genommen und unterst\u00fctzt.<\/strong> <\/p>\n\n\n\n<p class=\"wp-block-paragraph\" style=\"font-size:18px\">Abschlie\u00dfend komme ich nicht daran vorbei meinen Freunden der Dirminger SPD zu danken. Ohne die R\u00fcckendeckung und Unterst\u00fctzung meines Ortsvereins w\u00e4re diese Wahl nicht m\u00f6glich gewesen. Mein Dank geht auch an den SPD-Gemeindeverband um den Vorsitzenden Marco K\u00f6nig und an die SPD-Gemeinderatsfraktion um Stefan L\u00f6w. Ebenso m\u00f6chte ich mich partei\u00fcbergreifend bei B\u00fcrgermeister Andreas Feld und allen Ortsvorstehern der Gemeinde Eppelborn bedanken. Ich wurde sehr gut und respektvoll aufgenommen.<\/p>\n\n\n\n<p class=\"wp-block-paragraph\" style=\"font-size:18px\"><strong>Danke an meine Familie und an meine Freunde. Ohne Euch w\u00e4re ich nichts- Ihr seid mein \u201eDehemm\u201c!<\/strong><\/p>\n\n\n\n<div class=\"wp-block-image\"><figure class=\"aligncenter size-large\"><img loading=\"lazy\" decoding=\"async\" width=\"700\" height=\"573\" src=\"https:\/\/echta-derminga.de\/wp-content\/uploads\/2020\/05\/66-700x573.jpg\" alt=\"\" class=\"wp-image-6279\" srcset=\"https:\/\/echta-derminga.de\/wp-content\/uploads\/2020\/05\/66-700x573.jpg 700w, https:\/\/echta-derminga.de\/wp-content\/uploads\/2020\/05\/66-300x246.jpg 300w, https:\/\/echta-derminga.de\/wp-content\/uploads\/2020\/05\/66-768x629.jpg 768w, https:\/\/echta-derminga.de\/wp-content\/uploads\/2020\/05\/66.jpg 784w\" sizes=\"auto, (max-width: 700px) 100vw, 700px\" \/><\/figure><\/div>\n\n\n\n<p class=\"wp-block-paragraph\" style=\"font-size:18px\">Nun liebe Freunde lasst es uns angehen. Packen wir an f\u00fcr unser Dorf. Ich m\u00f6chte euch alle einladen mitzumachen. Vor uns liegt viel Arbeit! Zeit in die Zukunft zu blicken und gemeinsam ein neues Kapitel aufzuschlagen\u2026.wenn ihr mich braucht, wisst ihr wo man mich findet.<\/p>\n\n\n\n<p class=\"wp-block-paragraph\" style=\"font-size:18px\"><strong>Bitte denkt immer dran:\u201c\u2026.wir m\u00fcssen in dieser Zeit mit allem rechnen, auch mit dem Guten.\u201c<\/strong><\/p>\n\n\n\n<p class=\"wp-block-paragraph\" style=\"font-size:18px\"><strong>Euer Ortsvorsteher<\/strong><\/p>\n\n\n\n<p class=\"wp-block-paragraph\" style=\"font-size:18px\"><strong>Frank Klein<\/strong><\/p>\n","protected":false},"excerpt":{"rendered":"<p>Die Mitglieder des Ortsrates haben mich am Freitag, 15. Mai 2020 zum neuen Ortsvorsteher unseres Heimatortes Dirmingen gew\u00e4hlt. Ich nehme diese Wahl mit viel Demut und Respekt an. Ich vergleiche die Arbeit des Ortsvorstehers gerne mit einer Dienstleistung. Gerade in hoher Verantwortung sollte man sich selbst nicht so wichtig nehmen und vielmehr die volle Aufmerksamkeit auf die Menschen legen. Der<\/p>\n","protected":false},"author":1,"featured_media":6281,"comment_status":"open","ping_status":"closed","sticky":false,"template":"","format":"standard","meta":{"_crdt_document":"","footnotes":""},"categories":[1,9,812,46],"tags":[5,618,127,634],"class_list":["post-6266","post","type-post","status-publish","format-standard","has-post-thumbnail","hentry","category-allgemein","category-dorfgetratsche","category-ortsvorsteher-dirmingen","category-meine-politik","tag-dirmingen","tag-gemeinde-eppelborn","tag-landkreis-neunkirchen","tag-ortsvorsteher"],"_links":{"self":[{"href":"https:\/\/echta-derminga.de\/index.php?rest_route=\/wp\/v2\/posts\/6266","targetHints":{"allow":["GET"]}}],"collection":[{"href":"https:\/\/echta-derminga.de\/index.php?rest_route=\/wp\/v2\/posts"}],"about":[{"href":"https:\/\/echta-derminga.de\/index.php?rest_route=\/wp\/v2\/types\/post"}],"author":[{"embeddable":true,"href":"https:\/\/echta-derminga.de\/index.php?rest_route=\/wp\/v2\/users\/1"}],"replies":[{"embeddable":true,"href":"https:\/\/echta-derminga.de\/index.php?rest_route=%2Fwp%2Fv2%2Fcomments&post=6266"}],"version-history":[{"count":11,"href":"https:\/\/echta-derminga.de\/index.php?rest_route=\/wp\/v2\/posts\/6266\/revisions"}],"predecessor-version":[{"id":6284,"href":"https:\/\/echta-derminga.de\/index.php?rest_route=\/wp\/v2\/posts\/6266\/revisions\/6284"}],"wp:featuredmedia":[{"embeddable":true,"href":"https:\/\/echta-derminga.de\/index.php?rest_route=\/wp\/v2\/media\/6281"}],"wp:attachment":[{"href":"https:\/\/echta-derminga.de\/index.php?rest_route=%2Fwp%2Fv2%2Fmedia&parent=6266"}],"wp:term":[{"taxonomy":"category","embeddable":true,"href":"https:\/\/echta-derminga.de\/index.php?rest_route=%2Fwp%2Fv2%2Fcategories&post=6266"},{"taxonomy":"post_tag","embeddable":true,"href":"https:\/\/echta-derminga.de\/index.php?rest_route=%2Fwp%2Fv2%2Ftags&post=6266"}],"curies":[{"name":"wp","href":"https:\/\/api.w.org\/{rel}","templated":true}]}}