{"id":6325,"date":"2020-05-21T11:15:59","date_gmt":"2020-05-21T10:15:59","guid":{"rendered":"http:\/\/echta-derminga.de\/?p=6325"},"modified":"2020-05-21T12:42:30","modified_gmt":"2020-05-21T11:42:30","slug":"schwere-zeiten-fuer-glaeubige-gottesdienste-und-messen-fehlen-an-allen-ecken-und-enden","status":"publish","type":"post","link":"https:\/\/echta-derminga.de\/?p=6325","title":{"rendered":"Schwere Zeiten f\u00fcr Gl\u00e4ubige \u2013 Gottesdienste und Messen fehlen an allen Ecken und Enden"},"content":{"rendered":"\n<p class=\"wp-block-paragraph\" style=\"font-size:18px\"><strong>Der Mensch braucht einen Halt im Leben. Dabei ist es v\u00f6llig egal an was du glaubst oder an wen du glaubst. Irgendwie ist es nur wichtig, dass man glaubt. Ohne einen festen Glauben l\u00e4sst es sich nur schwer aushalten.<\/strong><\/p>\n\n\n\n<p class=\"wp-block-paragraph\" style=\"font-size:18px\">Im Wonnemonat Monat Mai stehen zahlreiche Fest-Gottesdienste auf dem Programm. Ich habe diese Zeit immer genossen und richtig ausgelebt. Das Singen im Chor, die Gemeinschaft in meiner Gemeinde und das feiern des Abendmahls. Nun stehen wir kurz vor dem Pfingstfest, dem eigentlichen Geburtstagsfest der Kirche und blicken zur\u00fcck auf traurige Zeiten. Ostern wurde abgesagt, die Kommunion und Konfirmation wurden verlegt und auch Christi-Himmelfahrt und aller Voraussicht nach auch Pfingsten werden in diesem Jahr nicht &#8222;richtig&#8220; gefeiert werden k\u00f6nnen. Traurige Zeiten f\u00fcr Christen und auch f\u00fcr Muslime, deren Moscheen auch geschlossen bleiben. Die Bestimmungen f\u00fcr die Durchf\u00fchrung eines Gottesdienstes bringen die Mitglieder eines Pfarrgemeinderates oder Presbyteriums zum Verzweifeln. Wie soll es unter diesen Auflagen gelingen Gottesdienst zu feiern und Gottes Wort zu verbreiten?<\/p>\n\n\n\n<div class=\"wp-block-image\"><figure class=\"aligncenter size-large\"><img loading=\"lazy\" decoding=\"async\" width=\"644\" height=\"414\" src=\"https:\/\/echta-derminga.de\/wp-content\/uploads\/2020\/04\/t\u00fcr-644x414.jpg\" alt=\"\" class=\"wp-image-5784\" srcset=\"https:\/\/echta-derminga.de\/wp-content\/uploads\/2020\/04\/t\u00fcr-644x414.jpg 644w, https:\/\/echta-derminga.de\/wp-content\/uploads\/2020\/04\/t\u00fcr-300x193.jpg 300w, https:\/\/echta-derminga.de\/wp-content\/uploads\/2020\/04\/t\u00fcr-768x493.jpg 768w, https:\/\/echta-derminga.de\/wp-content\/uploads\/2020\/04\/t\u00fcr.jpg 800w\" sizes=\"auto, (max-width: 644px) 100vw, 644px\" \/><\/figure><\/div>\n\n\n\n<p class=\"wp-block-paragraph\" style=\"font-size:18px\"><strong>Nat\u00fcrlich haben sich viele Gemeinden umgestellt und nach Alternativen gesucht. Es wird \u201egestreamt\u201c was das Zeug h\u00e4lt, es gibt \u201eOnline- Gottesdienste\u201c und auch Andachten werden im Internet ver\u00f6ffentlicht. Die verantwortlichen Pfarrer, Priester und Mitglieder in den Gremien geben sich gerade in Zeiten der Pandemie erheblich M\u00fche dem Stillstand entgegenzuwirken. Dies gelingt mit m\u00e4\u00dfigem Erfolg. \u201eGottesdienst to go\u201c ist eine wunderbare Sache, aber ist es das was wir wirklich wollen?<\/strong><\/p>\n\n\n\n<p class=\"wp-block-paragraph\" style=\"font-size:18px\">Was ist mit den Menschen, die kein Internet nutzen oder den w\u00f6chentlichen Kirchgang auch als sozialen Aspekt ansehen? Wie gelangt die Kirche zu ihrer ureigenen Aufgabe: <strong>Der N\u00e4chstenliebe<\/strong>. Werden wir in Zukunft nur noch \u00fcber unsere Avatare kommunizieren? Wie sieht die Kirche der Zukunft aus?<\/p>\n\n\n\n<p class=\"wp-block-paragraph\" style=\"font-size:18px\"><strong>Meine Oma sagte immer:\u201c Angst ist ein schlechter Ratgeber\u201c<\/strong><\/p>\n\n\n\n<p class=\"wp-block-paragraph\" style=\"font-size:18px\">Ich vertrete die Meinung, dass die Verbreitung des Wort Gottes in dieser Form kaum m\u00f6glich ist. Als Beispiel dient hier eine kleine Geschichte:<\/p>\n\n\n\n<p class=\"wp-block-paragraph\" style=\"font-size:18px\"><strong>Unser ehemaliger Pfarrer Siegfried Arneth erz\u00e4hlte einmal, dass \u00fcber viele Jahre eine \u00e4ltere Dame den Gottesdienst besuchte. Nach jedem Kirchgang verabschiedete Sie sich pers\u00f6nlich bei dem Pfarrer mit den Worten: \u201eDanke f\u00fcr das Wort\u201c<\/strong><\/p>\n\n\n\n<p class=\"wp-block-paragraph\" style=\"font-size:18px\">Danke f\u00fcr das Wort. Wo bleibt das Wort in Zukunft? Suchen wir es im Netz oder auf irgendwelchen Bl\u00e4ttern? Mir pers\u00f6nlich fehlt die Gemeinschaft, die f\u00fcr den christlichen Glauben unverzichtbar ist. Ich glaube gerade die Kirche hat eine gro\u00dfe seelsorgerliche Verantwortung. Diesbez\u00fcglich wird ihr Wirken, zugegebenerma\u00dfen aus verst\u00e4ndlichem Grund, beschnitten.<\/p>\n\n\n\n<p class=\"wp-block-paragraph\" style=\"font-size:18px\"><strong>Ich mache mir gro\u00dfe Sorgen um unsere Kirche. Dabei meine ich keineswegs alleine die Evangelische oder Katholische, sondern vielmehr die Kirche als Ganzes. Der Kirche ging es schon vor der Pandemie eher bescheiden. Der Corona-Virus hat die Situation alles andere als verbessert.<\/strong><\/p>\n\n\n\n<p class=\"wp-block-paragraph\" style=\"font-size:18px\">Die Durchf\u00fchrung eines Gottesdienstes ist f\u00fcr Kirche unverzichtbar. Allein durch den Gottesdienst gelangen Christen \u00fcberhaupt zu ihrem Lebenselixier. Nein, wir k\u00f6nnen auf den Gottesdienst nicht verzichten. Wir brauchen eine L\u00f6sung.<\/p>\n\n\n\n<p class=\"wp-block-paragraph\" style=\"font-size:18px\"><strong>Nat\u00fcrlich w\u00fcrde es schon heute funktionieren einen Gottesdienst durchzuf\u00fchren. Wenn wir die Hygienerichtlinien einhalten, ist vieles m\u00f6glich. Stimmt vieles ist m\u00f6glich, aber eben nicht mehr alles. Dabei bleiben gerade die wichtigsten Dinge auf der Strecke. Gottesdienst ohne Singen, gemeinsames Beten oder Abendmahl wie soll die Funktionen?<\/strong><\/p>\n\n\n\n<figure class=\"wp-block-image size-large\"><img loading=\"lazy\" decoding=\"async\" width=\"644\" height=\"391\" src=\"https:\/\/echta-derminga.de\/wp-content\/uploads\/2020\/04\/11-1-644x391.jpg\" alt=\"\" class=\"wp-image-5823\" srcset=\"https:\/\/echta-derminga.de\/wp-content\/uploads\/2020\/04\/11-1-644x391.jpg 644w, https:\/\/echta-derminga.de\/wp-content\/uploads\/2020\/04\/11-1-300x182.jpg 300w, https:\/\/echta-derminga.de\/wp-content\/uploads\/2020\/04\/11-1-768x466.jpg 768w, https:\/\/echta-derminga.de\/wp-content\/uploads\/2020\/04\/11-1.jpg 1106w\" sizes=\"auto, (max-width: 644px) 100vw, 644px\" \/><\/figure>\n\n\n\n<p class=\"wp-block-paragraph\" style=\"font-size:18px\">Mir stellt sich die Frage: Warum sollten Gottesdienste am Sonntag morgen ausfallen m\u00fcssen, wenn ich w\u00e4hrend der Woche in einem Baumarkt, an einer Kassenschlange, von 30 Personen anstehen muss? In der Gem\u00fcseabteilung eines gro\u00dfen Discounters haben die Menschen zwangsl\u00e4ufig mehr N\u00e4he und Kontakt wie w\u00e4hrend eines Gottesdienstes, der von ca. 20- 25 Menschen besucht wird.<\/p>\n\n\n\n<p class=\"wp-block-paragraph\" style=\"font-size:18px\"><strong>Die gro\u00dfen Kirchen mit wenigen Besuchern bieten ohnehin die Voraussetzung, dass der Mindestabstand eingehalten wird. Angst ist ein schlechter Ratgeber. Nat\u00fcrlich sollten wir den Virus ernst nehmen und nat\u00fcrlich sollten wir alles daran setzen gerade die \u00c4lteren oder die Risikopatienten zu sch\u00fctzen. Wir haben aber auch einen seelsorgerlichen Auftrag und die Aufgabe Gottes Wort zu verbreiten.<\/strong> <strong>Guter Rat ist teuer !<\/strong><\/p>\n\n\n\n<p class=\"wp-block-paragraph\" style=\"font-size:18px\">Ich pers\u00f6nlich finde den derzeitigen Stand der Dinge untragbar. Wenn man sich zurecht Sorgen um unsere Wirtschaft und gerade um die kleineren Unternehmen macht, so sollte man sich auch Sorgen und den Fortbestand vieler kleineren Kirchengemeinden machen. Wir wollen doch auch zuk\u00fcnftig, dass wir in den Kirchen unserer D\u00f6rfer Gottesdienst feiern, oder etwa nicht? \u00a0Ist das der Anfang vom Ende f\u00fcr gerade kleinere Gemeinden? Im schlimmsten Fall gew\u00f6nnen sich gerade junge Christen an den aktuellen Stand der Dinge.<\/p>\n\n\n\n<p class=\"wp-block-paragraph\" style=\"font-size:18px\"><strong>Der &#8222;Status Quo&#8220; darf nicht fortgesetzt werden. Wir brauchen L\u00f6sungen und Ans\u00e4tze, die allen gerecht werden. Selbst w\u00e4hrend des Krieges wurden Gottesdienste, Messen, Beerdigungen und Kommunionen gefeiert. Wie bereits erw\u00e4hnt, grunds\u00e4tzlich ist die Durchf\u00fchrung eines Gottesdienstes wieder m\u00f6glich. Allerdings geht dies nur unter Beachtung strenger Hygiene-Auflagen. Ist es tats\u00e4chlich besser bei diesen vielen Auflagen doch noch zu warten, bis wieder \u201enormale\u201c Gottesdienste m\u00f6glich sind?<\/strong><\/p>\n\n\n\n<figure class=\"wp-block-image size-large\"><img loading=\"lazy\" decoding=\"async\" width=\"644\" height=\"429\" src=\"https:\/\/echta-derminga.de\/wp-content\/uploads\/2020\/03\/P1030071-644x429.jpg\" alt=\"\" class=\"wp-image-5652\" srcset=\"https:\/\/echta-derminga.de\/wp-content\/uploads\/2020\/03\/P1030071-644x429.jpg 644w, https:\/\/echta-derminga.de\/wp-content\/uploads\/2020\/03\/P1030071-300x200.jpg 300w, https:\/\/echta-derminga.de\/wp-content\/uploads\/2020\/03\/P1030071-768x512.jpg 768w, https:\/\/echta-derminga.de\/wp-content\/uploads\/2020\/03\/P1030071.jpg 900w\" sizes=\"auto, (max-width: 644px) 100vw, 644px\" \/><\/figure>\n\n\n\n<p class=\"wp-block-paragraph\" style=\"font-size:18px\">Fakt ist: Die Gemeinder\u00e4te, die Presbyteriums und die Pfarrer und Pfarrerinnen tun sich schwer mit ihren Entscheidungen. In den Gremien wird debattiert und diskutiert was das Zeug h\u00e4lt. Wie soll es weitergehen? Neue Ideen werden geboren: Auto-Gottesdienst, Summ-Gottesdienst, Video-Andacht oder &#8222;gestreamte&#8220; Lesungen. Das alles ist gut und keineswegs verwerflich. Ein intaktes Gemeindeleben wird dadurch jedoch nicht ersetzt.<\/p>\n\n\n\n<p class=\"wp-block-paragraph\" style=\"font-size:18px\"><strong><em>In der Bibel steht in Epheser 5:19 geschrieben \u201eErmutigt einander durch Psalmen, Lobges\u00e4nge und Lieder, wie sie euch Gottes Geist schenkt. Singt f\u00fcr den Herrn und jubelt aus vollem Herzen!\u201c<\/em><\/strong><\/p>\n\n\n\n<p class=\"wp-block-paragraph\" style=\"font-size:18px\"><strong>So wie es derzeit l\u00e4uft, wird uns dies nicht gelingen!<\/strong><\/p>\n","protected":false},"excerpt":{"rendered":"<p>Der Mensch braucht einen Halt im Leben. Dabei ist es v\u00f6llig egal an was du glaubst oder an wen du glaubst. Irgendwie ist es nur wichtig, dass man glaubt. Ohne einen festen Glauben l\u00e4sst es sich nur schwer aushalten. Im Wonnemonat Monat Mai stehen zahlreiche Fest-Gottesdienste auf dem Programm. Ich habe diese Zeit immer genossen und richtig ausgelebt. Das Singen<\/p>\n","protected":false},"author":1,"featured_media":6328,"comment_status":"open","ping_status":"closed","sticky":false,"template":"","format":"standard","meta":{"_crdt_document":"","footnotes":""},"categories":[1,9,47],"tags":[159,618,160,158,127],"class_list":["post-6325","post","type-post","status-publish","format-standard","has-post-thumbnail","hentry","category-allgemein","category-dorfgetratsche","category-meine-kirche","tag-evangelisch","tag-gemeinde-eppelborn","tag-katholisch","tag-kirche","tag-landkreis-neunkirchen"],"_links":{"self":[{"href":"https:\/\/echta-derminga.de\/index.php?rest_route=\/wp\/v2\/posts\/6325","targetHints":{"allow":["GET"]}}],"collection":[{"href":"https:\/\/echta-derminga.de\/index.php?rest_route=\/wp\/v2\/posts"}],"about":[{"href":"https:\/\/echta-derminga.de\/index.php?rest_route=\/wp\/v2\/types\/post"}],"author":[{"embeddable":true,"href":"https:\/\/echta-derminga.de\/index.php?rest_route=\/wp\/v2\/users\/1"}],"replies":[{"embeddable":true,"href":"https:\/\/echta-derminga.de\/index.php?rest_route=%2Fwp%2Fv2%2Fcomments&post=6325"}],"version-history":[{"count":12,"href":"https:\/\/echta-derminga.de\/index.php?rest_route=\/wp\/v2\/posts\/6325\/revisions"}],"predecessor-version":[{"id":6341,"href":"https:\/\/echta-derminga.de\/index.php?rest_route=\/wp\/v2\/posts\/6325\/revisions\/6341"}],"wp:featuredmedia":[{"embeddable":true,"href":"https:\/\/echta-derminga.de\/index.php?rest_route=\/wp\/v2\/media\/6328"}],"wp:attachment":[{"href":"https:\/\/echta-derminga.de\/index.php?rest_route=%2Fwp%2Fv2%2Fmedia&parent=6325"}],"wp:term":[{"taxonomy":"category","embeddable":true,"href":"https:\/\/echta-derminga.de\/index.php?rest_route=%2Fwp%2Fv2%2Fcategories&post=6325"},{"taxonomy":"post_tag","embeddable":true,"href":"https:\/\/echta-derminga.de\/index.php?rest_route=%2Fwp%2Fv2%2Ftags&post=6325"}],"curies":[{"name":"wp","href":"https:\/\/api.w.org\/{rel}","templated":true}]}}