{"id":6373,"date":"2020-05-26T13:56:18","date_gmt":"2020-05-26T12:56:18","guid":{"rendered":"http:\/\/echta-derminga.de\/?p=6373"},"modified":"2020-05-26T14:05:09","modified_gmt":"2020-05-26T13:05:09","slug":"in-sachen-ortsvorsteher-von-sachen-die-dem-leben-mehr-farbe-verleihen","status":"publish","type":"post","link":"https:\/\/echta-derminga.de\/?p=6373","title":{"rendered":"In Sachen Ortsvorsteher: Von Dingen die dem Leben mehr Farbe verleihen"},"content":{"rendered":"\n<p class=\"wp-block-paragraph\" style=\"font-size:18px\">Liebe Dirmingerinnen und Dirminger<strong>,<\/strong> <\/p>\n\n\n\n<p class=\"wp-block-paragraph\" style=\"font-size:18px\">in der vergangenen Woche durfte ich feststellen, dass in unserem Heimatort auf verschiedene Art und Weise versucht wird unserem Alltag mehr Farbe zu verleihen. Die Menschen widersetzten sich dem tristen alltags-grau und finden ihre eigene Wege aus den fesseln der Pandemie. Gut, dass es vorsichtig  St\u00fcck f\u00fcr St\u00fcck zur\u00fcck in eine neue Normalit\u00e4t geht.<\/p>\n\n\n\n<p class=\"wp-block-paragraph\" style=\"font-size:18px\"><strong>Dirminger\/innen bemalen Saarsteine und verleihen unserem Leben mehr Farbe<\/strong><\/p>\n\n\n\n<p class=\"wp-block-paragraph\" style=\"font-size:18px\">Im ganzen Saarland verteilen Mitglieder der Gruppe \u201eSaarSteine\u201c selbst bemalten Steine um die Welt in dieser unruhigen Zeit etwas bunter zu machen. Dazu m\u00fcssen zun\u00e4chst die geeignete Steine aufgesammelt und passend bemalt werden. Danach sollte der Stein an einem \u00f6ffentlichen Ort ablegt und bestenfalls auch gefunden werden. Damit der oder die Steinbemaler\/in auch mitbekommt, dass der Stein von jemanden gefunden wurde, sollte der Finder den Stein fotografieren und das Bild im Internet posten. Mittlerweile beteiligen sich zahlreiche Dirminger\/innen an diesem neuen Hobby und vers\u00fc\u00dfen uns dabei den ein oder anderen Spaziergang. Gerade in Zeiten der Pandemie bietet dieses neue Hobby eine wunderbare Abwechslung bei dem man leicht den Mitmenschen eine Freude bereiten kann. Danke an alle Mitbewohner\/innen die unserem Leben mit ihren bemalten Steinen mehr Farbe verleihen.<\/p>\n\n\n\n<div class=\"wp-block-group\"><div class=\"wp-block-group__inner-container is-layout-flow wp-block-group-is-layout-flow\">\n<figure class=\"wp-block-gallery columns-3 is-cropped wp-block-gallery-1 is-layout-flex wp-block-gallery-is-layout-flex\"><ul class=\"blocks-gallery-grid\"><li class=\"blocks-gallery-item\"><figure><img loading=\"lazy\" decoding=\"async\" width=\"600\" height=\"750\" src=\"https:\/\/echta-derminga.de\/wp-content\/uploads\/2020\/05\/IMG-20200413-WA0011-2.jpg\" alt=\"\" data-id=\"6377\" data-link=\"https:\/\/echta-derminga.de\/?attachment_id=6377\" class=\"wp-image-6377\" srcset=\"https:\/\/echta-derminga.de\/wp-content\/uploads\/2020\/05\/IMG-20200413-WA0011-2.jpg 600w, https:\/\/echta-derminga.de\/wp-content\/uploads\/2020\/05\/IMG-20200413-WA0011-2-240x300.jpg 240w\" sizes=\"auto, (max-width: 600px) 100vw, 600px\" \/><\/figure><\/li><li class=\"blocks-gallery-item\"><figure><img loading=\"lazy\" decoding=\"async\" width=\"600\" height=\"583\" src=\"https:\/\/echta-derminga.de\/wp-content\/uploads\/2020\/05\/IMG-20200523-WA0009.jpg\" alt=\"\" data-id=\"6378\" data-link=\"https:\/\/echta-derminga.de\/?attachment_id=6378\" class=\"wp-image-6378\" srcset=\"https:\/\/echta-derminga.de\/wp-content\/uploads\/2020\/05\/IMG-20200523-WA0009.jpg 600w, https:\/\/echta-derminga.de\/wp-content\/uploads\/2020\/05\/IMG-20200523-WA0009-300x292.jpg 300w\" sizes=\"auto, (max-width: 600px) 100vw, 600px\" \/><\/figure><\/li><li class=\"blocks-gallery-item\"><figure><img loading=\"lazy\" decoding=\"async\" width=\"600\" height=\"674\" src=\"https:\/\/echta-derminga.de\/wp-content\/uploads\/2020\/05\/IMG-20200523-WA0010.jpg\" alt=\"\" data-id=\"6381\" data-full-url=\"https:\/\/echta-derminga.de\/wp-content\/uploads\/2020\/05\/IMG-20200523-WA0010.jpg\" data-link=\"https:\/\/echta-derminga.de\/?attachment_id=6381\" class=\"wp-image-6381\" srcset=\"https:\/\/echta-derminga.de\/wp-content\/uploads\/2020\/05\/IMG-20200523-WA0010.jpg 600w, https:\/\/echta-derminga.de\/wp-content\/uploads\/2020\/05\/IMG-20200523-WA0010-267x300.jpg 267w\" sizes=\"auto, (max-width: 600px) 100vw, 600px\" \/><\/figure><\/li><\/ul><\/figure>\n<\/div><\/div>\n\n\n\n<p class=\"wp-block-paragraph\" style=\"font-size:18px\"><strong>Freiwillige Ganztagsschule bekommt ein \u201eGr\u00fcnes Klassenzimmer\u201c<\/strong><\/p>\n\n\n\n<p class=\"wp-block-paragraph\" style=\"font-size:18px\">Vor etwas mehr als 2 Jahren entstand bei den Mitarbeitern der FGTS am Standort Grundschule Dirmingen die Idee ein sogenanntes \u201egr\u00fcnes Klassenzimmer\u201c, ein nat\u00fcrlicher Erlebnisraum einzurichten. Die Fl\u00e4che hinter dem Feuerwehrger\u00e4tehaus bot f\u00fcr die Umsetzung dieser Idee die besten Voraussetzungen. Die Schulleitung und die Gemeindeverwaltung waren begeistert und sagten umgehend zu, dass Projekt zu unterst\u00fctzen. Durch gro\u00dfz\u00fcgige Spenden konnte die  Arbeiten recht z\u00fcgig begonnen werden. Von den Spendengeldern wurde das Gartenhaus angeschafft. Der heute sch\u00f6n hergerichtete Bauwagen wurde auf Initiative von Gaby Gawlitza, Pr\u00e4sidentin des Rotary Club Eppelborn-Illtal von Renate Dittgen, Gesch\u00e4ftsf\u00fchrerin des Schmelzer Bauunternehmens Dittgen gestiftet. In m\u00fchevoller Kleinarbeit wurde der Bauwagen renoviert, gestrichen, liebevoll eingerichtet und bemalt. Der gesamte Schulgarten nahm Gestalt an: Die Hochbeete wurden bepflanzt, Steing\u00e4rten angelegt, &#8222;Insektenhotels&#8220; gebaut und aufgeh\u00e4ngt, sogar Eichh\u00f6rnchen Futter Stationen entstanden und fanden einen Platz in den B\u00e4umen. Windspiele aus Naturmaterialien, Insekten und Vogeltr\u00e4nken, ein Barfu\u00dfpfad, kreative Deko und eine &#8222;Outdoork\u00fcche&#8220; aus Paletten wurden von den Mitarbeitern aller FGTS Standorte zusammengetragen. Vor knapp 2 Jahren unterst\u00fctzte unser ehemaliger Ortsvorsteher Manfred Klein die Auftaktarbeiten zu diesem Projekt. Am Montag, 25. Mai 20 durfte ich als Ortsvorsteher von Dirmingen unseren B\u00fcrgermeister Dr. Andreas Feld zur Einweihung des Projekts an die FGTS am Standort Dirmingen begleiten. Dort wurde im Beisein zahlreicher G\u00f6nner und Sponsoren das sogenannte &#8222;Gr\u00fcne Klassenzimmer\u201c vorgestellt und eingeweiht. Ich schlie\u00dfe mich den Dankesworten des B\u00fcrgermeisters Andreas Feld an und m\u00f6chte ebenfalls allen Unterst\u00fctzern, den Stiftern und allen ehrenamtlichen Helferinnen und Helfer danken. Das Team um FGTS Leiterin Barbara Gutherl leistet seit vielen Jahren wertvolle Arbeit f\u00fcr die Kinder unserer Nachmittagsbetreuung. Vielen Dank f\u00fcr das Bem\u00fchen!<\/p>\n\n\n\n<div class=\"wp-block-image\"><figure class=\"aligncenter size-large\"><img loading=\"lazy\" decoding=\"async\" width=\"700\" height=\"461\" src=\"https:\/\/echta-derminga.de\/wp-content\/uploads\/2020\/05\/100050986_4080844808623662_7246450752883785728_o-1-700x461.jpg\" alt=\"\" class=\"wp-image-6383\" srcset=\"https:\/\/echta-derminga.de\/wp-content\/uploads\/2020\/05\/100050986_4080844808623662_7246450752883785728_o-1-700x461.jpg 700w, https:\/\/echta-derminga.de\/wp-content\/uploads\/2020\/05\/100050986_4080844808623662_7246450752883785728_o-1-300x198.jpg 300w, https:\/\/echta-derminga.de\/wp-content\/uploads\/2020\/05\/100050986_4080844808623662_7246450752883785728_o-1-768x506.jpg 768w, https:\/\/echta-derminga.de\/wp-content\/uploads\/2020\/05\/100050986_4080844808623662_7246450752883785728_o-1-1536x1012.jpg 1536w, https:\/\/echta-derminga.de\/wp-content\/uploads\/2020\/05\/100050986_4080844808623662_7246450752883785728_o-1-120x80.jpg 120w, https:\/\/echta-derminga.de\/wp-content\/uploads\/2020\/05\/100050986_4080844808623662_7246450752883785728_o-1.jpg 1892w\" sizes=\"auto, (max-width: 700px) 100vw, 700px\" \/><\/figure><\/div>\n\n\n\n<p class=\"wp-block-paragraph\" style=\"font-size:18px\"><strong>Nutzung der Borrwieshalle f\u00fcr Trainings- und Sportbetrieb wieder m\u00f6glich<\/strong><\/p>\n\n\n\n<p class=\"wp-block-paragraph\" style=\"font-size:18px\">Die Hallen in der Gemeinde Eppelborn k\u00f6nnen ab Donnerstag, 28.05.2020 f\u00fcr den Kurs-, Trainings- und Sportbetrieb wieder genutzt werden. Die Vereine m\u00fcssen sich zuvor per Mail oder Telefon beim Freizeit- und Hallenbetrieb melden und mitteilen, ob Sie zu ihren gebuchten Hallenzeiten trainieren. Telefon: 06881\/ 896068-0 oder 06881\/896068-6, <a href=\"mailto:fhb@eppelborn.de\">fhb@eppelborn.de<\/a>. &nbsp;Die Vereine sollten einen festen Ansprechpartner in der Regel der Trainings\/\u00dcbungsleiter benennen. Die Trainer\/ \u00dcbungsleiter m\u00fcssen ein Protokoll der Trainingsteilnehmer f\u00fchren. Dieses ist bei einem Covid 19 Fall dem Gesundheitsamt vorzulegen. Au\u00dferdem m\u00fcssen Vereine ein internes Hygienekonzept vorlegen. Dies wird in Absprache mit dem Ordnungsamt gepr\u00fcft. Auch die Desinfektion der genutzten Sportger\u00e4te liegt in der Zust\u00e4ndigkeit der Vereine. Die Gemeinde hat zus\u00e4tzlich Desinfektionsmittel f\u00fcr H\u00e4nde und Fl\u00e4chen bestellt, die voraussichtlich Anfang Juni geliefert werden. F\u00fcr die Nutzung der Hallen wird auf die Verordnung zur Bek\u00e4mpfung der Corona-Pandemie vom 15. Mai 2020. verwiesen. Die Einhaltung des Abstandgebotes ist ebenso einzuhalten wie die kontaktfreie Durchf\u00fchrung des Trainingsbetriebes. Zudem darf eine Trainingsgruppe bis zu 5 Personen bestehen, bei denen das Training des Einzelnen im Vordergrund steht. Die Umkleidekabine darf nicht benutzt werden. Zudem d\u00fcrfen keine Gesellschafts- und Gemeinschaftsr\u00e4ume in den Hallen genutzt werden. Nach den Lockerungen der Landesregierung hat die Versorgung mit Lebensmitteln und Produkten des t\u00e4glichen Bedarfes weiterhin Priorit\u00e4t. \u00c4ltere und kranke Mitb\u00fcrgerinnen und Mitb\u00fcrger, sowie in Quarant\u00e4ne befindliche Personen, die nicht mehr selbst einkaufen k\u00f6nnen und denen im privaten Umfeld keine Hilfe zur Verf\u00fcgung steht, k\u00f6nnen mich jederzeit kontaktieren. Unsere organisierte Nachbarschaftshilfe bietet Beh\u00f6rdeng\u00e4nge, Besorgungen und Eink\u00e4ufe an. Nach R\u00fccksprache mit unserem Lebensmittelh\u00e4ndler Cham Saar (Tel: 01792104213) und der B\u00e4ckerei Bost (06827\/3416) wird es auch weiterhin m\u00f6glich sein ihre Eink\u00e4ufe vorzubestellen, damit diese am Ende einfach nur noch abgeholt werden k\u00f6nnen. Sollten Sie aus irgendwelchen Gr\u00fcnden die ausgeteilten Mundschutzmaske der Landesregierung nicht erhalten haben, k\u00f6nnen sie mich ebenfalls gerne kontaktieren. Unsere selbstgemachten Mundschutzbehelfsmasken stehen weiterhin auf Anfrage zur Verf\u00fcgung. Interessenten k\u00f6nnen sich gerne entweder bei mir pers\u00f6nlich oder bei Katja Pick unter der Telefonnummer: 06827\/1859 melden.<\/p>\n\n\n\n<div class=\"wp-block-image\"><figure class=\"aligncenter size-large\"><img loading=\"lazy\" decoding=\"async\" width=\"700\" height=\"525\" src=\"https:\/\/echta-derminga.de\/wp-content\/uploads\/2020\/05\/borrwieshalle_600_001-1024x7681-1-700x525.jpg\" alt=\"\" class=\"wp-image-6385\" srcset=\"https:\/\/echta-derminga.de\/wp-content\/uploads\/2020\/05\/borrwieshalle_600_001-1024x7681-1-700x525.jpg 700w, https:\/\/echta-derminga.de\/wp-content\/uploads\/2020\/05\/borrwieshalle_600_001-1024x7681-1-300x225.jpg 300w, https:\/\/echta-derminga.de\/wp-content\/uploads\/2020\/05\/borrwieshalle_600_001-1024x7681-1-768x576.jpg 768w, https:\/\/echta-derminga.de\/wp-content\/uploads\/2020\/05\/borrwieshalle_600_001-1024x7681-1.jpg 1024w\" sizes=\"auto, (max-width: 700px) 100vw, 700px\" \/><\/figure><\/div>\n\n\n\n<p class=\"wp-block-paragraph\" style=\"font-size:18px\">Der Zaun rund um die Borrwieshalle wurde von der Hausverwaltung der Gemeinde Eppelborn inzwischen fertigstellt. Mein Dank geht an Mitarbeiter der Hausverwaltung f\u00fcr ihre saubere und einwandfreie Arbeit. Auch wenn uns derzeit vieles verloren geht und wir auf mehr Normalit\u00e4t hoffen so sind es doch die kleinen Dinge des Lebens, die uns immer wieder Freude bereiten.<\/p>\n\n\n\n<p class=\"wp-block-paragraph\" style=\"font-size:18px\"><strong>In diesem Sinne w\u00fcnsche ich allen Dirmingerinnen und Dirmingern sowie allen B\u00fcrgerinnen und B\u00fcrgern unserer Heimat- und Nachbargemeinden eine sch\u00f6ne und entspannte Woche. Bitte denken Sie immer daran:&#8220;&#8230;..wir m\u00fcssen in dieser Zeit mit allem rechnen, auch mit dem Guten&#8220;<\/strong><\/p>\n\n\n\n<p class=\"wp-block-paragraph\" style=\"font-size:18px\">Euer Ortsvorsteher<\/p>\n\n\n\n<p class=\"wp-block-paragraph\" style=\"font-size:18px\">Frank Klein<\/p>\n","protected":false},"excerpt":{"rendered":"<p>Liebe Dirmingerinnen und Dirminger, in der vergangenen Woche durfte ich feststellen, dass in unserem Heimatort auf verschiedene Art und Weise versucht wird unserem Alltag mehr Farbe zu verleihen. Die Menschen widersetzten sich dem tristen alltags-grau und finden ihre eigene Wege aus den fesseln der Pandemie. Gut, dass es vorsichtig St\u00fcck f\u00fcr St\u00fcck zur\u00fcck in eine neue Normalit\u00e4t geht. Dirminger\/innen bemalen<\/p>\n","protected":false},"author":1,"featured_media":6391,"comment_status":"open","ping_status":"closed","sticky":false,"template":"","format":"standard","meta":{"_crdt_document":"","footnotes":""},"categories":[1,9,812],"tags":[],"class_list":["post-6373","post","type-post","status-publish","format-standard","has-post-thumbnail","hentry","category-allgemein","category-dorfgetratsche","category-ortsvorsteher-dirmingen"],"_links":{"self":[{"href":"https:\/\/echta-derminga.de\/index.php?rest_route=\/wp\/v2\/posts\/6373","targetHints":{"allow":["GET"]}}],"collection":[{"href":"https:\/\/echta-derminga.de\/index.php?rest_route=\/wp\/v2\/posts"}],"about":[{"href":"https:\/\/echta-derminga.de\/index.php?rest_route=\/wp\/v2\/types\/post"}],"author":[{"embeddable":true,"href":"https:\/\/echta-derminga.de\/index.php?rest_route=\/wp\/v2\/users\/1"}],"replies":[{"embeddable":true,"href":"https:\/\/echta-derminga.de\/index.php?rest_route=%2Fwp%2Fv2%2Fcomments&post=6373"}],"version-history":[{"count":15,"href":"https:\/\/echta-derminga.de\/index.php?rest_route=\/wp\/v2\/posts\/6373\/revisions"}],"predecessor-version":[{"id":6398,"href":"https:\/\/echta-derminga.de\/index.php?rest_route=\/wp\/v2\/posts\/6373\/revisions\/6398"}],"wp:featuredmedia":[{"embeddable":true,"href":"https:\/\/echta-derminga.de\/index.php?rest_route=\/wp\/v2\/media\/6391"}],"wp:attachment":[{"href":"https:\/\/echta-derminga.de\/index.php?rest_route=%2Fwp%2Fv2%2Fmedia&parent=6373"}],"wp:term":[{"taxonomy":"category","embeddable":true,"href":"https:\/\/echta-derminga.de\/index.php?rest_route=%2Fwp%2Fv2%2Fcategories&post=6373"},{"taxonomy":"post_tag","embeddable":true,"href":"https:\/\/echta-derminga.de\/index.php?rest_route=%2Fwp%2Fv2%2Ftags&post=6373"}],"curies":[{"name":"wp","href":"https:\/\/api.w.org\/{rel}","templated":true}]}}