{"id":6411,"date":"2020-05-30T12:47:28","date_gmt":"2020-05-30T11:47:28","guid":{"rendered":"http:\/\/echta-derminga.de\/?p=6411"},"modified":"2020-05-30T13:11:46","modified_gmt":"2020-05-30T12:11:46","slug":"gemeinsames-zeichen-setzen-zum-60-jubilaeum-der-marienkapelle-an-der-katholischen-kirche-dirmingen","status":"publish","type":"post","link":"https:\/\/echta-derminga.de\/?p=6411","title":{"rendered":"Gemeinsames Zeichen setzen zum 60. Jubil\u00e4um der Marienkapelle an der katholischen Kirche Dirmingen"},"content":{"rendered":"\n<blockquote class=\"wp-block-quote is-layout-flow wp-block-quote-is-layout-flow\"><p><strong>\u201eUnter dem Eindruck der fortdauernden Angriffe auf das Dorf machte die ganze Pfarrgemeinde am Weihnachtsmorgen in der Mette das feierliche Gel\u00f6bnis, der Mutter Gottes eine Kapelle zu erbauen und flehte sie um Hilfe an.\u201c<\/strong><\/p><cite><strong>Niederschriften katholische Lehrerin Anna Andres<\/strong> <strong>im Jahre 1945<\/strong><\/cite><\/blockquote>\n\n\n\n<p class=\"wp-block-paragraph\" style=\"font-size:18px\">Im Au\u00dfenbereich unserer katholischen Kirche befindet sich ein besonderer Kreuzweg. Der ehemalige Pastor von Dirmingen Dechant G\u00fcnter Hirschauer hatte die Neunkircher Bildhauerin Michaela Gro\u00df beim Entwurf dieses Kreuzweges beraten. Der Kreuzweg ist in Aachener Sandstein gemei\u00dfelt und l\u00e4dt alleine schon beim Begehen zum Nachdenken ein.<\/p>\n\n\n\n<div class=\"wp-block-image\"><figure class=\"aligncenter size-large\"><img loading=\"lazy\" decoding=\"async\" width=\"700\" height=\"529\" src=\"https:\/\/echta-derminga.de\/wp-content\/uploads\/2020\/05\/03-700x529.jpg\" alt=\"\" class=\"wp-image-6417\" srcset=\"https:\/\/echta-derminga.de\/wp-content\/uploads\/2020\/05\/03-700x529.jpg 700w, https:\/\/echta-derminga.de\/wp-content\/uploads\/2020\/05\/03-300x227.jpg 300w, https:\/\/echta-derminga.de\/wp-content\/uploads\/2020\/05\/03-768x581.jpg 768w, https:\/\/echta-derminga.de\/wp-content\/uploads\/2020\/05\/03.jpg 877w\" sizes=\"auto, (max-width: 700px) 100vw, 700px\" \/><\/figure><\/div>\n\n\n\n<p class=\"wp-block-paragraph\" style=\"font-size:18px\"><strong>Am Ende dieses Weges findet man eine kleine Marienkapelle. Mit dem Bau dieser Kapelle l\u00f6ste die Katholische Kirchengemeinde Dirmingen am 31. Mai 1960 das Versprechen ein, dass man sich noch in Zeiten des zweiten Weltkrieges gegeben hatte.<\/strong> <strong>Sollten die Menschen diese f\u00fcrchterlichen Kriegswirren \u00fcberleben wollte man zu Ehren der Mutter Gottes eine Kapelle errichten.<\/strong> <strong>Gesagt getan. Heute erinnert uns diese Kapelle daran, dass man auch in den schwersten Krisenzeiten immer den Glauben halten sollte.<\/strong><\/p>\n\n\n\n<p class=\"wp-block-paragraph\" style=\"font-size:18px\">Gerade f\u00fcr unsere katholische Kirchengemeinde Dirmingen hatte der zweite Weltkrieg f\u00fcrchterliche Auswirkungen. Der Vorg\u00e4ngerbau der heutigen katholischen Kirche, aus dem Jahre 1911, wurde am 21. Februar 1945 bei einem Bombenabwurf zerst\u00f6rt.<\/p>\n\n\n\n<p class=\"wp-block-paragraph\" style=\"font-size:18px\"><strong>Die Kirchengemeinde musste von vorne anfangen und eine neue Kirche errichten. Am 15. September 1947 wurde die Baugenehmigung f\u00fcr den Wiederaufbau der Kirche erteilt. Die Pl\u00e4ne f\u00fcr das neue Gotteshaus, das an der gleichen Stelle wie der Vorg\u00e4ngerbau erbaut wurde, entwarf Architekt Dominikus B\u00f6hm. Am 4. Juli 1948 war die Grundsteinlegung und am 16. Oktober 1949 das Richtfest. Die Einsegnung der Kirche wurde am 17. Dezember 1950 vorgenommen wobei<\/strong> <strong>die feierliche Kirchweihe am 4. Mai 1954 erfolgte.<\/strong><\/p>\n\n\n\n<div class=\"wp-block-image\"><figure class=\"aligncenter size-large\"><img loading=\"lazy\" decoding=\"async\" width=\"700\" height=\"516\" src=\"https:\/\/echta-derminga.de\/wp-content\/uploads\/2020\/05\/04-700x516.jpg\" alt=\"\" class=\"wp-image-6419\" srcset=\"https:\/\/echta-derminga.de\/wp-content\/uploads\/2020\/05\/04-700x516.jpg 700w, https:\/\/echta-derminga.de\/wp-content\/uploads\/2020\/05\/04-300x221.jpg 300w, https:\/\/echta-derminga.de\/wp-content\/uploads\/2020\/05\/04-768x566.jpg 768w, https:\/\/echta-derminga.de\/wp-content\/uploads\/2020\/05\/04.jpg 800w\" sizes=\"auto, (max-width: 700px) 100vw, 700px\" \/><\/figure><\/div>\n\n\n\n<p class=\"wp-block-paragraph\" style=\"font-size:18px\">Unter dem Eindruck dieser f\u00fcr Dirmingen historischen Ereignisse durfte ich gemeinsam mit der Gemeindereferentin Frau Anne Haan eine Kerze anz\u00fcnden und an der Kapelle niederlegen. Bestimmt machten wir uns in diesem Moment auch \u00fcber die Auswirkungen der Pandemie Gedanken. Wie ver\u00e4ndert der Virus unser Leben und wie viele Opfer m\u00fcssen wir noch ertragen ? Im gemeinsamen Gespr\u00e4ch wurde zudem die Sehnsucht nach mehr Miteinander und einer gut funktionierenden \u00d6kumene in unserem Dorf deutlich. Wir alle m\u00fcssen aus den Fehlern der Vergangenheit lernen. Die Zukunft liegt im gemeinsamen Miteinander. Eigentlich trennt uns viel weniger als uns vereint. Manchmal wird gerade diese Einsicht in kleinen Gesten deutlich. Ich f\u00fcr meinen Teil habe mir an der Marienkapelle das Versprechen abgerungen alles daf\u00fcr zu tun, dass die \u00d6kumene in unserem Dorf eine Zukunft hat. Es ist unser gemeinsames Dorf und unsere beiden Kirchen sind l\u00e4ngst zu unseren Wahrzeichen geworden.<\/p>\n\n\n\n<div class=\"wp-block-image\"><figure class=\"aligncenter size-large\"><img loading=\"lazy\" decoding=\"async\" width=\"700\" height=\"470\" src=\"https:\/\/echta-derminga.de\/wp-content\/uploads\/2020\/05\/02-700x470.jpg\" alt=\"\" class=\"wp-image-6415\" srcset=\"https:\/\/echta-derminga.de\/wp-content\/uploads\/2020\/05\/02-700x470.jpg 700w, https:\/\/echta-derminga.de\/wp-content\/uploads\/2020\/05\/02-300x202.jpg 300w, https:\/\/echta-derminga.de\/wp-content\/uploads\/2020\/05\/02-768x516.jpg 768w, https:\/\/echta-derminga.de\/wp-content\/uploads\/2020\/05\/02-120x80.jpg 120w, https:\/\/echta-derminga.de\/wp-content\/uploads\/2020\/05\/02.jpg 799w\" sizes=\"auto, (max-width: 700px) 100vw, 700px\" \/><\/figure><\/div>\n\n\n\n<p class=\"wp-block-paragraph\" style=\"font-size:18px\"><strong>Die katholische Kirchengemeinde Dirmingen hat den Bau dieser Kapelle in Zeiten schwerster Not beschlossen und sp\u00e4ter umgesetzt. Das Mindeste was wir in der aktuellen Krise tun k\u00f6nnen, ist zusammenzur\u00fccken und genau dort an dieser Kapelle eine Kerze zu z\u00fcnden. Aus dieser kleinen Geste und dem gemeinsamen symbolischen anz\u00fcnden einer kleinen Flamme entstand ein ber\u00fchrender Moment.<\/strong><\/p>\n\n\n\n<p class=\"wp-block-paragraph\" style=\"font-size:18px\"><strong>Manchmal kann aus kleinen Gesten etwas Gro\u00dfartiges entstehen. Man darf nur nie den Glauben verlieren.<\/strong><\/p>\n","protected":false},"excerpt":{"rendered":"<p>\u201eUnter dem Eindruck der fortdauernden Angriffe auf das Dorf machte die ganze Pfarrgemeinde am Weihnachtsmorgen in der Mette das feierliche Gel\u00f6bnis, der Mutter Gottes eine Kapelle zu erbauen und flehte sie um Hilfe an.\u201c Niederschriften katholische Lehrerin Anna Andres im Jahre 1945 Im Au\u00dfenbereich unserer katholischen Kirche befindet sich ein besonderer Kreuzweg. Der ehemalige Pastor von Dirmingen Dechant G\u00fcnter Hirschauer<\/p>\n","protected":false},"author":1,"featured_media":6414,"comment_status":"open","ping_status":"closed","sticky":false,"template":"","format":"standard","meta":{"_crdt_document":"","footnotes":""},"categories":[1,9],"tags":[5,618,568,569,310],"class_list":["post-6411","post","type-post","status-publish","format-standard","has-post-thumbnail","hentry","category-allgemein","category-dorfgetratsche","tag-dirmingen","tag-gemeinde-eppelborn","tag-katholische-kirchengemeinde","tag-oekumene","tag-saarland"],"_links":{"self":[{"href":"https:\/\/echta-derminga.de\/index.php?rest_route=\/wp\/v2\/posts\/6411","targetHints":{"allow":["GET"]}}],"collection":[{"href":"https:\/\/echta-derminga.de\/index.php?rest_route=\/wp\/v2\/posts"}],"about":[{"href":"https:\/\/echta-derminga.de\/index.php?rest_route=\/wp\/v2\/types\/post"}],"author":[{"embeddable":true,"href":"https:\/\/echta-derminga.de\/index.php?rest_route=\/wp\/v2\/users\/1"}],"replies":[{"embeddable":true,"href":"https:\/\/echta-derminga.de\/index.php?rest_route=%2Fwp%2Fv2%2Fcomments&post=6411"}],"version-history":[{"count":14,"href":"https:\/\/echta-derminga.de\/index.php?rest_route=\/wp\/v2\/posts\/6411\/revisions"}],"predecessor-version":[{"id":6429,"href":"https:\/\/echta-derminga.de\/index.php?rest_route=\/wp\/v2\/posts\/6411\/revisions\/6429"}],"wp:featuredmedia":[{"embeddable":true,"href":"https:\/\/echta-derminga.de\/index.php?rest_route=\/wp\/v2\/media\/6414"}],"wp:attachment":[{"href":"https:\/\/echta-derminga.de\/index.php?rest_route=%2Fwp%2Fv2%2Fmedia&parent=6411"}],"wp:term":[{"taxonomy":"category","embeddable":true,"href":"https:\/\/echta-derminga.de\/index.php?rest_route=%2Fwp%2Fv2%2Fcategories&post=6411"},{"taxonomy":"post_tag","embeddable":true,"href":"https:\/\/echta-derminga.de\/index.php?rest_route=%2Fwp%2Fv2%2Ftags&post=6411"}],"curies":[{"name":"wp","href":"https:\/\/api.w.org\/{rel}","templated":true}]}}