{"id":6430,"date":"2020-05-30T15:16:09","date_gmt":"2020-05-30T14:16:09","guid":{"rendered":"http:\/\/echta-derminga.de\/?p=6430"},"modified":"2020-05-30T15:17:05","modified_gmt":"2020-05-30T14:17:05","slug":"in-sachen-ortsvorsteher-frohe-pfingsten-von-einer-bewegenden-begegnung-und-der-suche-nach-helfenden-haenden","status":"publish","type":"post","link":"https:\/\/echta-derminga.de\/?p=6430","title":{"rendered":"In Sachen Ortsvorsteher: Frohe Pfingsten &#8211; Von einer bewegenden Begegnung und der Suche nach helfenden H\u00e4nden"},"content":{"rendered":"\n<p class=\"wp-block-paragraph\" style=\"font-size:18px\"><strong>Liebe Dirmingerinnen, lieber Dirminger,<\/strong><\/p>\n\n\n\n<p class=\"wp-block-paragraph\" style=\"font-size:18px\"><strong>ich w\u00fcnsche Ihnen ein erholsames und gesegnetes Pfingstfest und hoffe sie k\u00f6nnen ein paar ruhige Tage im Kreise der Familie genie\u00dfen.<\/strong><\/p>\n\n\n\n<p class=\"wp-block-paragraph\" style=\"font-size:18px\"><strong>Bewegende Begegnung mit Gemeindereferentin Frau Anne Haan von der katholischen Kirchengemeinde Dirmingen<\/strong><\/p>\n\n\n\n<p class=\"wp-block-paragraph\" style=\"font-size:18px\">In der \u00d6kumene sollte das gute Miteinander der verschiedenen Konfessionen gepflegt werden. Christinnen und Christen unterschiedlicher Anschauungen sollten gerade auf dem Land eng zusammenarbeiten. Auch in Zeiten der Pandemie ist ein deutliches Miteinander der Christen in unserem Heimatort sp\u00fcrbar. Das gemeinsame Solidarit\u00e4tsl\u00e4uten ist nur eines von vielen guten Beispielen. Gerade in einem Dorf unserer Gr\u00f6\u00dfenordnung sollte wir uns gegenseitig sch\u00e4tzen und versuchen gemeinsam der \u00d6kumene noch mehr Aufmerksamkeit zu schenken. Am Freitag, 29. Mai 20 durfte ich der Gemeindereferentin unserer katholischen Kirchengemeinde Frau Anne Haan unseren Heimatort vorstellen. Zuvor z\u00fcndeten wir gemeinsam an der Marienkapelle der katholischen Pfarrkirche Dirmingen eine Kerze an. Die Marienkapelle wurde am 31. Mai 1960 durch unsere katholische Kirchengemeinde erbaut und feiert in diesem Jahr ihr 60. Jubil\u00e4um. Im gemeinsamen Gespr\u00e4ch mit Frau Haan wurde deutlich, dass sich die \u00d6kumene in unserem Dorf auf einem guten Weg befindet. Ich m\u00f6chte auch an dieser Stelle unseren beiden Kirchengemeinden meine Unterst\u00fctzung in Form einer engen Zusammenarbeit zusagen.<\/p>\n\n\n\n<div class=\"wp-block-image\"><figure class=\"aligncenter size-large\"><img loading=\"lazy\" decoding=\"async\" width=\"700\" height=\"499\" src=\"https:\/\/echta-derminga.de\/wp-content\/uploads\/2020\/05\/01-700x499.jpg\" alt=\"\" class=\"wp-image-6414\" srcset=\"https:\/\/echta-derminga.de\/wp-content\/uploads\/2020\/05\/01-700x499.jpg 700w, https:\/\/echta-derminga.de\/wp-content\/uploads\/2020\/05\/01-300x214.jpg 300w, https:\/\/echta-derminga.de\/wp-content\/uploads\/2020\/05\/01-768x547.jpg 768w, https:\/\/echta-derminga.de\/wp-content\/uploads\/2020\/05\/01.jpg 860w\" sizes=\"auto, (max-width: 700px) 100vw, 700px\" \/><figcaption>Bewegende Begegnung<\/figcaption><\/figure><\/div>\n\n\n\n<p class=\"wp-block-paragraph\" style=\"font-size:18px\"><strong>Ehrenamtliche Bankpaten  gesucht<\/strong><\/p>\n\n\n\n<p class=\"wp-block-paragraph\" style=\"font-size:18px\">Dirmingen verf\u00fcgt \u00fcber wunderbare Naherholungsgebiete mit einer ausgepr\u00e4gten Wald -und Landschaftsfl\u00e4che. T\u00e4glich nutzen zahlreiche Spazierg\u00e4nger und Wanderer die vielf\u00e4ltigen Angebote zur Erholung. Um den aktuellen Standard zu halten oder wom\u00f6glich zu verbessern ben\u00f6tigen wir Menschen, die sich ehrenamtlich bet\u00e4tigen m\u00f6chten. Wir suchen einen Bankpaten, der sich um den Zustand, der in Dirmingen befindlichen Sitzb\u00e4nke k\u00fcmmert. Die Pflege und Aufwertung der in Dirmingen befindlichen Ruheb\u00e4nke tr\u00e4gt dazu bei unseren Heimatort aufzuwerten. Sollten sie Interesse oder Fragen haben, k\u00f6nnen sie sich gerne mit mir telefonisch in Verbindung setzen. Die Bankpatenschaft bietet zudem eine wunderbare Gelegenheit sich ehrenamtlich f\u00fcr die Belange unseres Heimatortes einzusetzen.<\/p>\n\n\n\n<div class=\"wp-block-image\"><figure class=\"aligncenter size-large\"><img loading=\"lazy\" decoding=\"async\" width=\"700\" height=\"528\" src=\"https:\/\/echta-derminga.de\/wp-content\/uploads\/2020\/05\/22-2-700x528.jpg\" alt=\"\" class=\"wp-image-6432\" srcset=\"https:\/\/echta-derminga.de\/wp-content\/uploads\/2020\/05\/22-2-700x528.jpg 700w, https:\/\/echta-derminga.de\/wp-content\/uploads\/2020\/05\/22-2-300x226.jpg 300w, https:\/\/echta-derminga.de\/wp-content\/uploads\/2020\/05\/22-2-768x579.jpg 768w, https:\/\/echta-derminga.de\/wp-content\/uploads\/2020\/05\/22-2.jpg 800w\" sizes=\"auto, (max-width: 700px) 100vw, 700px\" \/><figcaption>Bankpaten gesucht<\/figcaption><\/figure><\/div>\n\n\n\n<p class=\"wp-block-paragraph\" style=\"font-size:18px\"><strong>Abnahme des neues<\/strong> <strong>Gr\u00e4berfeldes auf dem Dirminger Friedhof<\/strong><\/p>\n\n\n\n<p class=\"wp-block-paragraph\" style=\"font-size:18px\">Am Donnerstag, 28 Mai 2020 fand auf dem Friedhof in Dirmingen die Abnahme des neuen Gr\u00e4berfeldes statt. Neben B\u00fcrgermeister Dr. Andreas Feld und Mitarbeiter der Gemeindeverwaltung Frau Brill und Herrn Lutz verfolgten auch die Mitgliedern des Dirminger Ortsrates diese wichtige Bauabnahme. Ich denke es ist wichtig gerade bei solchen offiziellen Terminen Geschlossenheit zu demonstrieren und wichtige Informationen weiterzuleiten. Der zust\u00e4ndige Bauleiter Herr Ludwig von der Fa. Kempf und Bauamtsleiter Herr Lutz standen Rede und Antwort. Gegenw\u00e4rtig befindet sich auch in unserer Gemeinde die gesamte Bestattung -und Trauerkultur in einem tiefgreifenden Wandel. Als Folge der r\u00fcckg\u00e4ngigen Ausnutzung sind Friedh\u00f6fe zunehmend von brachliegenden \u00dcberhangfl\u00e4chen gepr\u00e4gt. Die steigende Zahl der Bestattungen in Urnenw\u00e4nden oder Urnentiefengr\u00e4bern haben in den letzten Jahren mehr und mehr an Bedeutung gewonnen. Schon allein diese Tatsache ist ein deutlicher Hinweis vom Wandel unserer Trauerkultur. Viele \u00dcberhangfl\u00e4chen auf unseren Friedh\u00f6fen m\u00fcssen neu \u00fcberarbeitet werden. Dies ist nunmehr auf dem Dirminger Friedhof geschehen und auch gut gelungen. Ein Umdenken und Anpassen an die Gegebenheiten ist dringend notwendig. In Dirmingen werden, auf dem nun neuen Gr\u00e4berfeld, neben den \u00fcblichen Bestattungsformen auch neue M\u00f6glichkeiten angeboten. In absehbarer Zeit sollen auch Baumbestattungen m\u00f6glich sein. Neben der Bestattungskultur hat sich auch unsere Friedhofskultur ver\u00e4ndert. W\u00e4hrend der Friedhof fr\u00fcher haupts\u00e4chlich zur Trauerbew\u00e4ltigung diente, wird er heute immer mehr zu einem Ort f\u00fcr die Lebenden. Dies alles sollte in eine zukunftsorientierte Planung einflie\u00dfen. Ich bin \u00fcberzeugt, dass wir diesbez\u00fcglich in Dirmingen auf einem guten Weg sind.<\/p>\n\n\n\n<div class=\"wp-block-image\"><figure class=\"aligncenter size-large\"><img loading=\"lazy\" decoding=\"async\" width=\"700\" height=\"525\" src=\"https:\/\/echta-derminga.de\/wp-content\/uploads\/2020\/05\/IMG_20180418_182701_resized_20180419_025721436-700x525.jpg\" alt=\"\" class=\"wp-image-6434\" srcset=\"https:\/\/echta-derminga.de\/wp-content\/uploads\/2020\/05\/IMG_20180418_182701_resized_20180419_025721436-700x525.jpg 700w, https:\/\/echta-derminga.de\/wp-content\/uploads\/2020\/05\/IMG_20180418_182701_resized_20180419_025721436-300x225.jpg 300w, https:\/\/echta-derminga.de\/wp-content\/uploads\/2020\/05\/IMG_20180418_182701_resized_20180419_025721436-768x576.jpg 768w, https:\/\/echta-derminga.de\/wp-content\/uploads\/2020\/05\/IMG_20180418_182701_resized_20180419_025721436.jpg 800w\" sizes=\"auto, (max-width: 700px) 100vw, 700px\" \/><figcaption>Neues Gr\u00e4berfeld auf dem Dirminger Friedhof<\/figcaption><\/figure><\/div>\n\n\n\n<p class=\"wp-block-paragraph\" style=\"font-size:18px\"><strong>W\u00fcnsche allen ein frohes und entspanntes Pfingstfest<\/strong><\/p>\n\n\n\n<p class=\"wp-block-paragraph\" style=\"font-size:18px\">An Pfingsten feiert die Kirche ihr eigentliches Geburtstagsfest. Am 50. Tag nach dem Ostersonntag schlie\u00dft das Pfingstfest die \u00f6sterliche Festzeit ab. Neben Weihnachten und Ostern feiern die Christen mit Pfingsten das dritte sogenannte Hauptfest. Hinter uns allen liegen nun schon fast drei Monate, in denen wir aufgrund der Corona-Pandemie gelernt haben umzudenken. Wir alle erleben, wie begrenzt unsere M\u00f6glichkeiten sind. Gerade zu Ostern oder Pfingsten f\u00e4llt auf, dass Messen und Gottesdienste an allen Ecken und Enden fehlen. Der soziale und menschliche Aspekt bleibt v\u00f6llig auf der Strecke. Von einer Aufbruchstimmung ist trotz den neuerlichen Lockerungen der Hygieneverordnung immer noch nichts zu erkennen.<\/p>\n\n\n\n<p class=\"wp-block-paragraph\" style=\"font-size:18px\"><strong>Nach den neuerlichen Lockerungen der Landesregierung hat die Versorgung mit Lebensmitteln und Produkten des t\u00e4glichen Bedarfes weiterhin Priorit\u00e4t. \u00c4ltere und kranke Mitb\u00fcrgerinnen und Mitb\u00fcrger, sowie in Quarant\u00e4ne befindliche Personen, die nicht mehr selbst einkaufen k\u00f6nnen und denen im privaten Umfeld keine Hilfe zur Verf\u00fcgung steht, k\u00f6nnen mich jederzeit kontaktieren. Unsere organisierte Nachbarschaftshilfe bietet Beh\u00f6rdeng\u00e4nge, Besorgungen und Eink\u00e4ufe an. Unsere selbstgemachten Mundschutzbehelfsmasken stehen weiterhin auf Anfrage zur Verf\u00fcgung. Interessenten k\u00f6nnen sich gerne entweder bei mir pers\u00f6nlich oder bei Katja Pick unter der Telefonnummer: 06827\/1859 melden.<\/strong><\/p>\n\n\n\n<p class=\"wp-block-paragraph\" style=\"font-size:18px\">Gl\u00fccklich bin ich dar\u00fcber, dass unsere Gastronomie den Betrieb wieder aufgenommen hat. Nun ben\u00f6tigen unsere Restaurants und Gastst\u00e4tten auch unsere Unterst\u00fctzung. Das Pfingstfest bietet eine sch\u00f6ne Gelegenheit, um einmal mit der Familie essen zu gehen. Anschlie\u00dfend k\u00f6nnte man noch auf ein Bier in einer unserer Gastst\u00e4tten einkehren. Machen sie was daraus!<\/p>\n\n\n\n<div class=\"wp-block-image\"><figure class=\"aligncenter size-large\"><img loading=\"lazy\" decoding=\"async\" width=\"560\" height=\"649\" src=\"https:\/\/echta-derminga.de\/wp-content\/uploads\/2020\/05\/blog-1.jpg\" alt=\"\" class=\"wp-image-6438\" srcset=\"https:\/\/echta-derminga.de\/wp-content\/uploads\/2020\/05\/blog-1.jpg 560w, https:\/\/echta-derminga.de\/wp-content\/uploads\/2020\/05\/blog-1-259x300.jpg 259w\" sizes=\"auto, (max-width: 560px) 100vw, 560px\" \/><figcaption>Fensterbild der Evangelischen Kirche Dirmingen<\/figcaption><\/figure><\/div>\n\n\n\n<p class=\"wp-block-paragraph\" style=\"font-size:18px\"><strong>In diesem Sinne w\u00fcnsche ich Ihnen allen ein gesegnetes und erholsames Pfingstfest. Bitte denken Sie immer daran: \u201c\u2026.man muss in diesen Zeiten mit allem rechnen, auch mit dem Guten\u201c.<\/strong><\/p>\n\n\n\n<p class=\"wp-block-paragraph\" style=\"font-size:18px\">Ihr Ortvorsteher<\/p>\n\n\n\n<p class=\"wp-block-paragraph\" style=\"font-size:18px\">Frank Klein<\/p>\n","protected":false},"excerpt":{"rendered":"<p>Liebe Dirmingerinnen, lieber Dirminger, ich w\u00fcnsche Ihnen ein erholsames und gesegnetes Pfingstfest und hoffe sie k\u00f6nnen ein paar ruhige Tage im Kreise der Familie genie\u00dfen. Bewegende Begegnung mit Gemeindereferentin Frau Anne Haan von der katholischen Kirchengemeinde Dirmingen In der \u00d6kumene sollte das gute Miteinander der verschiedenen Konfessionen gepflegt werden. Christinnen und Christen unterschiedlicher Anschauungen sollten gerade auf dem Land eng<\/p>\n","protected":false},"author":1,"featured_media":6437,"comment_status":"open","ping_status":"closed","sticky":false,"template":"","format":"standard","meta":{"_crdt_document":"","footnotes":""},"categories":[1,812],"tags":[5,618,568,127,634],"class_list":["post-6430","post","type-post","status-publish","format-standard","has-post-thumbnail","hentry","category-allgemein","category-ortsvorsteher-dirmingen","tag-dirmingen","tag-gemeinde-eppelborn","tag-katholische-kirchengemeinde","tag-landkreis-neunkirchen","tag-ortsvorsteher"],"_links":{"self":[{"href":"https:\/\/echta-derminga.de\/index.php?rest_route=\/wp\/v2\/posts\/6430","targetHints":{"allow":["GET"]}}],"collection":[{"href":"https:\/\/echta-derminga.de\/index.php?rest_route=\/wp\/v2\/posts"}],"about":[{"href":"https:\/\/echta-derminga.de\/index.php?rest_route=\/wp\/v2\/types\/post"}],"author":[{"embeddable":true,"href":"https:\/\/echta-derminga.de\/index.php?rest_route=\/wp\/v2\/users\/1"}],"replies":[{"embeddable":true,"href":"https:\/\/echta-derminga.de\/index.php?rest_route=%2Fwp%2Fv2%2Fcomments&post=6430"}],"version-history":[{"count":9,"href":"https:\/\/echta-derminga.de\/index.php?rest_route=\/wp\/v2\/posts\/6430\/revisions"}],"predecessor-version":[{"id":6443,"href":"https:\/\/echta-derminga.de\/index.php?rest_route=\/wp\/v2\/posts\/6430\/revisions\/6443"}],"wp:featuredmedia":[{"embeddable":true,"href":"https:\/\/echta-derminga.de\/index.php?rest_route=\/wp\/v2\/media\/6437"}],"wp:attachment":[{"href":"https:\/\/echta-derminga.de\/index.php?rest_route=%2Fwp%2Fv2%2Fmedia&parent=6430"}],"wp:term":[{"taxonomy":"category","embeddable":true,"href":"https:\/\/echta-derminga.de\/index.php?rest_route=%2Fwp%2Fv2%2Fcategories&post=6430"},{"taxonomy":"post_tag","embeddable":true,"href":"https:\/\/echta-derminga.de\/index.php?rest_route=%2Fwp%2Fv2%2Ftags&post=6430"}],"curies":[{"name":"wp","href":"https:\/\/api.w.org\/{rel}","templated":true}]}}