{"id":6494,"date":"2020-06-13T12:07:15","date_gmt":"2020-06-13T11:07:15","guid":{"rendered":"http:\/\/echta-derminga.de\/?p=6494"},"modified":"2020-06-13T12:18:23","modified_gmt":"2020-06-13T11:18:23","slug":"liebeserklaerung-an-meine-heimat-worin-liegt-der-zauber","status":"publish","type":"post","link":"https:\/\/echta-derminga.de\/?p=6494","title":{"rendered":"Liebeserkl\u00e4rung an mein Dorf &#8211; Worin liegt der Zauber ?"},"content":{"rendered":"\n<blockquote class=\"wp-block-quote is-layout-flow wp-block-quote-is-layout-flow\"><p><strong>\u201eIch dr\u00fccke mein Gesicht an seine dunkle, warme Rinde und sp\u00fcre Heimat &#8211; und bin so uns\u00e4glich dankbar in diesem Augenblick.<\/strong><\/p><cite><strong>Deutsche NS-Widerstandsk\u00e4mpferin Sophie Scholl<\/strong><\/cite><\/blockquote>\n\n\n\n<p class=\"wp-block-paragraph\" style=\"font-size:18px\"><strong>Liegt eine Magie oder ein gro\u00dfer Zauber \u00fcber unserem Dorf? Schwer vorstellbar und kaum zu glauben. Das Dorf besteht aus seinen Hauptadern, der B10 und dem Zusammenfluss der Ill und Alsbach. Die Ortsmitte ist in keinem guten Zustand und ben\u00f6tigt dringend eine Sanierung und Aufwertung. Dirmingen liegt in einem Tal und wird umgeben von einem wahren Gr\u00fcng\u00fcrtel. Viel Wald und drei Naherholungsgebiete, worin soll da ein Zauber liegen?<\/strong><\/p>\n\n\n\n<p class=\"wp-block-paragraph\" style=\"font-size:18px\">Manchmal stelle ich mir die Frage, was mich in diesem Dorf h\u00e4lt und warum ich so an meiner Heimat h\u00e4nge. \u00dcberall auf dieser Welt gibt es \u00e4hnliche D\u00f6rfer, von denen manche weitaus attraktiver gebaut wurden. Was gibt es hier schon viel zu sehen? Zwei Kirchen, die unter Einzeldenkmalschutz stehen, von der eine unsere Ortsmitte seit der ersten urkundlichen Erw\u00e4hnung pr\u00e4gt. Die andere Kirche steht f\u00fcr den Wiederaufbau und den Neuanfang unserer Dorfgemeinschaft. Eigentlich ist mir bis heute nicht so recht klar, warum Dirmingen etwas besonders sein sollte. Dennoch ich komme nicht drum rum, zu sagen, dass ich im sch\u00f6nsten Dorfe der Welt lebe. Am Ende ist es immer Ansichtssache. Manch anderer wird so sein Problem mit meiner Aussage haben.<\/p>\n\n\n\n<div class=\"wp-block-image\"><figure class=\"aligncenter size-large\"><img loading=\"lazy\" decoding=\"async\" width=\"700\" height=\"505\" src=\"https:\/\/echta-derminga.de\/wp-content\/uploads\/2020\/06\/22-700x505.jpg\" alt=\"\" class=\"wp-image-6500\" srcset=\"https:\/\/echta-derminga.de\/wp-content\/uploads\/2020\/06\/22-700x505.jpg 700w, https:\/\/echta-derminga.de\/wp-content\/uploads\/2020\/06\/22-300x216.jpg 300w, https:\/\/echta-derminga.de\/wp-content\/uploads\/2020\/06\/22-768x554.jpg 768w, https:\/\/echta-derminga.de\/wp-content\/uploads\/2020\/06\/22.jpg 800w\" sizes=\"auto, (max-width: 700px) 100vw, 700px\" \/><\/figure><\/div>\n\n\n\n<p class=\"wp-block-paragraph\" style=\"font-size:18px\"><strong>Vielleicht sind es die Ecken und Stra\u00dfen, die dich einladen ziellos schlendernd durchzuwandern. Vielleicht sind es die H\u00e4user, die schon seit meiner Kindheit auf ihrem Platz stehen. Vielleicht sind es die paar Kneipen, die dich einladen zu verweilen und mit einem anderen Zeitgenossen ein Glas Bier zu trinken. Vielleicht sind es aber auch die Menschen, von denen ich die meisten seit Kindesbeinen kenne und sch\u00e4tze. Vielleicht ist es aber auch einfach meine Geschichte, meine Kindheit, meine Familie meine Stra\u00dfe. Vielleicht liegt aber doch wirklich ein Zauber \u00fcber unserem Dorf, den jeder erkennt der sich darauf einl\u00e4sst.<\/strong><\/p>\n\n\n\n<p class=\"wp-block-paragraph\" style=\"font-size:18px\">Fr\u00fcher zog \u00fcber unsere Stra\u00dfen der Geruch von Biermaische, man h\u00f6rte beim Verladen der LKWs das klirren der Flaschen. Dort wo einst unsere \u201eSch\u00e4fer Brauerei\u201c stand g\u00e4hnt nun ein tiefes leeres Loch. Was war, ist vorbei und l\u00e4ngst vergessen. Die ersten Generationen wissen kaum noch, dass in Dirmingen einmal eine Brauerei existierte. Damals war die Brauerei das Herz unseres Dorfes. In manchen Zeiten sogar Lebensquelle. Was w\u00e4re aus unserem Dorf geworden, wenn es gerade zu Kriegszeiten nicht die Quelle der Brauerei gegeben h\u00e4tte.<\/p>\n\n\n\n<div class=\"wp-block-image\"><figure class=\"aligncenter size-large\"><img loading=\"lazy\" decoding=\"async\" width=\"700\" height=\"499\" src=\"https:\/\/echta-derminga.de\/wp-content\/uploads\/2020\/06\/33-700x499.jpg\" alt=\"\" class=\"wp-image-6501\" srcset=\"https:\/\/echta-derminga.de\/wp-content\/uploads\/2020\/06\/33-700x499.jpg 700w, https:\/\/echta-derminga.de\/wp-content\/uploads\/2020\/06\/33-300x214.jpg 300w, https:\/\/echta-derminga.de\/wp-content\/uploads\/2020\/06\/33-768x547.jpg 768w, https:\/\/echta-derminga.de\/wp-content\/uploads\/2020\/06\/33.jpg 800w\" sizes=\"auto, (max-width: 700px) 100vw, 700px\" \/><\/figure><\/div>\n\n\n\n<p class=\"wp-block-paragraph\" style=\"font-size:18px\"><strong>Vieles hat sich ver\u00e4ndert. Nat\u00fcrlich auch die Menschen. Die jungen sind alt geworden und die Alten sind gestorben. Neue Wohngebiete sind entstanden, wenn auch nicht besonders viele. Fremde Menschen sind in unser Dorf gezogen. Gut so und doch ungewohnt. Ganz oft ertappe ich mich dabei die Einheimischen zu suchen. Die Einheimischen, wer ist das? Gibt es noch diejenigen, die schon immer hier lebten. Alles \u00e4ndert sich. Ver\u00e4nderung ist gut und bringt uns voran. Viele Menschen sind mir, obwohl sie hier im Dorf leben unbekannt. Ich frage mich was hat sie nach Dirmingen getrieben und was gef\u00e4llt ihnen in einem Dorf, dass st\u00e4ndig auf der Suche nach sich selbst ist. Hier gibt es nicht vieles was dich als Fremder anlocken kann. Warum gerade hier und warum Dirmingen? Hier bin ich Zuhause, zwischen all den verborgenen Ecken und Kanten kenne ich mich ganz genau aus. Hier wollte ich zu Jemanden werden und kam doch nie aus meiner Haut heraus. Wie kann man seiner Heimat entfliehen? Muss man seiner Heimat \u00fcberhaupt entfliehen? In diesen Stra\u00dfen wurde ich zu dem, was ich heute bin.<\/strong><\/p>\n\n\n\n<div class=\"wp-block-image\"><figure class=\"aligncenter size-large\"><img loading=\"lazy\" decoding=\"async\" width=\"800\" height=\"507\" src=\"https:\/\/echta-derminga.de\/wp-content\/uploads\/2020\/06\/44-700x444.jpg\" alt=\"\" class=\"wp-image-6502\" srcset=\"https:\/\/echta-derminga.de\/wp-content\/uploads\/2020\/06\/44-700x444.jpg 700w, https:\/\/echta-derminga.de\/wp-content\/uploads\/2020\/06\/44-300x190.jpg 300w, https:\/\/echta-derminga.de\/wp-content\/uploads\/2020\/06\/44-768x487.jpg 768w, https:\/\/echta-derminga.de\/wp-content\/uploads\/2020\/06\/44.jpg 800w\" sizes=\"auto, (max-width: 800px) 100vw, 800px\" \/><\/figure><\/div>\n\n\n\n<p class=\"wp-block-paragraph\" style=\"font-size:18px\">Unser Dorf sucht verzweifelt nach seiner Geschichte und einer Sonderstellung. Was findet man hier, dass man woanders nicht finden kann ? Vielleicht die Jahrzehntelange Spannungen zwischen Katholiken und Protestanten. Vielleicht das besondere Verh\u00e4ltnis wischen Fu\u00dfball und Handball? Vielleicht die Geschichte unserer Schulen oder Kinderg\u00e4rten? Vielleicht unser ausgiebiges Waldgebiet mit dem Naturdenkmal \u201eSteinrausche\u201c und dem Freizeitzentrum Finkenrech ? Vielleicht unser Hang zur Revolte die sich besonders in der Gebietsverwaltungsreform 1974 wiederspiegelte ? Was unterscheidet uns von den Anderen? Unterscheidet uns \u00fcberhaupt irgendetwas von den anderen D\u00f6rfern? Worauf k\u00f6nnen wir Stolz sein ? Vielmehr darf man \u00fcberhaupt, in Zeiten von Rassismus und nationalem Denken auf seine Heimat stolz sein ? Was kann ich daf\u00fcr, dass ich hier geboren wurde ?<\/p>\n\n\n\n<p class=\"wp-block-paragraph\" style=\"font-size:18px\"><strong>Ich behaupte, die Menschen in unserem Dorf sind von einem besonderen Schlag. Wenn wir feiern, dann richtig und mit einem gewissen Blick auf unsere Kultur. Gepr\u00e4gt von den beiden Konfessionen und zwei verschiedenen Ballsportarten suchen wir st\u00e4ndig nach neuen Wegen und Herausforderungen. Pflichtbewusstsein ist wichtig. Dies spiegelt sich z. B in der Organisation unserer Feuerwehr oder unseres Schulwesens. Es ist eine sonderbare Mischung aus gesundem Gr\u00f6\u00dfenwahn und sturem Skeptizismus. Die Jungs laufen immer noch im Rudel durch unsere Stra\u00dfen und suchen ihren Weg. Das war fr\u00fcher so und hat sich bis heute nicht ge\u00e4ndert. Auf der Suche nach sich selbst oder dem ersten M\u00e4dchen machen sie ihre Fehler und sorgen f\u00fcr so manchen \u00c4rger.<\/strong><\/p>\n\n\n\n<div class=\"wp-block-image\"><figure class=\"aligncenter size-large\"><img loading=\"lazy\" decoding=\"async\" width=\"700\" height=\"508\" src=\"https:\/\/echta-derminga.de\/wp-content\/uploads\/2020\/06\/55-700x508.jpg\" alt=\"\" class=\"wp-image-6503\" srcset=\"https:\/\/echta-derminga.de\/wp-content\/uploads\/2020\/06\/55-700x508.jpg 700w, https:\/\/echta-derminga.de\/wp-content\/uploads\/2020\/06\/55-300x218.jpg 300w, https:\/\/echta-derminga.de\/wp-content\/uploads\/2020\/06\/55-768x557.jpg 768w, https:\/\/echta-derminga.de\/wp-content\/uploads\/2020\/06\/55.jpg 800w\" sizes=\"auto, (max-width: 700px) 100vw, 700px\" \/><\/figure><\/div>\n\n\n\n<p class=\"wp-block-paragraph\" style=\"font-size:18px\"><strong>Manchmal erkenne ich mich in diesen Jungs wieder. Auf der Suche nach meiner eigenen Pers\u00f6nlichkeit lief ich blindlinks an den Anderen vorbei und habe bestimmt auch so Manchem vor \u2019s Bein getreten. In der Jugend steckt unsere Zukunft. Die Jungen werden alt und die Alten werden uns irgendwann verlassen. Das ist der Kreislauf der Zeit. Vielleicht ist das der eigentliche Zauber oder die Magie, die \u00fcber unserm Dorf liegt?<\/strong> <strong>Wenn es so w\u00e4re, w\u00fcrde dieser Zauber aber nicht nur \u00fcber unserem Dorf liegen.<\/strong><\/p>\n\n\n\n<p class=\"wp-block-paragraph\" style=\"font-size:18px\">Manchmal fahre ich mit meinem Roller \u00fcber unsere Stra\u00dfen und Feldwege. Ich setzte mich auf eine Bank, auf dem Belker, und blicke \u00fcber unser Dorf. Wenn die Sonne dann \u00fcber unserem Dorf untergeht und unsere beiden Kirchen ruhig ihren Abendsegen auf unsere Heimat legen beschleicht mich ein Gef\u00fchl der Ruhe und Zufriedenheit. Genau in diesem Moment kann ich den Zauber erkennen. Stimmt, \u00fcber unserem Dorf liegt doch eine gewisse Magie. In diesen Augenblicken kann ich es sp\u00fcren. Ich gelange, in diesem Moment, zu der Erkenntnis, dass wir alle an diesem Ort aufstehen, gehen, fallen und laufen gelernt haben. Hier haben wir sprechen, fl\u00fcstern und schreien gelernt. Hier sind wir zudem geworden was wir wirklich sind. Wir sind gescheitert und hatten unsere ersten Erfolge. Dies gilt f\u00fcr die Alten und auch f\u00fcr unsere neuen Mitb\u00fcrger. Heimat ist Zuhause und Zuhause ist dort, wo man sich wohlf\u00fchlt und wo die eigene Familie lebt. Letztlich ist es das Leben, dass einen gewissen Zauber, eine Magie verspr\u00fcht. Letztlich ist es das was Wir daraus machen&#8230;..<\/p>\n\n\n\n<p class=\"wp-block-paragraph\" style=\"font-size:18px\"><strong>Heimat, Zuhause, \u201eDehemm\u201c, dass alles liegt in uns selbst. Tief drin<\/strong>.<strong>&#8230;..<\/strong><\/p>\n\n\n\n<p class=\"wp-block-paragraph\" style=\"font-size:18px\"><strong>Ist das nicht ein &#8222;echta&#8220; wunderbarer Zauber ?<\/strong><\/p>\n\n\n\n<div class=\"wp-block-image\"><figure class=\"aligncenter size-large\"><img loading=\"lazy\" decoding=\"async\" width=\"700\" height=\"494\" src=\"https:\/\/echta-derminga.de\/wp-content\/uploads\/2020\/06\/66-700x494.jpg\" alt=\"\" class=\"wp-image-6504\" srcset=\"https:\/\/echta-derminga.de\/wp-content\/uploads\/2020\/06\/66-700x494.jpg 700w, https:\/\/echta-derminga.de\/wp-content\/uploads\/2020\/06\/66-300x212.jpg 300w, https:\/\/echta-derminga.de\/wp-content\/uploads\/2020\/06\/66-768x541.jpg 768w, https:\/\/echta-derminga.de\/wp-content\/uploads\/2020\/06\/66.jpg 800w\" sizes=\"auto, (max-width: 700px) 100vw, 700px\" \/><\/figure><\/div>\n","protected":false},"excerpt":{"rendered":"<p>\u201eIch dr\u00fccke mein Gesicht an seine dunkle, warme Rinde und sp\u00fcre Heimat &#8211; und bin so uns\u00e4glich dankbar in diesem Augenblick. Deutsche NS-Widerstandsk\u00e4mpferin Sophie Scholl Liegt eine Magie oder ein gro\u00dfer Zauber \u00fcber unserem Dorf? Schwer vorstellbar und kaum zu glauben. Das Dorf besteht aus seinen Hauptadern, der B10 und dem Zusammenfluss der Ill und Alsbach. Die Ortsmitte ist in<\/p>\n","protected":false},"author":1,"featured_media":6499,"comment_status":"open","ping_status":"closed","sticky":false,"template":"","format":"standard","meta":{"_crdt_document":"","footnotes":""},"categories":[1,9],"tags":[839,5,618,321,809],"class_list":["post-6494","post","type-post","status-publish","format-standard","has-post-thumbnail","hentry","category-allgemein","category-dorfgetratsche","tag-dehemm","tag-dirmingen","tag-gemeinde-eppelborn","tag-heimat","tag-landkreis-neunkrichen"],"_links":{"self":[{"href":"https:\/\/echta-derminga.de\/index.php?rest_route=\/wp\/v2\/posts\/6494","targetHints":{"allow":["GET"]}}],"collection":[{"href":"https:\/\/echta-derminga.de\/index.php?rest_route=\/wp\/v2\/posts"}],"about":[{"href":"https:\/\/echta-derminga.de\/index.php?rest_route=\/wp\/v2\/types\/post"}],"author":[{"embeddable":true,"href":"https:\/\/echta-derminga.de\/index.php?rest_route=\/wp\/v2\/users\/1"}],"replies":[{"embeddable":true,"href":"https:\/\/echta-derminga.de\/index.php?rest_route=%2Fwp%2Fv2%2Fcomments&post=6494"}],"version-history":[{"count":24,"href":"https:\/\/echta-derminga.de\/index.php?rest_route=\/wp\/v2\/posts\/6494\/revisions"}],"predecessor-version":[{"id":6524,"href":"https:\/\/echta-derminga.de\/index.php?rest_route=\/wp\/v2\/posts\/6494\/revisions\/6524"}],"wp:featuredmedia":[{"embeddable":true,"href":"https:\/\/echta-derminga.de\/index.php?rest_route=\/wp\/v2\/media\/6499"}],"wp:attachment":[{"href":"https:\/\/echta-derminga.de\/index.php?rest_route=%2Fwp%2Fv2%2Fmedia&parent=6494"}],"wp:term":[{"taxonomy":"category","embeddable":true,"href":"https:\/\/echta-derminga.de\/index.php?rest_route=%2Fwp%2Fv2%2Fcategories&post=6494"},{"taxonomy":"post_tag","embeddable":true,"href":"https:\/\/echta-derminga.de\/index.php?rest_route=%2Fwp%2Fv2%2Ftags&post=6494"}],"curies":[{"name":"wp","href":"https:\/\/api.w.org\/{rel}","templated":true}]}}