{"id":6526,"date":"2020-06-14T14:49:27","date_gmt":"2020-06-14T13:49:27","guid":{"rendered":"http:\/\/echta-derminga.de\/?p=6526"},"modified":"2020-06-14T15:32:43","modified_gmt":"2020-06-14T14:32:43","slug":"vom-konfessionellen-kleinkrieg-in-unserem-heimatort-geschichte-der-blaukoepp-und-kreuzkoepp","status":"publish","type":"post","link":"https:\/\/echta-derminga.de\/?p=6526","title":{"rendered":"Vom Historisch Konfessionellen Kleinkrieg und einer gemeinsamen \u00d6kumenischen Zukunft in unserem Heimatort"},"content":{"rendered":"\n<p class=\"wp-block-paragraph\" style=\"font-size:18px\"><strong>Einer Studie des Freiburger Forschungszentrums Generationenvertr\u00e4ge aus dem Jahre 2019 zufolge k\u00f6nnten die Kirchen in Deutschland bis zum Jahr 2060 fast die H\u00e4lfte ihrer Mitglieder verlieren. Das christliche Abendland l\u00f6st sich langsam auf und ich gewinne mehr und mehr den Eindruck, dass auch die derzeitige Corona- Krise den Kirchen weitaus mehr Schaden zuf\u00fcgt als bisher abzusch\u00e4tzen.<\/strong><\/p>\n\n\n\n<p class=\"wp-block-paragraph\" style=\"font-size:18px\">Unsere beiden Kirchen schrumpfen auch deshalb, weil Kirchenmitglieder zwischen dem 25 und 40 Lebensjahr austreten und weil immer weniger Kinder getauft werden. Die Zukunft unserer beiden Kirchen sieht finster aus. Deutschland wird in absehbarer Zeit zu einem mehrheitlich s\u00e4kularen Land. Das hei\u00dft, nur noch jeder dritte Bundesb\u00fcrger wird in absehbarer Zeit Mitglied einer der heutigen Volkskirchen sein. In unserem Heimatort Dirmingen ist dies schon heute deutlich sp\u00fcrbar. Die Zahl der konfessionslosen Mitb\u00fcrgerinnen und Mitb\u00fcrger ist in den letzten Jahren stetig angestiegen. Wenn sich der Trend fortsetzt werden zuk\u00fcnftig weniger Kirchenmitglieder in unserem Dorf leben als Menschen, die keiner Konfession angeh\u00f6ren.<\/p>\n\n\n\n<div class=\"wp-block-image\"><figure class=\"aligncenter size-large\"><img loading=\"lazy\" decoding=\"async\" width=\"700\" height=\"484\" src=\"https:\/\/echta-derminga.de\/wp-content\/uploads\/2020\/06\/Andres-700x484.jpeg\" alt=\"\" class=\"wp-image-6531\" srcset=\"https:\/\/echta-derminga.de\/wp-content\/uploads\/2020\/06\/Andres-700x484.jpeg 700w, https:\/\/echta-derminga.de\/wp-content\/uploads\/2020\/06\/Andres-300x207.jpeg 300w, https:\/\/echta-derminga.de\/wp-content\/uploads\/2020\/06\/Andres-768x531.jpeg 768w, https:\/\/echta-derminga.de\/wp-content\/uploads\/2020\/06\/Andres.jpeg 900w\" sizes=\"auto, (max-width: 700px) 100vw, 700px\" \/><figcaption>Katholische M\u00e4dchen der Jahrg\u00e4nge 1918 bis 1920 mit Lehrerin Frl Andres<\/figcaption><\/figure><\/div>\n\n\n\n<p class=\"wp-block-paragraph\" style=\"font-size:18px\"><strong>Meine Meinung zu diesem Thema ist hinl\u00e4nglich bekannt und wurde auf diesen Seiten schon mehrmals befestigt. Es ist am Ende immer das, was wir daraus machen. Unsere Kinder m\u00fcssen, um bessere Menschen zu werden, kein Mitglied in einer Kirche sein. Wenn wir jedoch auf unsere Kultur und unsere Werte achten, stellen wir fest, dass unserer beiden Kirchen unseren Heimatort, unsere Geschichte und unsere Familien bis hierhin pr\u00e4gten. Alles \u00e4ndert sich und auch das Verh\u00e4ltnis der Sch\u00e4fchen zu ihrer Kirche ist heute ein anderes als noch vor 50 Jahren.<\/strong><\/p>\n\n\n\n<p class=\"wp-block-paragraph\" style=\"font-size:18px\">Eigentlich ist es paradox! Wir erheben Anspruch auf unser christliches Abendland und schimpfen \u00fcber den langsamen Einfluss anderer Religionen in unserem Land um dann post-wendet aus der Kirche aus zutreten. Fr\u00fcher war das anders, ganz anders. Das Verh\u00e4ltnis von Protestanten und Katholiken war \u00fcber viele Jahrzehnte gepr\u00e4gt von Hass und Abneigung. Auch bei uns im Dorf gibt es viele Beispiele und Anekdoten aus der Zeit, als sich die beiden in Dirmingen vorhandene Konfessionen nicht ausstehen konnten.<\/p>\n\n\n\n<p class=\"wp-block-paragraph\" style=\"font-size:18px\"><strong>W\u00e4hrend meiner Heimatforschung erz\u00e4hlten mir einige \u00e4ltere Mitb\u00fcrger von ihren Erlebnissen. Dabei darf man keine der beiden Konfessionen von Fehlern freisprechen. W\u00e4hrend die Katholiken am Karfreitag ihre W\u00e4sche wuschen und aufhingen, fuhren die protestantischen Bauern am Fronleichnam den Mist aus. Am schlimmsten traf es jedoch die Kinder. An den eigenen Schutzbefohlenen lie\u00df man den Hass auf seinen Nachbarn aus. Die Kinder wurden in der Abneigung zur anderen Konfession erzogen und mussten getrennt zur Schule gehen. W\u00e4hrend vor dem zweiten Weltkrieg die evangelische Schule in der Ortsmitte vor der Evangelischen Kirche stand, wurde sp\u00e4ter eine katholische Volksschule zun\u00e4chst in der heutigen Stra\u00dfe \u201eZur alten M\u00fchle\u201c und sp\u00e4ter auf dem &#8222;G\u00e4nseberg&#8220; errichtet. Auch die heutige Schule f\u00fcr &#8222;Geistig behinderte Menschen&#8220; auf dem Rothenberg war fr\u00fcher eine katholische Volksschule.<\/strong> <strong>Kinder durften nicht miteinander spielen und pr\u00fcgelten sich aufgrund ihrer Konfessionszugeh\u00f6rigkeit. Hat das im \u00fcbertreibenden Sinne nicht eine gewisse, schreckliche \u00c4hnlichkeit zum Rassismus?<\/strong><\/p>\n\n\n\n<div class=\"wp-block-image\"><figure class=\"aligncenter size-large\"><img loading=\"lazy\" decoding=\"async\" width=\"700\" height=\"435\" src=\"https:\/\/echta-derminga.de\/wp-content\/uploads\/2020\/06\/alt-schul-Kopie-700x435.jpg\" alt=\"\" class=\"wp-image-6533\" srcset=\"https:\/\/echta-derminga.de\/wp-content\/uploads\/2020\/06\/alt-schul-Kopie-700x435.jpg 700w, https:\/\/echta-derminga.de\/wp-content\/uploads\/2020\/06\/alt-schul-Kopie-300x187.jpg 300w, https:\/\/echta-derminga.de\/wp-content\/uploads\/2020\/06\/alt-schul-Kopie-768x478.jpg 768w, https:\/\/echta-derminga.de\/wp-content\/uploads\/2020\/06\/alt-schul-Kopie.jpg 1084w\" sizes=\"auto, (max-width: 700px) 100vw, 700px\" \/><figcaption>Konfirmationsgruppe Jahrgang 1912 mit Pfarrer Langensiepen<\/figcaption><\/figure><\/div>\n\n\n\n<p class=\"wp-block-paragraph\" style=\"font-size:18px\">Im Rheinland nennt man die Protestanten noch heute gerne &#8222;Blaukopp&#8220;. Die Katholiken hingegen wurden im Dorf &#8222;Kreuzkopp&#8220; oder &#8222;Schwarzkopp\u201c genannt. Der Begriff &#8222;Blaukopp\u201c stammt wohl aus der Zeit nach der Aufl\u00f6sung des alten Reiches und dem Ende der franz\u00f6sischen Besatzung. Andere hingegen vertreten die Auffassung, dass der Begriff \u00bbBlaukopp\u00ab schon w\u00e4hrend des Drei\u00dfigj\u00e4hrigen Krieges f\u00fcr die Schweden mit ihren blaustichigen Helmen verwendet wurde. Wahrscheinlich ist aber, dass mit &#8222;Blaukopp&#8220; tats\u00e4chlich protestantische Preu\u00dfen gemeint waren. Letztendlich d\u00fcrften die preu\u00dfisch-blau gef\u00e4rbten Uniform-R\u00f6cke der Soldaten namens-gebend gewesen sein. Sp\u00e4testens seit den Befreiungskriegen 1813\/15 wurden die Preu\u00dfen auch im Rheinland mit dieser typischen Farbe identifiziert. Bis heute ist ein &#8222;Blaukopp&#8220; im Rheinland und somit auch im Saarland ein Protestant.<\/p>\n\n\n\n<p class=\"wp-block-paragraph\" style=\"font-size:18px\"><strong>Der Konfessionelle Kleinkrieg gewann nicht nur in Schulangelegenheiten, sondern auch in der Ehe immer mehr die \u00dcberhand. Der schreckliche Begriff der Mischehe gewann mehr und mehr an Bedeutung. Dieses sensible Thema reichte bis weit ins 20 Jahrhundert. Wollte ein Protestant beispielsweise ein katholisches M\u00e4dchen heiraten, f\u00fchrte das zwangsl\u00e4ufig zu einem echten Drama. Im schlimmsten Fall wurde ein katholisches M\u00e4dchen nach ihrer Heirat mit einem Protestanten exkommuniziert. Das Ganze wurde dann noch damit verdeutlicht, dass die Gute in ihrer Gemeinde weggel\u00e4utet wurde.<\/strong> <strong>In meiner Familie hat sich dies genau so ereignet. Meine Mutter wurde aufgrund ihrer Ehe mit meinem Vater, der zu der Evangelischen Kirche geh\u00f6rt, exkommuniziert. Gewonnen wurde damit \u00fcberhaupt nichts und die Gr\u00e4ben wurden eher noch vertieft. Meine Mutter konnte der katholischen Kirche lange Zeit nicht verzeihen.<\/strong> <strong>Heute ist das gottlob Geschichte !<\/strong><\/p>\n\n\n\n<div class=\"wp-block-image\"><figure class=\"aligncenter size-large\"><img loading=\"lazy\" decoding=\"async\" width=\"700\" height=\"437\" src=\"https:\/\/echta-derminga.de\/wp-content\/uploads\/2020\/06\/37-Kopie-700x437.jpg\" alt=\"\" class=\"wp-image-6536\" srcset=\"https:\/\/echta-derminga.de\/wp-content\/uploads\/2020\/06\/37-Kopie-700x437.jpg 700w, https:\/\/echta-derminga.de\/wp-content\/uploads\/2020\/06\/37-Kopie-300x187.jpg 300w, https:\/\/echta-derminga.de\/wp-content\/uploads\/2020\/06\/37-Kopie-768x480.jpg 768w, https:\/\/echta-derminga.de\/wp-content\/uploads\/2020\/06\/37-Kopie.jpg 900w\" sizes=\"auto, (max-width: 700px) 100vw, 700px\" \/><figcaption>Evangelischer Kindergarten um die 1930-ger Jahre vor der Ev. Kirche<\/figcaption><\/figure><\/div>\n\n\n\n<p class=\"wp-block-paragraph\" style=\"font-size:18px\">Nach dem Wiener Kongress von 1815 entstanden konfessionell gemischte L\u00e4nder. Im 19. Jahrhundert bilden sich immer mehr D\u00f6rfer mit eigenen Schulen und Vereinen. Ziel war es m\u00f6glichst wenig miteinander zu tun zu haben. In Dirmingen entstand erst um das Jahr 1911 und damit relativ sp\u00e4t eine katholische Kirchengemeinde. W\u00e4hrend f\u00fcr die Katholiken die Protestanten alleine die Schuld an der religi\u00f6sen, politischen Spaltung und am Sittenverfall hatten, hielten die Protestanten die Katholiken f\u00fcr faul, schmuddelig und vaterlandslos. Aus Sicht der Evangelischen Christen waren die Katholiken dumme Gefolgsleute des Papstes ohne eigene Meinung.<\/p>\n\n\n\n<p class=\"wp-block-paragraph\" style=\"font-size:18px\"><strong>Heute hat sich das Ganze entspannt. Die beiden Kirchen suchen mehr und mehr die \u00d6kumene und haben weitaus andere Sorgen. Immer mehr Menschen wenden sich ab und treten aus der Kirche aus. Die Folgen dieser Entwicklung sind heute noch nicht absehbar, wobei sie schon jetzt nichts Gutes verhei\u00dfen.<\/strong><\/p>\n\n\n\n<p class=\"wp-block-paragraph\" style=\"font-size:18px\">Wohin f\u00fchrt also der Weg der beiden gro\u00dfen Volkskirchen? Man bekommt immer das, was man verdient. Die Erziehung unserer Kinder spielt bei der Entwicklung unseres Landes eine gewichtige Rolle. Nat\u00fcrlich braucht man keine Mitgliedschaft in einer Kirche, um ein guter Mensch zu sein. Man muss auch nicht eine Mitgliedschaft anstreben, um zu glauben oder zu beten. Gegenseitiger Respekt und N\u00e4chstenliebe k\u00f6nnen auch fernab einer kirchlichen Institution entstehen.<\/p>\n\n\n\n<div class=\"wp-block-image\"><figure class=\"aligncenter size-large\"><img loading=\"lazy\" decoding=\"async\" width=\"700\" height=\"467\" src=\"https:\/\/echta-derminga.de\/wp-content\/uploads\/2020\/06\/volks-700x467.jpg\" alt=\"\" class=\"wp-image-6539\" srcset=\"https:\/\/echta-derminga.de\/wp-content\/uploads\/2020\/06\/volks-700x467.jpg 700w, https:\/\/echta-derminga.de\/wp-content\/uploads\/2020\/06\/volks-300x200.jpg 300w, https:\/\/echta-derminga.de\/wp-content\/uploads\/2020\/06\/volks-768x512.jpg 768w, https:\/\/echta-derminga.de\/wp-content\/uploads\/2020\/06\/volks-120x80.jpg 120w, https:\/\/echta-derminga.de\/wp-content\/uploads\/2020\/06\/volks.jpg 900w\" sizes=\"auto, (max-width: 700px) 100vw, 700px\" \/><figcaption>Katholische Volksschule auf dem Rothenberg<\/figcaption><\/figure><\/div>\n\n\n\n<p class=\"wp-block-paragraph\" style=\"font-size:18px\">Was aber ist mit unserer vielzitierten Kultur und den ach&#8216; so wichtigen Werten?<\/p>\n\n\n\n<p class=\"wp-block-paragraph\" style=\"font-size:18px\"><strong>Ich glaube, dass der Mitgliederschwund der beiden Kirchen zwangsl\u00e4ufig auch unsere Heimat und unser Weltbild ver\u00e4ndert. Unsere V\u00e4ter und M\u00fctter haben den beiden Volkskirchen viel Gutes aber auch viel Leid zu verdanken. Die Kirche war immer Heimat und Zufluchtsort sowie Hoffnung und Mutmacher. Die Kirche war aber auch immer erhobener Zeigefinger, Kl\u00e4ger und Richter. Gerade unsere Kinder haben darunter mehr gelitten als Erwachsene.<\/strong><\/p>\n\n\n\n<p class=\"wp-block-paragraph\" style=\"font-size:18px\">Die Geschichte unseres Heimatortes ist gepr\u00e4gt von dem gespannten Verh\u00e4ltnis zwischen Katholiken und Protestanten. Ein altes Kreuz auf dem Dirminger Friedhof steht noch heute als Mahnmal f\u00fcr den jahrzehntelangen Streit zwischen Katholiken und Protestanten. Das ganze Drama spiegelte sich lange Zeit sogar in den Vereinen und in der Politik wider. Fu\u00dfballer waren Katholisch, Handballer waren Evangelisch, die CDU tendierte zu der katholischen Kirche und die SPD zu der Evangelischen. Auch das hat sich gottlob ver\u00e4ndert!<\/p>\n\n\n\n<p class=\"wp-block-paragraph\" style=\"font-size:18px\">Am Ende gibt es jedoch auch vers\u00f6hnliche Beispiele. Das Verh\u00e4ltnis der ehemaligen Pfarrer Engel und Didas oder Arneth und Roberts haben daf\u00fcr Sorge getragen das es besser wurde. Auch das nach der Zerst\u00f6rung der katholischen Pfarrkirche im zweiten Weltkrieg durchgef\u00fchrte Simultaneum wird noch heute vielerorts lebend hervorgehoben.<\/p>\n\n\n\n<div class=\"wp-block-image\"><figure class=\"aligncenter size-large\"><img loading=\"lazy\" decoding=\"async\" width=\"700\" height=\"482\" src=\"https:\/\/echta-derminga.de\/wp-content\/uploads\/2020\/06\/38-Kopie-700x482.jpeg\" alt=\"\" class=\"wp-image-6541\" srcset=\"https:\/\/echta-derminga.de\/wp-content\/uploads\/2020\/06\/38-Kopie-700x482.jpeg 700w, https:\/\/echta-derminga.de\/wp-content\/uploads\/2020\/06\/38-Kopie-300x207.jpeg 300w, https:\/\/echta-derminga.de\/wp-content\/uploads\/2020\/06\/38-Kopie-768x529.jpeg 768w, https:\/\/echta-derminga.de\/wp-content\/uploads\/2020\/06\/38-Kopie.jpeg 800w\" sizes=\"auto, (max-width: 700px) 100vw, 700px\" \/><figcaption>Evangelische Kindergarten-und Schulkinder mit Pfarrer Engel<\/figcaption><\/figure><\/div>\n\n\n\n<p class=\"wp-block-paragraph\" style=\"font-size:18px\"><strong>Evangelische und Katholische Christen leben in Respekt und W\u00fcrde Miteinander in einem Dorf und teilen sich ein Gotteshaus. Ich kann mir diesbez\u00fcglich keinen sch\u00f6neren Gedanken vorstellen.<\/strong><\/p>\n\n\n\n<p class=\"wp-block-paragraph\" style=\"font-size:18px\"><strong>Die Zeichen stehen auf mehr \u00d6kumene. Zeit neue Wege zu gehen und Gemeinsamkeiten zu suchen. Am Ende k\u00f6nnte dieser Weg den beiden Volkskirchen dienen. Manchmal muss es wehtun bevor es besser wird.<\/strong><\/p>\n\n\n\n<p class=\"wp-block-paragraph\" style=\"font-size:18px\"><strong>Am Sonntag, 28. Juni wird in Bezug auf eine gute gepflegte \u00d6kumene ein weiterer Meilenstein gesetzt. Im Rosengarten des Freizeitzentrums Finkenrech findet ein \u00f6kumenischer Gottesdienst mit Pfarrer Harro Eder und der katholischen Gemeindereferentin Frau Anne Haan statt. Beginn ist um 10:00 Uhr wobei Anmeldungen aufgrund der vorgegebenen Hygienevorgaben unbedingt erforderlich sind.<\/strong> <strong>Ich pers\u00f6nlich freue mich auf diesen besonderen Gottesdienst<\/strong> <strong>und auf eine gute gemeinsame Zukunft<\/strong>.<strong> Schlie\u00dflich beten wir alle den gleichen Gott an und stammen alle aus diesem wunderbaren Dorf !<\/strong><\/p>\n\n\n\n<div class=\"wp-block-image\"><figure class=\"aligncenter size-large\"><img loading=\"lazy\" decoding=\"async\" width=\"591\" height=\"670\" src=\"https:\/\/echta-derminga.de\/wp-content\/uploads\/2020\/06\/\u00d6kumene-erleben.png\" alt=\"\" class=\"wp-image-6549\" srcset=\"https:\/\/echta-derminga.de\/wp-content\/uploads\/2020\/06\/\u00d6kumene-erleben.png 591w, https:\/\/echta-derminga.de\/wp-content\/uploads\/2020\/06\/\u00d6kumene-erleben-265x300.png 265w\" sizes=\"auto, (max-width: 591px) 100vw, 591px\" \/><\/figure><\/div>\n","protected":false},"excerpt":{"rendered":"<p>Einer Studie des Freiburger Forschungszentrums Generationenvertr\u00e4ge aus dem Jahre 2019 zufolge k\u00f6nnten die Kirchen in Deutschland bis zum Jahr 2060 fast die H\u00e4lfte ihrer Mitglieder verlieren. Das christliche Abendland l\u00f6st sich langsam auf und ich gewinne mehr und mehr den Eindruck, dass auch die derzeitige Corona- Krise den Kirchen weitaus mehr Schaden zuf\u00fcgt als bisher abzusch\u00e4tzen. Unsere beiden Kirchen schrumpfen<\/p>\n","protected":false},"author":1,"featured_media":6527,"comment_status":"open","ping_status":"closed","sticky":false,"template":"","format":"standard","meta":{"_crdt_document":"","footnotes":""},"categories":[1,47,8],"tags":[618,840],"class_list":["post-6526","post","type-post","status-publish","format-standard","has-post-thumbnail","hentry","category-allgemein","category-meine-kirche","category-sellemols-und-awweile","tag-gemeinde-eppelborn","tag-konfession"],"_links":{"self":[{"href":"https:\/\/echta-derminga.de\/index.php?rest_route=\/wp\/v2\/posts\/6526","targetHints":{"allow":["GET"]}}],"collection":[{"href":"https:\/\/echta-derminga.de\/index.php?rest_route=\/wp\/v2\/posts"}],"about":[{"href":"https:\/\/echta-derminga.de\/index.php?rest_route=\/wp\/v2\/types\/post"}],"author":[{"embeddable":true,"href":"https:\/\/echta-derminga.de\/index.php?rest_route=\/wp\/v2\/users\/1"}],"replies":[{"embeddable":true,"href":"https:\/\/echta-derminga.de\/index.php?rest_route=%2Fwp%2Fv2%2Fcomments&post=6526"}],"version-history":[{"count":28,"href":"https:\/\/echta-derminga.de\/index.php?rest_route=\/wp\/v2\/posts\/6526\/revisions"}],"predecessor-version":[{"id":6562,"href":"https:\/\/echta-derminga.de\/index.php?rest_route=\/wp\/v2\/posts\/6526\/revisions\/6562"}],"wp:featuredmedia":[{"embeddable":true,"href":"https:\/\/echta-derminga.de\/index.php?rest_route=\/wp\/v2\/media\/6527"}],"wp:attachment":[{"href":"https:\/\/echta-derminga.de\/index.php?rest_route=%2Fwp%2Fv2%2Fmedia&parent=6526"}],"wp:term":[{"taxonomy":"category","embeddable":true,"href":"https:\/\/echta-derminga.de\/index.php?rest_route=%2Fwp%2Fv2%2Fcategories&post=6526"},{"taxonomy":"post_tag","embeddable":true,"href":"https:\/\/echta-derminga.de\/index.php?rest_route=%2Fwp%2Fv2%2Ftags&post=6526"}],"curies":[{"name":"wp","href":"https:\/\/api.w.org\/{rel}","templated":true}]}}