{"id":6563,"date":"2020-06-14T17:11:21","date_gmt":"2020-06-14T16:11:21","guid":{"rendered":"http:\/\/echta-derminga.de\/?p=6563"},"modified":"2020-06-14T17:42:06","modified_gmt":"2020-06-14T16:42:06","slug":"in-sachen-ortsvorsteher-vom-naherholungsgebiet-steinrutsch-neuen-bankpaten-und-einer-aufstiegsfeier","status":"publish","type":"post","link":"https:\/\/echta-derminga.de\/?p=6563","title":{"rendered":"In Sachen Ortsvorsteher: Vom Naherholungsgebiet &#8222;Steinrutsch&#8220;, neuen Bankpaten und einer Aufstiegsfeier"},"content":{"rendered":"\n<p class=\"wp-block-paragraph\" style=\"font-size:18px\"><strong>Liebe Dirmingerinnen,<\/strong><\/p>\n\n\n\n<p class=\"wp-block-paragraph\" style=\"font-size:18px\"><strong>liebe Dirminger,<\/strong><\/p>\n\n\n\n<p class=\"wp-block-paragraph\" style=\"font-size:18px\">die letzte Woche begann mit traurigen Nachrichten. Nachdem zuerst der \u201eTag der offenen T\u00fcr\u201c unseres L\u00f6schbezirks Dirmingen offiziell abgesagt wurde, verk\u00fcndigte der Vorstand des TV 04 Dirmingen nur wenige Tage sp\u00e4ter das Aus f\u00fcr das diesj\u00e4hrige Handballspektakel \u201eUDSH\u201c. Unser traditionsreiches Hobby-Fu\u00dfballturnier \u201eUDSF\u201c wurde bereits im Mai abgesagt. Es ist zu bef\u00fcrchten, dass weitere Vereine und Organisationen ihre Veranstaltungen f\u00fcr das laufende Jahr 2020 aufgrund der Pandemie absagen. Unserem Heimatort Dirmingen tut diese Entwicklung nat\u00fcrlich keineswegs gut. Immerhin hat die Evangelische Kirchengemeinde Dirmingen wieder mit der Durchf\u00fchrung von Gottesdiensten begonnen. Wenn diese auch nur unter strengen Hygienevorgaben stattfinden, so sind sie doch ein kleiner Schritt zur\u00fcck in die Normalit\u00e4t. Ich bin mir sicher, dass demn\u00e4chst auch unsere katholischen Mitb\u00fcrger wieder ihre Messe feiern k\u00f6nnen.<\/p>\n\n\n\n<p class=\"wp-block-paragraph\" style=\"font-size:18px\"><strong>Ehrenamtliche Bankpaten gefunden<\/strong><\/p>\n\n\n\n<p class=\"wp-block-paragraph\" style=\"font-size:18px\">Mit Rudi Konetzka und Josef Wilhelm haben wir binnen k\u00fcrzester Zeit zwei neue ehrenamtliche Bankpaten f\u00fcr unseren Heimatort gefunden. Die beiden Dirminger werden sich zun\u00e4chst um die B\u00e4nke auf dem Belker k\u00fcmmern. Nach und nach sollen die auf unserem Bann vorhandenen B\u00e4nke wieder auf Vordermann gebracht werden. Mit Sicherheit gibt es f\u00fcr die beiden Bankpaten so einiges zu tun. Gerne stehen Josef Wilhelm und Rudi Konetzka bei Anfragen Rede und Antwort. Sollten Sie Fragen oder Verbesserungsvorschl\u00e4ge bez\u00fcglich unserer in Dirmingen vorhandenen B\u00e4nke haben, k\u00f6nnen sie die beiden jederzeit telefonisch kontaktieren. Sollte eine ihnen bekannte Bank erhebliche M\u00e4ngel aufweisen, k\u00f6nnen Sie ebenfalls jederzeit anrufen. Ich m\u00f6chte den beiden neuen Bankpaten  an dieser Stelle herzlich f\u00fcr ihr ehrenamtliches Engagement danken. Ich w\u00fcnsche viel Erfolg und Spa\u00df am Ehrenamt. Besonders Stolz bin ich auf die Tatsache, dass es uns gelungen ist einen &#8222;neuen&#8220; und einen alteingesessenen Dirminger B\u00fcrger f\u00fcr dieses Ehrenamt zu gewinnen. Rudi Konetzka hat vor einigen Jahren ein Haus im Siedlungsgebiet &#8222;Am Rothenberg&#8220; erbaut. Josef Wilhelm alias &#8222;Schuhhannesse-Sepp&#8220; hingegen d\u00fcrfte den meisten Dirmingerinnen und Dirmingern hinl\u00e4nglich bekannt sein. Ich finde die beiden bilden ein engagiertes Team ! <strong>Wilhelm Josef: 0177 5836440, Rudi Konetzka: 0178 8882307<\/strong><\/p>\n\n\n\n<div class=\"wp-block-image\"><figure class=\"aligncenter size-large\"><img loading=\"lazy\" decoding=\"async\" width=\"700\" height=\"466\" src=\"https:\/\/echta-derminga.de\/wp-content\/uploads\/2020\/06\/33-1-700x466.jpg\" alt=\"\" class=\"wp-image-6567\" srcset=\"https:\/\/echta-derminga.de\/wp-content\/uploads\/2020\/06\/33-1-700x466.jpg 700w, https:\/\/echta-derminga.de\/wp-content\/uploads\/2020\/06\/33-1-300x200.jpg 300w, https:\/\/echta-derminga.de\/wp-content\/uploads\/2020\/06\/33-1-768x511.jpg 768w, https:\/\/echta-derminga.de\/wp-content\/uploads\/2020\/06\/33-1-120x80.jpg 120w, https:\/\/echta-derminga.de\/wp-content\/uploads\/2020\/06\/33-1.jpg 796w\" sizes=\"auto, (max-width: 700px) 100vw, 700px\" \/><figcaption>Schutzh\u00fctte &#8222;zur Sch\u00f6nen Aussicht&#8220; birgt Gefahren.<\/figcaption><\/figure><\/div>\n\n\n\n<p class=\"wp-block-paragraph\" style=\"font-size:18px\"><strong>Schutzh\u00fctte<\/strong> <strong>\u201eZur Sch\u00f6ne Aussicht\u201c im Naherholungsgebiet \u201eSteinrausche\u201c birgt Gefahren<\/strong><\/p>\n\n\n\n<p class=\"wp-block-paragraph\" style=\"font-size:18px\">Der Dirminger Ortsrat hat sich w\u00e4hrend seiner letzten Sitzung am Montag, 08. Juni mit dem Zustand des Naherholungsgebietes Steinrausch besch\u00e4ftigt. Das Gremium war sich dar\u00fcber einig, dass diesbez\u00fcglich unbedingt gehandelt werden sollte. T\u00e4glich nutzten zahlreiche Menschen das sch\u00f6ne Waldgebiet rund um die Steinrausche zur Naherholung. Im Laufe der Jahre ist nun ein Sanierungsstau entstanden. Der aktuelle Zustand der Wassertretanlage, des alten Ehrenmals und der Schutzh\u00fctte \u201eSch\u00f6ne Aussicht\u201c ist erschreckend. Der Ortsrat pl\u00e4diert einm\u00fctig f\u00fcr den Erhalt der Nutzfl\u00e4che des Ehrenmals, um dort eine neue Anlaufstelle f\u00fcr Wanderer und Spazierg\u00e4nger zu schaffen. Die Wassertretanlage sollte aus Sicht des Ortsrates \u00f6fters gereinigt werden und die in die Jahre gekommene Schutzh\u00fctte sollte abgebrochen werden. Die Entscheidung die Schutzh\u00fctte \u201eZur sch\u00f6nen Aussicht\u201c abzubrechen ist dem Ortsrat keineswegs leicht-gefallen. Leider gibt es inzwischen auch Seitens der Gemeindeverwaltung erhebliche Sicherheitsbedenken. Die H\u00fctte br\u00e4uchte dringend eine Grundsanierung. Nachdem es schon seit vielen Jahren keinen Pflegepaten mehr gibt, hat der Zustand der H\u00fctte enorm nachgelassen. Das ist sehr schade aber leider nicht zu \u00e4ndern. Die Sicherheit der Menschen hat Vorrang. Vielleicht gelingt es uns eine neue Anlaufstelle auf der Fl\u00e4che des alten Ehrenmals zu erschaffen.<\/p>\n\n\n\n<p class=\"wp-block-paragraph\" style=\"font-size:18px\"><strong>SVD -Frauen feiern Aufstieg in die Regionalliga<\/strong><\/p>\n\n\n\n<p class=\"wp-block-paragraph\" style=\"font-size:18px\">Gute Nachrichten vom Belker! Die Frauen unseres SV Dirmingen steigen nach der Entscheidung des  SFV Verbandstages, am Dienstag,09. Juni 2020, in die Regionalliga auf. Zuvor hatten die Vereine auf dem ersten virtuellen Verbandstag beschlossen, dass die laufende Saison abgebrochen werden und der jeweilige Tabellenf\u00fchrer aufsteigen und der Tabellenletzte absteigen sollte. Mit diesem Votum konnten auch die Frauen des SVD ihren Titelgewinn mit dem Aufstieg in die Regionalliga feiern. Die Regionalliga ist f\u00fcr unsere Frauenmannschaft keineswegs Neuland. Bereits vor Jahren spielte der SVD in dieser Spielklasse. Ich m\u00f6chte auch an dieser Stelle der Frauenmannschaft vom SV Dirmingen ganz herzlich zum Aufstieg gratulieren. Meine Gl\u00fcckw\u00fcnsche gehen an Team, Trainergespann, Betreuer und den gesamten Anhang. Ich w\u00fcnsche dem SVD f\u00fcr die neue Spielzeit alles erdenklich Gute. Bleibt zu hoffen, dass recht bald die \u201eerste Mannschaft\u201c des Vereins nachzieht. Mit ihrem diesj\u00e4hrigen zweiten Platz hat die Belkerelf bereits ein Zeichen gesetzt.<\/p>\n\n\n\n<div class=\"wp-block-image\"><figure class=\"aligncenter size-large\"><img loading=\"lazy\" decoding=\"async\" width=\"700\" height=\"564\" src=\"https:\/\/echta-derminga.de\/wp-content\/uploads\/2020\/06\/111-1-700x564.jpg\" alt=\"\" class=\"wp-image-6570\" srcset=\"https:\/\/echta-derminga.de\/wp-content\/uploads\/2020\/06\/111-1-700x564.jpg 700w, https:\/\/echta-derminga.de\/wp-content\/uploads\/2020\/06\/111-1-300x242.jpg 300w, https:\/\/echta-derminga.de\/wp-content\/uploads\/2020\/06\/111-1-768x619.jpg 768w, https:\/\/echta-derminga.de\/wp-content\/uploads\/2020\/06\/111-1.jpg 917w\" sizes=\"auto, (max-width: 700px) 100vw, 700px\" \/><figcaption>Frauenmannschaft des SV Dirmingen feiert Aufstieg in Regionalliga<\/figcaption><\/figure><\/div>\n\n\n\n<p class=\"wp-block-paragraph\" style=\"font-size:18px\"><strong>Nachbarschaftshilfegruppe weiterhin startklar!<\/strong><\/p>\n\n\n\n<p class=\"wp-block-paragraph\" style=\"font-size:18px\">Abschlie\u00dfend m\u00f6chte ich Sie daran erinnern, dass unsere Nachbarschaftshilfegruppe immer noch aktiv zur Verf\u00fcgung steht. Sollten Sie die Hilfe der ehrenamtlichen Helferinnen und Helfer ben\u00f6tigen, k\u00f6nnen sie mich gerne zu jeder Zeit telefonisch erreichen. Wir stehen weiterhin gerne f\u00fcr Besorgungen, Eink\u00e4ufe und Beh\u00f6rdeng\u00e4nge zur Verf\u00fcgung. Auch die selbstgemachten Mundschutzbehelfsmasken werden weiterhin kostenlos verteilt. Auch diesbez\u00fcglich k\u00f6nnen Sie mich gerne kontaktieren.<\/p>\n\n\n\n<p class=\"wp-block-paragraph\" style=\"font-size:18px\"><strong>Bitte denken Sie immer daran:\u201c\u2026\u2026es \u00e4ndert sich nichts, wenn wir es nicht \u00e4ndern\u201c.<\/strong><\/p>\n\n\n\n<p class=\"wp-block-paragraph\" style=\"font-size:18px\"><strong>Ihr Ortsvorsteher<\/strong><\/p>\n\n\n\n<p class=\"wp-block-paragraph\" style=\"font-size:18px\"><strong>Frank Klein<\/strong><\/p>\n","protected":false},"excerpt":{"rendered":"<p>Liebe Dirmingerinnen, liebe Dirminger, die letzte Woche begann mit traurigen Nachrichten. Nachdem zuerst der \u201eTag der offenen T\u00fcr\u201c unseres L\u00f6schbezirks Dirmingen offiziell abgesagt wurde, verk\u00fcndigte der Vorstand des TV 04 Dirmingen nur wenige Tage sp\u00e4ter das Aus f\u00fcr das diesj\u00e4hrige Handballspektakel \u201eUDSH\u201c. Unser traditionsreiches Hobby-Fu\u00dfballturnier \u201eUDSF\u201c wurde bereits im Mai abgesagt. Es ist zu bef\u00fcrchten, dass weitere Vereine und Organisationen<\/p>\n","protected":false},"author":1,"featured_media":6566,"comment_status":"open","ping_status":"closed","sticky":false,"template":"","format":"standard","meta":{"_crdt_document":"","footnotes":""},"categories":[1,812],"tags":[5,618,127,310],"class_list":["post-6563","post","type-post","status-publish","format-standard","has-post-thumbnail","hentry","category-allgemein","category-ortsvorsteher-dirmingen","tag-dirmingen","tag-gemeinde-eppelborn","tag-landkreis-neunkirchen","tag-saarland"],"_links":{"self":[{"href":"https:\/\/echta-derminga.de\/index.php?rest_route=\/wp\/v2\/posts\/6563","targetHints":{"allow":["GET"]}}],"collection":[{"href":"https:\/\/echta-derminga.de\/index.php?rest_route=\/wp\/v2\/posts"}],"about":[{"href":"https:\/\/echta-derminga.de\/index.php?rest_route=\/wp\/v2\/types\/post"}],"author":[{"embeddable":true,"href":"https:\/\/echta-derminga.de\/index.php?rest_route=\/wp\/v2\/users\/1"}],"replies":[{"embeddable":true,"href":"https:\/\/echta-derminga.de\/index.php?rest_route=%2Fwp%2Fv2%2Fcomments&post=6563"}],"version-history":[{"count":13,"href":"https:\/\/echta-derminga.de\/index.php?rest_route=\/wp\/v2\/posts\/6563\/revisions"}],"predecessor-version":[{"id":6580,"href":"https:\/\/echta-derminga.de\/index.php?rest_route=\/wp\/v2\/posts\/6563\/revisions\/6580"}],"wp:featuredmedia":[{"embeddable":true,"href":"https:\/\/echta-derminga.de\/index.php?rest_route=\/wp\/v2\/media\/6566"}],"wp:attachment":[{"href":"https:\/\/echta-derminga.de\/index.php?rest_route=%2Fwp%2Fv2%2Fmedia&parent=6563"}],"wp:term":[{"taxonomy":"category","embeddable":true,"href":"https:\/\/echta-derminga.de\/index.php?rest_route=%2Fwp%2Fv2%2Fcategories&post=6563"},{"taxonomy":"post_tag","embeddable":true,"href":"https:\/\/echta-derminga.de\/index.php?rest_route=%2Fwp%2Fv2%2Ftags&post=6563"}],"curies":[{"name":"wp","href":"https:\/\/api.w.org\/{rel}","templated":true}]}}