{"id":6581,"date":"2020-06-19T20:25:01","date_gmt":"2020-06-19T19:25:01","guid":{"rendered":"http:\/\/echta-derminga.de\/?p=6581"},"modified":"2020-06-19T20:28:59","modified_gmt":"2020-06-19T19:28:59","slug":"brandstiftung-und-politische-grabenkaempfe-bedeuteten-das-aus-des-jugendzentrums-in-dirmingen","status":"publish","type":"post","link":"https:\/\/echta-derminga.de\/?p=6581","title":{"rendered":"Brandstiftung und politische Grabenk\u00e4mpfe bedeuteten das &#8222;AUS&#8220; f\u00fcr das Jugendzentrum Dirmingen"},"content":{"rendered":"\n<p class=\"wp-block-paragraph\" style=\"font-size:18px\">Heute verf\u00fcgt unser Heimatort \u00fcber ein recht gut organisiertes Jugendzentrum im ehemaligen evangelischen Kindergarten \u201eAm Render\u201c. Sollte dieses Geb\u00e4ude irgendwann von der evangelischen Kirchengemeinde ver\u00e4u\u00dfert werden, fehlt der Dirminger Jugend wieder eine Anlaufstelle. Bereits im Jahre 2009 wurde ein Jugendtreff in der \u201eAlten Scheune\u201c Dirmingen eingerichtet. Als bekannt wurde, dass die \u201eScheune&#8220; mitsamt dem evangelischen Pfarrhaus verkauft werden sollte, musste ein neuer Raum gefunden werden. Mit Unterst\u00fctzung der Evangelischen Kirchengemeinde Dirmingen fanden die Jugendlichen damals im alten Kindergarten eine neue Bleibe. Jugend ohne Raum &#8211; das geht gar nicht! Dennoch mussten unsere Jugendlichen immer wieder um ihre Anlaufstelle k\u00e4mpfen. Dirmingen und seine Jugendzentren, eine &#8222;Neverending Story&#8220;!<\/p>\n\n\n\n<div class=\"wp-block-image\"><figure class=\"aligncenter size-large\"><img loading=\"lazy\" decoding=\"async\" width=\"577\" height=\"317\" src=\"https:\/\/echta-derminga.de\/wp-content\/uploads\/2020\/06\/das.jpeg\" alt=\"\" class=\"wp-image-6588\" srcset=\"https:\/\/echta-derminga.de\/wp-content\/uploads\/2020\/06\/das.jpeg 577w, https:\/\/echta-derminga.de\/wp-content\/uploads\/2020\/06\/das-300x165.jpeg 300w\" sizes=\"auto, (max-width: 577px) 100vw, 577px\" \/><\/figure><\/div>\n\n\n\n<p class=\"wp-block-paragraph\" style=\"font-size:18px\"><strong>Im Jahre 1973 wurde der Verein \u201eSelbstverwaltetes Jugendzentrum Dirmingen e.V&#8220; gegr\u00fcndet. Die damalige Gemeinde Dirmingen \u00fcbergab dem neugegr\u00fcndeten Verein die Kellerr\u00e4ume der \u201eAlten Schule\u201c, in der Urexweilerstra\u00dfe, um dort ein Jugendzentrum einzurichten. Nach der Gebietsverwaltungsreform im Jahre 1974 \u00fcbernahm die neue Gemeinde Eppelborn, um den damaligen B\u00fcrgermeister Eckert, die Verantwortung. Die neue Gemeindeverwaltung \u00fcbernahm zun\u00e4chst die Zusage der ehemaligen Gemeinde Dirmingen und \u00fcberlie\u00df auch in den folgenden Jahren den Jugendlichen die zwei Kellerr\u00e4ume, die Toiletten und einen Vorraum zur Mitbenutzung.<\/strong><\/p>\n\n\n\n<p class=\"wp-block-paragraph\" style=\"font-size:18px\">Schon Jahre zuvor hatten sich zahlreiche Jugendliche f\u00fcr die Einf\u00fchrung eines Jugendzentrums in Dirmingen stark gemacht. Die Mitglieder des Vereins \u201eSelbstverwaltetes Jugendzentrum Dirmingen e.V\u201c hatten kr\u00e4ftig angepackt und verwandelten die bis dahin verwahrloste Kellerr\u00e4ume in einen einwandfreien Zustand. Die Vereinsmitglieder nahmen daf\u00fcr erhebliche Kosten und M\u00fchen in Kauf und investierten sogar ihr pers\u00f6nliches Geld. Die ersten Jahre des Vereins verliefen keineswegs reibungslos. Bereits der Einrichtung des Jugendzentrums im Jahre 1973 gab es verschiedene Ansichten dar\u00fcber, ob man ein Jugendzentrum in Selbstverwaltung haben m\u00f6chte. Die Akte \u201eJUZ\u201c wurde zu einem echten Politikum. Es folgten schwierige Jahre in denen es immer wieder zu Problemen und Beschwerden kam, die von dem Verein und den Jugendlichen zur\u00fcckgewiesen wurden. Leider fehlten in vieler Hinsicht das Verst\u00e4ndnis und das gemeinsame Miteinander.<\/p>\n\n\n\n<div class=\"wp-block-image\"><figure class=\"aligncenter size-large\"><img loading=\"lazy\" decoding=\"async\" width=\"700\" height=\"1126\" src=\"https:\/\/echta-derminga.de\/wp-content\/uploads\/2020\/06\/juz-2-700x1126.jpeg\" alt=\"\" class=\"wp-image-6590\" srcset=\"https:\/\/echta-derminga.de\/wp-content\/uploads\/2020\/06\/juz-2-700x1126.jpeg 700w, https:\/\/echta-derminga.de\/wp-content\/uploads\/2020\/06\/juz-2-186x300.jpeg 186w, https:\/\/echta-derminga.de\/wp-content\/uploads\/2020\/06\/juz-2-768x1236.jpeg 768w, https:\/\/echta-derminga.de\/wp-content\/uploads\/2020\/06\/juz-2-955x1536.jpeg 955w, https:\/\/echta-derminga.de\/wp-content\/uploads\/2020\/06\/juz-2.jpeg 1025w\" sizes=\"auto, (max-width: 700px) 100vw, 700px\" \/><\/figure><\/div>\n\n\n\n<p class=\"wp-block-paragraph\" style=\"font-size:18px\"><strong>Am 16. Oktober 1980 wurde im Vorraum des Jugendzentrums ein Feuer gelegt. Gl\u00fccklicherweise wurde der Brand sehr schnell entdeckt und gel\u00f6scht. Der entstandene Schaden hielt sich in Grenzen. Die Kriminalpolizei konnte sp\u00e4ter Brandstiftung feststellen und sogar den T\u00e4ter ermitteln. Der Verein \u201eSelbstverwaltetes Jugendzentrum Dirmingen e.V\u201c legte v\u00f6llig zurecht Wert darauf, dass der Straft\u00e4ter in keiner Verbindung mit dem Verein und dem Jugendzentrum stand. Im Zuge der Ermittlungen durch die Kriminalpolizei wurden die beiden Kellerr\u00e4ume die als Jugendzentrum dienten von der Polizei abgesperrt und mit einem neuen T\u00fcrschloss versehen. Auch nach Beendigung der Ermittlungen wurde dem Verein jeglicher Zugang und auch die Weiternutzung der R\u00e4ume verweigert. Die Gemeindeverwaltung h\u00fcllte sich zun\u00e4chst in Schweigen und teilte erst auf Anfrage mit, dass die T\u00fcren aus Sicherheitsgr\u00fcnden geschlossen bleiben. Die Gemeindeverwaltung um den damaligen B\u00fcrgermeister Eckert gab an, dass die elektrischen Installationen nicht in Ordnung sei und die Kellerr\u00e4ume somit nicht mit den erforderlichen Brandsicherheitsbestimmungen \u00fcbereinstimmten. Au\u00dferdem wurde kritisiert, dass sich in den Kellerr\u00e4umen kein Notausstieg befindet.<\/strong><\/p>\n\n\n\n<p class=\"wp-block-paragraph\" style=\"font-size:18px\">Bei den Jugendlichen kam diese Entscheidung nicht gut an. Immerhin befand sich in den R\u00e4umen noch Mobiliar und Privateigentum des Vereins und dessen Mitglieder. Der Gesch\u00e4ftsf\u00fchrende Vorstand des Vereins erkl\u00e4rte sich umgehend bereit die Beanstandungen zu beheben und die Sanierungsma\u00dfnahmen umzusetzen. Auch die Einrichtung eines Notausstieges war aus Sicht der Vereinsmitglieder kein Problem. Leider wurden diese angedachten Sanierungsma\u00dfnahmen niemals realisiert. Vielmehr folgte ein langer Rechtsstreit, der in der \u00d6ffentlichkeit ausgetragen wurde. W\u00e4hrend der B\u00fcrgermeister in einem Zeitungsbericht feststellte, dass die Schlie\u00dfung des Jugendzentrums \u201eunbedingt gerechtfertigt\u201c sei, glaubte der Verein \u201eSelbstverwaltetes Jugendzentrum Dirmingen e.V\u201c die Gr\u00fcnde darin zu sehen, dass die eigentliche Selbstverwaltung des JUZ der Gemeindeverwaltung schon lange ein Dorn im Auge sei.<\/p>\n\n\n\n<div class=\"wp-block-image\"><figure class=\"aligncenter size-large\"><img loading=\"lazy\" decoding=\"async\" width=\"700\" height=\"545\" src=\"https:\/\/echta-derminga.de\/wp-content\/uploads\/2020\/06\/juz-1-700x545.jpeg\" alt=\"\" class=\"wp-image-6592\" srcset=\"https:\/\/echta-derminga.de\/wp-content\/uploads\/2020\/06\/juz-1-700x545.jpeg 700w, https:\/\/echta-derminga.de\/wp-content\/uploads\/2020\/06\/juz-1-300x234.jpeg 300w, https:\/\/echta-derminga.de\/wp-content\/uploads\/2020\/06\/juz-1-768x598.jpeg 768w, https:\/\/echta-derminga.de\/wp-content\/uploads\/2020\/06\/juz-1.jpeg 993w\" sizes=\"auto, (max-width: 700px) 100vw, 700px\" \/><\/figure><\/div>\n\n\n\n<p class=\"wp-block-paragraph\" style=\"font-size:18px\"><strong>Es folgten zahlreiche Briefwechsel mit gegenseitigen Vorw\u00fcrfen. Die Mitglieder des JUZ verwiesen darauf, dass der Kreiswohlfahrtsausschu\u00df des Kreises Neunkirchen in regelm\u00e4\u00dfigen Abst\u00e4nden besuche abstattet und sogar Geld f\u00fcr die Sanierung in Aussicht stellte. Dennoch bleiben die Fronten verh\u00e4rtet. Im Jahre 1981 stellte der B\u00fcrgermeister dem Verein in Aussicht, dass nach einem Beschluss des Gemeinderats und einer grundlegenden Sanierung die R\u00e4ume das JUZ wieder ge\u00f6ffnet werden k\u00f6nnten. Der Verein sah darin jedoch ein politisches Kalk\u00fcl und f\u00fchlte sich im Stich gelassen.<\/strong><\/p>\n\n\n\n<p class=\"wp-block-paragraph\" style=\"font-size:18px\">Bereits am 22. Dezember 1980 \u00e4u\u00dferte die Mitgliederversammlung des Verbandes saarl\u00e4ndischer Jugendzentren in Selbstverwaltung (VSJS) massive Kritik an der Schlie\u00dfung des Dirminger JUZ. Vertreter des Landesverbandes und der saarl\u00e4ndischen Jugendzentren waren im Nachbarort Wustweiler einhellig der Meinung, dass die Schlie\u00dfung des Dirminger Jugendzentrums durch die Gemeinde Eppelborn nicht kommentarlos hingenommen werden kann. Der Verein hingegen warf dem B\u00fcrgermeister eine \u201eHinhaltetaktik\u201c vor und ging erneut in die Offensive. Die Angelegenheit spitzte sich zusehends zu und wurde mehr und mehr zu einem Politikum. W\u00e4hrend sich viele Mitglieder des Gemeinderats eine einvernehmliche L\u00f6sung und die Fortf\u00fchrung des Jugendzentrums in Dirmingen vorstellen konnten, verhielt sich die damalige CDU-Fraktion im Ortsrat Dirmingen eher zur\u00fcckhaltend. Schon bei der Gr\u00fcndung des Jugendzentrums im Jahre 1973 stimmte die damalige CDU-Fraktion gegen ein selbstverwaltetes Jugendzentrum in Dirmingen. Die damals entstandenen Gr\u00e4ben wurden schnell wieder aufgerissen. <\/p>\n\n\n\n<div class=\"wp-block-image\"><figure class=\"aligncenter size-large\"><img loading=\"lazy\" decoding=\"async\" width=\"574\" height=\"392\" src=\"https:\/\/echta-derminga.de\/wp-content\/uploads\/2020\/06\/00.jpg\" alt=\"\" class=\"wp-image-6527\" srcset=\"https:\/\/echta-derminga.de\/wp-content\/uploads\/2020\/06\/00.jpg 574w, https:\/\/echta-derminga.de\/wp-content\/uploads\/2020\/06\/00-300x205.jpg 300w\" sizes=\"auto, (max-width: 574px) 100vw, 574px\" \/><figcaption>Alt&#8220;Schuul&#8220;<\/figcaption><\/figure><\/div>\n\n\n\n<p class=\"wp-block-paragraph\" style=\"font-size:18px\"><strong>Letztendlich \u00f6ffnete das Jugendzentrum in der \u201eAlten Schule\u201c nie mehr seine Pforten und bleib f\u00fcr immer geschlossen. Heute steht diese Geschichte als mahnendes Beispiel eines politischen Konflikts, der auf dem R\u00fccken der Jugendlichen ausgetragen wurde. Im nachhinein hat der damalige Brandstifter mit seinem Werk mehr Schaden ausgerichtet als zun\u00e4chst vermutet.<\/strong><\/p>\n","protected":false},"excerpt":{"rendered":"<p>Heute verf\u00fcgt unser Heimatort \u00fcber ein recht gut organisiertes Jugendzentrum im ehemaligen evangelischen Kindergarten \u201eAm Render\u201c. Sollte dieses Geb\u00e4ude irgendwann von der evangelischen Kirchengemeinde ver\u00e4u\u00dfert werden, fehlt der Dirminger Jugend wieder eine Anlaufstelle. Bereits im Jahre 2009 wurde ein Jugendtreff in der \u201eAlten Scheune\u201c Dirmingen eingerichtet. Als bekannt wurde, dass die \u201eScheune&#8220; mitsamt dem evangelischen Pfarrhaus verkauft werden sollte, musste<\/p>\n","protected":false},"author":1,"featured_media":6585,"comment_status":"open","ping_status":"closed","sticky":false,"template":"","format":"standard","meta":{"_crdt_document":"","footnotes":""},"categories":[1,8],"tags":[5,632,618,842,127],"class_list":["post-6581","post","type-post","status-publish","format-standard","has-post-thumbnail","hentry","category-allgemein","category-sellemols-und-awweile","tag-dirmingen","tag-gemeinde-dirmingen","tag-gemeinde-eppelborn","tag-jugendzentrum","tag-landkreis-neunkirchen"],"_links":{"self":[{"href":"https:\/\/echta-derminga.de\/index.php?rest_route=\/wp\/v2\/posts\/6581","targetHints":{"allow":["GET"]}}],"collection":[{"href":"https:\/\/echta-derminga.de\/index.php?rest_route=\/wp\/v2\/posts"}],"about":[{"href":"https:\/\/echta-derminga.de\/index.php?rest_route=\/wp\/v2\/types\/post"}],"author":[{"embeddable":true,"href":"https:\/\/echta-derminga.de\/index.php?rest_route=\/wp\/v2\/users\/1"}],"replies":[{"embeddable":true,"href":"https:\/\/echta-derminga.de\/index.php?rest_route=%2Fwp%2Fv2%2Fcomments&post=6581"}],"version-history":[{"count":10,"href":"https:\/\/echta-derminga.de\/index.php?rest_route=\/wp\/v2\/posts\/6581\/revisions"}],"predecessor-version":[{"id":6595,"href":"https:\/\/echta-derminga.de\/index.php?rest_route=\/wp\/v2\/posts\/6581\/revisions\/6595"}],"wp:featuredmedia":[{"embeddable":true,"href":"https:\/\/echta-derminga.de\/index.php?rest_route=\/wp\/v2\/media\/6585"}],"wp:attachment":[{"href":"https:\/\/echta-derminga.de\/index.php?rest_route=%2Fwp%2Fv2%2Fmedia&parent=6581"}],"wp:term":[{"taxonomy":"category","embeddable":true,"href":"https:\/\/echta-derminga.de\/index.php?rest_route=%2Fwp%2Fv2%2Fcategories&post=6581"},{"taxonomy":"post_tag","embeddable":true,"href":"https:\/\/echta-derminga.de\/index.php?rest_route=%2Fwp%2Fv2%2Ftags&post=6581"}],"curies":[{"name":"wp","href":"https:\/\/api.w.org\/{rel}","templated":true}]}}