{"id":6663,"date":"2020-06-28T13:22:22","date_gmt":"2020-06-28T12:22:22","guid":{"rendered":"http:\/\/echta-derminga.de\/?p=6663"},"modified":"2020-06-28T14:37:39","modified_gmt":"2020-06-28T13:37:39","slug":"in-sachen-ortsvorsteher-von-weiteren-lockerungen-einer-wichtigen-unterstuetzung-einem-stolzen-jubilaeum-und-schoenen-stunden-auf-finkenrech","status":"publish","type":"post","link":"https:\/\/echta-derminga.de\/?p=6663","title":{"rendered":"In Sachen Ortsvorsteher: Von weiteren Lockerungen, einer wichtigen Unterst\u00fctzung, einem stolzen Jubil\u00e4um und sch\u00f6nen Stunden auf Finkenrech"},"content":{"rendered":"\n<p class=\"wp-block-paragraph\" style=\"font-size:18px\">Liebe Dirmingerinnen, liebe Dirminger,<\/p>\n\n\n\n<p class=\"wp-block-paragraph\" style=\"font-size:18px\">In den vergangenen Wochen wurden die Ma\u00dfnahmen zur Eind\u00e4mmung der Pandemie schrittweise gelockert. Aufgrund der Tatsache, dass die Infektionen im Saarland auf einem geringen Niveau geblieben sind, d\u00fcrfen wir weitere Erleichterungen genie\u00dfen. Voraussetzung bleibt jedoch, dass wir alle gemeinsam Verantwortungsbewusst handeln. Das saarl\u00e4ndische Gesundheitsministerium hat mitgeteilt, dass ab Montag, 29.Juni 20 neue Richtlinien in Kraft treten. Diese neue Verordnung f\u00fchrt uns mit weiteren kleinen Schritten zur\u00fcck in unsere Normalit\u00e4t. Die neuen Richtlinien sehen u.a vor, dass zuk\u00fcnftig bis zu 350 Personen unter freiem Himmel zusammenkommen d\u00fcrfen. Au\u00dferdem wurde die sogenannte \u201eQuadratmeter-Regel\u201c f\u00fcr Gesch\u00e4fte ge\u00e4ndert. Kontaktsport mit 10 Personen wird wieder erlaubt und auch die Besuchsregelung f\u00fcr Seniorenheimen und Behindertenwerkst\u00e4tte wird gelockert.<\/p>\n\n\n\n<figure class=\"wp-block-gallery columns-2 is-cropped wp-block-gallery-1 is-layout-flex wp-block-gallery-is-layout-flex\"><ul class=\"blocks-gallery-grid\"><li class=\"blocks-gallery-item\"><figure><img loading=\"lazy\" decoding=\"async\" width=\"700\" height=\"331\" src=\"https:\/\/echta-derminga.de\/wp-content\/uploads\/2020\/06\/M1-700x331.jpg\" alt=\"\" data-id=\"6664\" data-link=\"https:\/\/echta-derminga.de\/?attachment_id=6664\" class=\"wp-image-6664\" srcset=\"https:\/\/echta-derminga.de\/wp-content\/uploads\/2020\/06\/M1-700x331.jpg 700w, https:\/\/echta-derminga.de\/wp-content\/uploads\/2020\/06\/M1-300x142.jpg 300w, https:\/\/echta-derminga.de\/wp-content\/uploads\/2020\/06\/M1-768x363.jpg 768w, https:\/\/echta-derminga.de\/wp-content\/uploads\/2020\/06\/M1.jpg 800w\" sizes=\"auto, (max-width: 700px) 100vw, 700px\" \/><\/figure><\/li><li class=\"blocks-gallery-item\"><figure><img loading=\"lazy\" decoding=\"async\" width=\"700\" height=\"331\" src=\"https:\/\/echta-derminga.de\/wp-content\/uploads\/2020\/06\/M2-700x331.jpg\" alt=\"\" data-id=\"6665\" data-full-url=\"https:\/\/echta-derminga.de\/wp-content\/uploads\/2020\/06\/M2.jpg\" data-link=\"https:\/\/echta-derminga.de\/?attachment_id=6665\" class=\"wp-image-6665\" srcset=\"https:\/\/echta-derminga.de\/wp-content\/uploads\/2020\/06\/M2-700x331.jpg 700w, https:\/\/echta-derminga.de\/wp-content\/uploads\/2020\/06\/M2-300x142.jpg 300w, https:\/\/echta-derminga.de\/wp-content\/uploads\/2020\/06\/M2-768x363.jpg 768w, https:\/\/echta-derminga.de\/wp-content\/uploads\/2020\/06\/M2.jpg 900w\" sizes=\"auto, (max-width: 700px) 100vw, 700px\" \/><\/figure><\/li><\/ul><\/figure>\n\n\n\n<p class=\"wp-block-paragraph\" style=\"font-size:18px\"><strong>Musikpicknick und \u00f6kumenischer Gottesdienst<\/strong> &#8211;<strong>Freiluftveranstaltungen im Freizeitzentrum Finkenrech<\/strong><\/p>\n\n\n\n<p class=\"wp-block-paragraph\" style=\"font-size:18px\">Die Menschen sehnen sich zur\u00fcck in ihre gewohnte Normalit\u00e4t. Von daher ist es gut, dass immer mehr Veranstaltungen stattfinden, die im Rahmen der Verordnung m\u00f6glich sind. Der Landkreis Neunkirchen hat in der vergangenen Woche nach langer Zeit mal wieder eine Freiluftveranstaltung im Freizeitzentrum Finkenrech durchgef\u00fchrt. Das Musikpicknick mit einer Live-Band wurde nat\u00fcrlich unter den Richtlinien der Hygieneverordnung mit gen\u00fcgend Abstand durchgef\u00fchrt. Die Veranstaltung war bis auf den letzten Platz ausgebucht. <strong>Sollten Sie diese sch\u00f6ne Veranstaltung verpasst haben, k\u00f6nnen sie sich schon die n\u00e4chsten Termine am 28.07.und am 25.08.20 vormerken<\/strong>. Anmeldung sind ca. 2 Wochen vorher bei der Touristikzentrale des Landkreises m\u00f6glich. Am Sonntag, 28.Juni fand an gleicher Stelle, auf der Picknickwiese Finkenrech, ein \u00f6kumenischer Gottesdienst statt. Die Evangelische Kirchengemeinde Dirmingen und die Pfarreiengemeinschaft Eppelborn-Dirmingen hatten zu diesem wunderbaren Wort-Gottesdienst unter freiem Himmel eingeladen. Sch\u00f6n, dass die Menschen endlich wieder, wenn auch unter strengen Hygienevorkehrungen, gemeinsam Gottesdienst feiern konnten. Mit diesem besonderen Gottesdienst wurde \u00d6kumene gelebt. Danke an alle Beteiligten sowie an alle Helferinnen und Helfer.<\/p>\n\n\n\n<figure class=\"wp-block-gallery columns-3 is-cropped wp-block-gallery-2 is-layout-flex wp-block-gallery-is-layout-flex\"><ul class=\"blocks-gallery-grid\"><li class=\"blocks-gallery-item\"><figure><img loading=\"lazy\" decoding=\"async\" width=\"800\" height=\"378\" src=\"https:\/\/echta-derminga.de\/wp-content\/uploads\/2020\/06\/1-700x331.jpg\" alt=\"\" data-id=\"6669\" data-link=\"https:\/\/echta-derminga.de\/?attachment_id=6669\" class=\"wp-image-6669\" srcset=\"https:\/\/echta-derminga.de\/wp-content\/uploads\/2020\/06\/1-700x331.jpg 700w, https:\/\/echta-derminga.de\/wp-content\/uploads\/2020\/06\/1-300x142.jpg 300w, https:\/\/echta-derminga.de\/wp-content\/uploads\/2020\/06\/1-768x363.jpg 768w, https:\/\/echta-derminga.de\/wp-content\/uploads\/2020\/06\/1.jpg 800w\" sizes=\"auto, (max-width: 800px) 100vw, 800px\" \/><\/figure><\/li><li class=\"blocks-gallery-item\"><figure><img loading=\"lazy\" decoding=\"async\" width=\"700\" height=\"331\" src=\"https:\/\/echta-derminga.de\/wp-content\/uploads\/2020\/06\/2-2-700x331.jpg\" alt=\"\" data-id=\"6670\" data-link=\"https:\/\/echta-derminga.de\/?attachment_id=6670\" class=\"wp-image-6670\" srcset=\"https:\/\/echta-derminga.de\/wp-content\/uploads\/2020\/06\/2-2-700x331.jpg 700w, https:\/\/echta-derminga.de\/wp-content\/uploads\/2020\/06\/2-2-300x142.jpg 300w, https:\/\/echta-derminga.de\/wp-content\/uploads\/2020\/06\/2-2-768x363.jpg 768w, https:\/\/echta-derminga.de\/wp-content\/uploads\/2020\/06\/2-2.jpg 800w\" sizes=\"auto, (max-width: 700px) 100vw, 700px\" \/><\/figure><\/li><li class=\"blocks-gallery-item\"><figure><img loading=\"lazy\" decoding=\"async\" width=\"700\" height=\"525\" src=\"https:\/\/echta-derminga.de\/wp-content\/uploads\/2020\/06\/IMG-20200628-WA0011-700x525.jpg\" alt=\"\" data-id=\"6671\" data-link=\"https:\/\/echta-derminga.de\/?attachment_id=6671\" class=\"wp-image-6671\" srcset=\"https:\/\/echta-derminga.de\/wp-content\/uploads\/2020\/06\/IMG-20200628-WA0011-700x525.jpg 700w, https:\/\/echta-derminga.de\/wp-content\/uploads\/2020\/06\/IMG-20200628-WA0011-300x225.jpg 300w, https:\/\/echta-derminga.de\/wp-content\/uploads\/2020\/06\/IMG-20200628-WA0011-768x576.jpg 768w, https:\/\/echta-derminga.de\/wp-content\/uploads\/2020\/06\/IMG-20200628-WA0011.jpg 1024w\" sizes=\"auto, (max-width: 700px) 100vw, 700px\" \/><\/figure><\/li><\/ul><\/figure>\n\n\n\n<p class=\"wp-block-paragraph\" style=\"font-size:18px\"><strong>Gratulation zur Diamantenen Hochzeit an Barbara und Anton Lambert<\/strong><\/p>\n\n\n\n<p class=\"wp-block-paragraph\" style=\"font-size:18px\">Die Diamantene Hochzeit ist ein besonderes Jubil\u00e4um. 60 Ehejahre zeugen von Treue, Zusammenhalt und Liebe. Eine gro\u00dfartige Leistung, zu der nicht nur Familie, Freunde und Verwandte des Jubelpaares, sondern auch unser Ministerpr\u00e4sident, der Landrat, der B\u00fcrgermeister und auch der Ortsvorsteher gratulieren. Eine Diamantene Hochzeit ist ein bewegendes Ereignis. 60 Jahre mit seinem Partner zusammen sein zu d\u00fcrfen ist ein Segen. Am Samstag, 27. Juni 20 durfte ich in Begleitung unseres B\u00fcrgermeisters Dr. Andreas Feld unseren Mitb\u00fcrgern Barbara und Anton Lambert zu ihrer Diamantenen Hochzeit gratulieren. Im Kreise der Familie wurde mit viel W\u00fcrde, Respekt und nat\u00fcrlich auch dem gehobenen Anstand gefeiert. W\u00e4hrend B\u00fcrgermeister Feld die Gl\u00fcckw\u00fcnsche des Landes, des Kreises und seiner Verwaltung \u00fcberbrachte, durfte ich im Namen des Ortsrates und unserer Bev\u00f6lkerung gratulieren. Auch an dieser Stelle m\u00f6chte ich meine Gl\u00fcckw\u00fcnsche wiederholen. Wir bedanken und bei der Familie f\u00fcr die wunderbare Gastfreundschaft und gratulieren dem Jubelpaar Barbara und Anton Lambert nochmals auf das herzlichste zu diesem gro\u00dfartigen Jubil\u00e4um.<\/p>\n\n\n\n<figure class=\"wp-block-gallery columns-3 is-cropped wp-block-gallery-3 is-layout-flex wp-block-gallery-is-layout-flex\"><ul class=\"blocks-gallery-grid\"><li class=\"blocks-gallery-item\"><figure><img loading=\"lazy\" decoding=\"async\" width=\"700\" height=\"933\" src=\"https:\/\/echta-derminga.de\/wp-content\/uploads\/2020\/06\/IMG-20200628-WA0003-700x933.jpg\" alt=\"\" data-id=\"6674\" data-link=\"https:\/\/echta-derminga.de\/?attachment_id=6674\" class=\"wp-image-6674\" srcset=\"https:\/\/echta-derminga.de\/wp-content\/uploads\/2020\/06\/IMG-20200628-WA0003-700x933.jpg 700w, https:\/\/echta-derminga.de\/wp-content\/uploads\/2020\/06\/IMG-20200628-WA0003-225x300.jpg 225w, https:\/\/echta-derminga.de\/wp-content\/uploads\/2020\/06\/IMG-20200628-WA0003-768x1023.jpg 768w, https:\/\/echta-derminga.de\/wp-content\/uploads\/2020\/06\/IMG-20200628-WA0003.jpg 800w\" sizes=\"auto, (max-width: 700px) 100vw, 700px\" \/><\/figure><\/li><li class=\"blocks-gallery-item\"><figure><img loading=\"lazy\" decoding=\"async\" width=\"700\" height=\"933\" src=\"https:\/\/echta-derminga.de\/wp-content\/uploads\/2020\/06\/IMG-20200628-WA0002-700x933.jpg\" alt=\"\" data-id=\"6675\" data-link=\"https:\/\/echta-derminga.de\/?attachment_id=6675\" class=\"wp-image-6675\" srcset=\"https:\/\/echta-derminga.de\/wp-content\/uploads\/2020\/06\/IMG-20200628-WA0002-700x933.jpg 700w, https:\/\/echta-derminga.de\/wp-content\/uploads\/2020\/06\/IMG-20200628-WA0002-225x300.jpg 225w, https:\/\/echta-derminga.de\/wp-content\/uploads\/2020\/06\/IMG-20200628-WA0002-768x1023.jpg 768w, https:\/\/echta-derminga.de\/wp-content\/uploads\/2020\/06\/IMG-20200628-WA0002-1153x1536.jpg 1153w, https:\/\/echta-derminga.de\/wp-content\/uploads\/2020\/06\/IMG-20200628-WA0002.jpg 1200w\" sizes=\"auto, (max-width: 700px) 100vw, 700px\" \/><\/figure><\/li><li class=\"blocks-gallery-item\"><figure><img loading=\"lazy\" decoding=\"async\" width=\"700\" height=\"933\" src=\"https:\/\/echta-derminga.de\/wp-content\/uploads\/2020\/06\/IMG-20200628-WA0000-700x933.jpg\" alt=\"\" data-id=\"6677\" data-full-url=\"https:\/\/echta-derminga.de\/wp-content\/uploads\/2020\/06\/IMG-20200628-WA0000.jpg\" data-link=\"https:\/\/echta-derminga.de\/?attachment_id=6677\" class=\"wp-image-6677\" srcset=\"https:\/\/echta-derminga.de\/wp-content\/uploads\/2020\/06\/IMG-20200628-WA0000-700x933.jpg 700w, https:\/\/echta-derminga.de\/wp-content\/uploads\/2020\/06\/IMG-20200628-WA0000-225x300.jpg 225w, https:\/\/echta-derminga.de\/wp-content\/uploads\/2020\/06\/IMG-20200628-WA0000-768x1023.jpg 768w, https:\/\/echta-derminga.de\/wp-content\/uploads\/2020\/06\/IMG-20200628-WA0000-1153x1536.jpg 1153w, https:\/\/echta-derminga.de\/wp-content\/uploads\/2020\/06\/IMG-20200628-WA0000.jpg 1200w\" sizes=\"auto, (max-width: 700px) 100vw, 700px\" \/><\/figure><\/li><\/ul><\/figure>\n\n\n\n<p class=\"wp-block-paragraph\" style=\"font-size:18px\"><strong>Jugendf\u00f6rderung nicht aus den Augen verlieren \u2013 Finanzielle Zuwendung des Ortsrates wurde an JUZ-Mitglieder \u00fcberreicht<\/strong><\/p>\n\n\n\n<p class=\"wp-block-paragraph\" style=\"font-size:18px\">Am Samstag, 27.Juni 20 durfte ich den Mitgliedern unseres Jugendzentrums die finanzielle Zuwendung des Ortsrates Dirmingen \u00fcberreichen. Auch das Dirminger Jugendzentrum blieb w\u00e4hrend der letzten Monate geschlossen. Die Jugendlichen haben keine einfache Zeit hinter sich und blicken in eine ungewisse Zukunft. Wie lange wird es noch unsere  Jugend-Anlaufstelle im alten evangelischen Kindergarten geben ? Die Kirchengemeinde plant einen Verkauf des Anwesens. Nun wurden w\u00e4hrend einer angemeldeten Geburtstagsfeier im JUZ gefeiert und Pl\u00e4ne f\u00fcr die Zukunft geschmiedet. Dabei verhielten sich die Jugendlichen vorbildlich und beachteten die vorgegebenen Hygienerichtlinien. Ich bin sehr stolz auf die Entwicklung des Dirminger Jugendzentrums. Im Laufe der Jahre ist hier etwas Gutes zusammengewachsen. Mit der finanziellen Unterst\u00fctzung des Ortsrates verbinde ich die Hoffnung, dass es mit unserem Jugendzentrum weitergeht. Die Jugendlichen sind bestens motiviert. Nun geht es darum die Zukunft zu planen und richtungsweisende Entscheidungen zu treffen. Unsere Dorfjugend braucht auch zuk\u00fcnftig eine Anlaufstelle.<\/p>\n\n\n\n<div class=\"wp-block-image\"><figure class=\"aligncenter size-large\"><img loading=\"lazy\" decoding=\"async\" width=\"700\" height=\"878\" src=\"https:\/\/echta-derminga.de\/wp-content\/uploads\/2020\/06\/20200628_080505-700x878.jpg\" alt=\"\" class=\"wp-image-6679\" srcset=\"https:\/\/echta-derminga.de\/wp-content\/uploads\/2020\/06\/20200628_080505-700x878.jpg 700w, https:\/\/echta-derminga.de\/wp-content\/uploads\/2020\/06\/20200628_080505-239x300.jpg 239w, https:\/\/echta-derminga.de\/wp-content\/uploads\/2020\/06\/20200628_080505-768x963.jpg 768w, https:\/\/echta-derminga.de\/wp-content\/uploads\/2020\/06\/20200628_080505.jpg 1090w\" sizes=\"auto, (max-width: 700px) 100vw, 700px\" \/><\/figure><\/div>\n\n\n\n<p class=\"wp-block-paragraph\" style=\"font-size:18px\"><strong>Borrwieshalle und Nebenraum stehen wieder zur Verf\u00fcgung.<\/strong><\/p>\n\n\n\n<p class=\"wp-block-paragraph\" style=\"font-size:18px\">Geburtstage, Hochzeitsfeiern, Jubil\u00e4en sowie Kommunionen und Konfirmationen k\u00f6nnen wieder im Nebenraum der Borrwieshalle durchgef\u00fchrt werden. Bei einer Zusammenkunft von mehr als 10 Personen ist eine Voranmeldung beim Ordnungsamt der Gemeinde Eppelborn notwendig. Das passende Anmeldeformular findet man auf der Homepage der Gemeindeverwaltung unter www.eppelborn.de unter: Veranstaltungen gem. Corona-Pandemie-Verordnung melden. Dort findet man auch alle wichtigen Informationen zu den Hygieneregeln, dem Mindestabstand und einen aktuellen Auszug der Verordnung zur \u00c4nderung infektionsrechtlicher Verordnungen zur Bek\u00e4mpfung der Corona-Pandemie. Die Mitarbeiter\/innen des Ordnungsamtes stehen unter folgenden Rufnummern gerne mit Rat und Tat zur Verf\u00fcgung: (06881) 969-117 oder (06881) 969-123. Abschlie\u00dfend m\u00f6chte ich Sie daran erinnern, dass unsere Nachbarschaftshilfegruppe immer noch aktiv zur Verf\u00fcgung steht. Sollten Sie die Hilfe der ehrenamtlichen Helferinnen und Helfer ben\u00f6tigen, k\u00f6nnen sie mich gerne zu jeder Zeit telefonisch erreichen. Wir stehen weiterhin gerne f\u00fcr Besorgungen, Eink\u00e4ufe und Beh\u00f6rdeng\u00e4nge zur Verf\u00fcgung. Auch die selbstgemachten Mundschutzbehelfsmasken werden weiterhin kostenlos verteilt. Auch diesbez\u00fcglich k\u00f6nnen Sie mich gerne kontaktieren.<\/p>\n\n\n\n<div class=\"wp-block-image\"><figure class=\"aligncenter size-large\"><img loading=\"lazy\" decoding=\"async\" width=\"700\" height=\"405\" src=\"https:\/\/echta-derminga.de\/wp-content\/uploads\/2020\/06\/borrwieshalle_600_001-1024x7681-1-700x405.jpg\" alt=\"\" class=\"wp-image-6689\" srcset=\"https:\/\/echta-derminga.de\/wp-content\/uploads\/2020\/06\/borrwieshalle_600_001-1024x7681-1-700x405.jpg 700w, https:\/\/echta-derminga.de\/wp-content\/uploads\/2020\/06\/borrwieshalle_600_001-1024x7681-1-300x174.jpg 300w, https:\/\/echta-derminga.de\/wp-content\/uploads\/2020\/06\/borrwieshalle_600_001-1024x7681-1-768x444.jpg 768w, https:\/\/echta-derminga.de\/wp-content\/uploads\/2020\/06\/borrwieshalle_600_001-1024x7681-1.jpg 1008w\" sizes=\"auto, (max-width: 700px) 100vw, 700px\" \/><\/figure><\/div>\n\n\n\n<p class=\"wp-block-paragraph\" style=\"font-size:18px\"><strong>Gesch\u00e4ftsstelle der levoBank bleibt in Dirmingen<\/strong><\/p>\n\n\n\n<p class=\"wp-block-paragraph\" style=\"font-size:18px\">In meiner Funktion als Ortsvorsteher durfte ich mich in der vergangenen Woche bei den Mitarbeitern der LevoBank in Dirmingen vorstellen. Mit Herrn Gaffke und Herrn Sternhardt von der Gesch\u00e4ftsstelle Dirmingen hatte ich ein sehr angenehmes Gespr\u00e4ch. Beim gemeinsamen Gedankenaustausch wurde deutlich, dass die levoBank ein gro\u00dfes Interesse daran hat unserem Heimatort treu zu bleiben. Die Message des Tages lautete deshalb auch ganz deutlich: Die levoBank Filiale bleibt in Dirmingen und steht an der Seite ihrer Kunden. Ich m\u00f6chte mich auch an dieser Stelle ganz herzlich bei den Mitarbeitern der levoBank f\u00fcr die Gastfreundschaft und das freundliche Miteinander bedanken.<\/p>\n\n\n\n<p class=\"wp-block-paragraph\" style=\"font-size:18px\"><strong>Vollsperrung zwischen Eppelborn und Dirmingen sorgt f\u00fcr einige Umst\u00e4nde<\/strong><\/p>\n\n\n\n<p class=\"wp-block-paragraph\" style=\"font-size:18px\">Ab dem 01.Juli 20 wird die B10\/L 112 zwischen Eppelborn und Dirmingen im Bereich der Illtalbr\u00fccke (auch Geh- und Radweg) voll gesperrt. Die Arbeiten beginnen am, 1. Juli um ca. 9:00 Uhr und enden voraussichtlich am Samstag, 11. Juli 2020. Die Umleitungen sind wie immer ausgeschildert. Die Aus- und Auffahrten der A1 &#8211; Anschlussstelle Eppelborn (AS) sind nicht betroffen. Mit dieser weiteren Bauma\u00dfnahme verbinden viele Dirmingerinnen und Dirminger die Hoffnung, dass die Arbeiten rund um die Br\u00fccke in naher Zukunft endlich einmal beendet werden k\u00f6nnen.<\/p>\n\n\n\n<p class=\"wp-block-paragraph\" style=\"font-size:18px\">Mit diesen Informationen und Eindr\u00fccken w\u00fcnsche ich Ihnen eine angenehme Zeit. Bitte denken Sie immer daran<strong>:\u201c\u2026es \u00e4ndert sich \u00fcberhaupt nichts, wenn wir es nicht \u00e4ndern.\u201c<\/strong><\/p>\n\n\n\n<p class=\"wp-block-paragraph\" style=\"font-size:18px\">In diesem Sinne.<\/p>\n\n\n\n<p class=\"wp-block-paragraph\" style=\"font-size:18px\">Ihr Ortsvorsteher<\/p>\n\n\n\n<p class=\"wp-block-paragraph\" style=\"font-size:18px\"><em>Frank Klein<\/em><\/p>\n","protected":false},"excerpt":{"rendered":"<p>Liebe Dirmingerinnen, liebe Dirminger, In den vergangenen Wochen wurden die Ma\u00dfnahmen zur Eind\u00e4mmung der Pandemie schrittweise gelockert. Aufgrund der Tatsache, dass die Infektionen im Saarland auf einem geringen Niveau geblieben sind, d\u00fcrfen wir weitere Erleichterungen genie\u00dfen. Voraussetzung bleibt jedoch, dass wir alle gemeinsam Verantwortungsbewusst handeln. Das saarl\u00e4ndische Gesundheitsministerium hat mitgeteilt, dass ab Montag, 29.Juni 20 neue Richtlinien in Kraft treten.<\/p>\n","protected":false},"author":1,"featured_media":6667,"comment_status":"open","ping_status":"closed","sticky":false,"template":"","format":"standard","meta":{"_crdt_document":"","footnotes":""},"categories":[1,9,812],"tags":[5,618,845,127,203],"class_list":["post-6663","post","type-post","status-publish","format-standard","has-post-thumbnail","hentry","category-allgemein","category-dorfgetratsche","category-ortsvorsteher-dirmingen","tag-dirmingen","tag-gemeinde-eppelborn","tag-jugendzentrum-dirmingen","tag-landkreis-neunkirchen","tag-ortsrat-dirmingen"],"_links":{"self":[{"href":"https:\/\/echta-derminga.de\/index.php?rest_route=\/wp\/v2\/posts\/6663","targetHints":{"allow":["GET"]}}],"collection":[{"href":"https:\/\/echta-derminga.de\/index.php?rest_route=\/wp\/v2\/posts"}],"about":[{"href":"https:\/\/echta-derminga.de\/index.php?rest_route=\/wp\/v2\/types\/post"}],"author":[{"embeddable":true,"href":"https:\/\/echta-derminga.de\/index.php?rest_route=\/wp\/v2\/users\/1"}],"replies":[{"embeddable":true,"href":"https:\/\/echta-derminga.de\/index.php?rest_route=%2Fwp%2Fv2%2Fcomments&post=6663"}],"version-history":[{"count":22,"href":"https:\/\/echta-derminga.de\/index.php?rest_route=\/wp\/v2\/posts\/6663\/revisions"}],"predecessor-version":[{"id":6706,"href":"https:\/\/echta-derminga.de\/index.php?rest_route=\/wp\/v2\/posts\/6663\/revisions\/6706"}],"wp:featuredmedia":[{"embeddable":true,"href":"https:\/\/echta-derminga.de\/index.php?rest_route=\/wp\/v2\/media\/6667"}],"wp:attachment":[{"href":"https:\/\/echta-derminga.de\/index.php?rest_route=%2Fwp%2Fv2%2Fmedia&parent=6663"}],"wp:term":[{"taxonomy":"category","embeddable":true,"href":"https:\/\/echta-derminga.de\/index.php?rest_route=%2Fwp%2Fv2%2Fcategories&post=6663"},{"taxonomy":"post_tag","embeddable":true,"href":"https:\/\/echta-derminga.de\/index.php?rest_route=%2Fwp%2Fv2%2Ftags&post=6663"}],"curies":[{"name":"wp","href":"https:\/\/api.w.org\/{rel}","templated":true}]}}