{"id":6731,"date":"2020-07-06T16:41:54","date_gmt":"2020-07-06T15:41:54","guid":{"rendered":"http:\/\/echta-derminga.de\/?p=6731"},"modified":"2020-07-06T17:54:01","modified_gmt":"2020-07-06T16:54:01","slug":"eine-kultur-schafft-sich-ab-goodbye-christliches-abendland","status":"publish","type":"post","link":"https:\/\/echta-derminga.de\/?p=6731","title":{"rendered":"Eine Kultur schafft sich ab \u2013Goodbye christliches Abendland"},"content":{"rendered":"\n<p class=\"wp-block-paragraph\" style=\"font-size:18px\"><strong>Stellt euch einmal unser sch\u00f6nes Heimatdorf ohne die beiden ortspr\u00e4genden Kirchenbauten vor. Pure Utopie? Nein keineswegs, vielmehr droht diese Vorstellung irgendwann Wirklichkeit zu werden.<\/strong><\/p>\n\n\n\n<p class=\"wp-block-paragraph\" style=\"font-size:18px\">Die j\u00fcngsten Pressemitteilungen berichten, dass die Anzahl der Kirchenaustritte in diesem Jahr rapide gestiegen ist. Kurzum: Eine Kultur schafft sich ab. Experten bef\u00fcrchten, dass die beiden gro\u00dfen Kirchen bis zum Jahre 2060 nur noch die H\u00e4lfte ihrer Mitglieder besitzen. Unsere Heimat ist von der christlichen Kultur gepr\u00e4gt. Die Kirchturmspitzen in unseren D\u00f6rfern stehen f\u00fcr unsere Identit\u00e4t und unsere Kultur. Paradoxerweise sind gerade diejenigen die ein festhalten am christlichen Abendland fordern die ersten die irgendwann Austreten. Wie kann man auf die eigenen Werte pochen, um sich dann selbst abzuschaffen?<\/p>\n\n\n\n<p class=\"wp-block-paragraph\" style=\"font-size:18px\">Wie w\u00fcrde Dirmingen aussehen ohne seine katholische oder evangelische Kirche? Stirbt unsere Kultur, stirbt unsere Heimat. Man k\u00f6nnte es auch etwas f\u00f6rmlicher in den Worten des Volksmundes formulieren: <strong>\u201eBesseres kann kein Volk vererben, als ererbten V\u00e4terbrauch. Wo des Landes Br\u00e4uche sterben, stirbt des Volkes Bl\u00fcte auch. (Volksmund)<\/strong><\/p>\n\n\n\n<p class=\"wp-block-paragraph\" style=\"font-size:18px\">Nun m\u00fcssen wir uns also doch Sorgen um den Fortbestand des christlichen Abendlandes machen. \u00dcberraschenderweise ist dieses Problem jedoch hausgemacht und von keinem fremden Menschen verschuldet. Ein Kirchenaustritt liegt im Trend und ist schon vor einigen Jahren in Mode geraten. Schlie\u00dflich kann man mit einem Kirchenaustritt einiges Geld sparen.<\/p>\n\n\n\n<p class=\"wp-block-paragraph\" style=\"font-size:18px\"><strong>So viele Menschen wie noch nie haben den beiden gro\u00dfen Kirchen im vergangenen Jahr den R\u00fccken zugewandt. Die Zahl der Austritte stieg auf mehr als eine halbe Million. Insgesamt ging die Zahl der Protestanten und Katholiken um etwa 829.000 Menschen zur\u00fcck. Die Kirchenaustrittszahl zeigen deutlich, dass es l\u00e4ngst eine gewisse Entfremdung zwischen Kirche und ihren Sch\u00e4fchen gibt. Daran hat zun\u00e4chst einmal die Kirchen selbst eine hohe Verantwortung. Ein weiterer Grund liegt in der hohen Altersstruktur der Kirchenmitglieder. Unsere Kirche stirbt sprichw\u00f6rtlich aus. Ende des Jahres z\u00e4hlte die evangelische Kirche noch 20,7 Millionen Mitglieder, die katholische 22,6 Millionen<\/strong>. <strong>Zu allem \u00dcberfluss tr\u00e4gt Corona nicht gerade dazu bei, dass die Menschen umdenken und sich wieder zur Kirche bekennen. Vielmehr kommen viele auf den Entschluss, dass es auch ohne die Institution Kirche geht.<\/strong><\/p>\n\n\n\n<div class=\"wp-block-image\"><figure class=\"aligncenter size-large\"><img loading=\"lazy\" decoding=\"async\" width=\"700\" height=\"738\" src=\"https:\/\/echta-derminga.de\/wp-content\/uploads\/2020\/07\/auso-700x738.jpg\" alt=\"\" class=\"wp-image-6736\" srcset=\"https:\/\/echta-derminga.de\/wp-content\/uploads\/2020\/07\/auso-700x738.jpg 700w, https:\/\/echta-derminga.de\/wp-content\/uploads\/2020\/07\/auso-285x300.jpg 285w, https:\/\/echta-derminga.de\/wp-content\/uploads\/2020\/07\/auso-768x809.jpg 768w, https:\/\/echta-derminga.de\/wp-content\/uploads\/2020\/07\/auso.jpg 800w\" sizes=\"auto, (max-width: 700px) 100vw, 700px\" \/><\/figure><\/div>\n\n\n\n<p class=\"wp-block-paragraph\" style=\"font-size:18px\">Mittlerweile ist nur noch die H\u00e4lfte der Bev\u00f6lkerung Mitglied in einer Kirche. Sehen wir uns einmal andere Glaubensrichtungen an, stellen wir fest, dass es dort \u00fcberwiegend besser aussieht. Das christliche Abendland steht vor den Tr\u00fcmmern seiner Kultur. Bestimmt werden nun einige Zeitgenossen sagen, dass dies selbstverschuldet sei und wir gut ohne Kirche auskommen. Kann sein, wenn dem so ist, dann bitte auch danach handeln. Eine gro\u00dfe Anzahl derer die aus der Kirche ausgetreten sind legen beim Tot eines Angeh\u00f6rigen Wert darauf, dass das Familienmitglied christlich beerdigt wird. Konsequenz sieht anders aus.<\/p>\n\n\n\n<p class=\"wp-block-paragraph\" style=\"font-size:18px\">Wer tr\u00e4gt nun die Verantwortung an diesem Drama? Ich w\u00fcrde sage: <strong>\u201eWer von uns ohne S\u00fcnde ist werfe den ersten Stein\u201c (Joh. 8, 1- 11).<\/strong> Nat\u00fcrlich tragen die beiden gro\u00dfen Kirchen die gr\u00f6\u00dfte Verantwortung an dieser bedauerlichen Entwicklung. Obwohl die Missbrauch-Skandale einige Jahre her sind hat sich die Situation nur unwesentlich ver\u00e4ndert. Die Kirche m\u00fcsste mehr auf die eigenen Sch\u00e4fchen zugehen, transparenter sein und die Interessen ihrer Kinder vertreten. Vieles ist einfach nicht mehr zeitgem\u00e4\u00df und nur schwer zu vermitteln.<\/p>\n\n\n\n<p class=\"wp-block-paragraph\" style=\"font-size:18px\"><strong>Auf der anderen Seite sind wir alle gefragt: Wir vergessen unseren Kindern die christlichen Werte beizubringen und schaffen somit unsere Kultur St\u00fcck f\u00fcr St\u00fcck ab<\/strong>. Nein, um zu Glauben brauch ich keine Mitgliedschaft in einer Kirche. Wenn wir jedoch gro\u00dfen Wert auf unser ach so gelobtes christliches Abendland legen, sollten wir zumindest versuchen dementsprechend zu leben. Wenn man schon seine Kinder zu Weihnachten beschenkt, sollten man auch wissen warum wir dieses Fest \u00fcberhaupt feiern. Ich habe es an dieser Stelle schon einmal geschrieben: Eine gro\u00dfe Anzahl von jungen Menschen kennen sich mit der Bedeutung der einzelnen kirchlichen Festtage l\u00e4ngst nicht mehr aus.<\/p>\n\n\n\n<p class=\"wp-block-paragraph\" style=\"font-size:18px\">Fakt ist: Die Zahl der Menschen, die aus der Kirche austreten ist deutlich zu hoch. Ich pers\u00f6nlich sehe es wie die ehemalige evangelische Ratsvorsitzende Margot K\u00e4\u00dfmann. In ihrer Kolumne schreibt K\u00e4\u00dfmann: <strong>\u201eVer\u00e4nderung kann nur von innen geschehen! Wir brauchen Menschen, die sich einbringen und verbessern m\u00f6chten\u201c.<\/strong> Stimmt. Weglaufen ist die einfachste aller L\u00f6sungen. Anpacken, Ver\u00e4ndern, besser-machen ist eine viel schwierigere Alternative. Ich glaube fest daran, dass es immer das ist, was wir daraus machen. Wenn wir Ver\u00e4nderungen m\u00f6chten, m\u00fcssen wir sie auch versuchen diese herbeizuf\u00fchren.<\/p>\n\n\n\n<p class=\"wp-block-paragraph\" style=\"font-size:18px\">In den vergangenen Wochen fanden in Dirmingen und Berschweiler \u00f6kumenische Open-Air-Gottesdienste statt. Die Kirchen m\u00fcssen sich ver\u00e4ndern und andere, neue Angebote schaffen. Die \u00d6kumene wird somit zu einer echten Chance !<\/p>\n\n\n\n<p class=\"wp-block-paragraph\" style=\"font-size:18px\"><strong>Kirche bedeutet Heimat, Kindheit und Erinnerung. Wenn in unserem Land kein Umdenken stattfindet, gibt es ein b\u00f6ses Erwachen.<\/strong><\/p>\n","protected":false},"excerpt":{"rendered":"<p>Stellt euch einmal unser sch\u00f6nes Heimatdorf ohne die beiden ortspr\u00e4genden Kirchenbauten vor. Pure Utopie? Nein keineswegs, vielmehr droht diese Vorstellung irgendwann Wirklichkeit zu werden. Die j\u00fcngsten Pressemitteilungen berichten, dass die Anzahl der Kirchenaustritte in diesem Jahr rapide gestiegen ist. Kurzum: Eine Kultur schafft sich ab. Experten bef\u00fcrchten, dass die beiden gro\u00dfen Kirchen bis zum Jahre 2060 nur noch die H\u00e4lfte<\/p>\n","protected":false},"author":1,"featured_media":6735,"comment_status":"open","ping_status":"closed","sticky":false,"template":"","format":"standard","meta":{"_crdt_document":"","footnotes":""},"categories":[1,47],"tags":[618,847,15,127],"class_list":["post-6731","post","type-post","status-publish","format-standard","has-post-thumbnail","hentry","category-allgemein","category-meine-kirche","tag-gemeinde-eppelborn","tag-kirchenaustritte","tag-kirchengemeinde-dirmingen","tag-landkreis-neunkirchen"],"_links":{"self":[{"href":"https:\/\/echta-derminga.de\/index.php?rest_route=\/wp\/v2\/posts\/6731","targetHints":{"allow":["GET"]}}],"collection":[{"href":"https:\/\/echta-derminga.de\/index.php?rest_route=\/wp\/v2\/posts"}],"about":[{"href":"https:\/\/echta-derminga.de\/index.php?rest_route=\/wp\/v2\/types\/post"}],"author":[{"embeddable":true,"href":"https:\/\/echta-derminga.de\/index.php?rest_route=\/wp\/v2\/users\/1"}],"replies":[{"embeddable":true,"href":"https:\/\/echta-derminga.de\/index.php?rest_route=%2Fwp%2Fv2%2Fcomments&post=6731"}],"version-history":[{"count":9,"href":"https:\/\/echta-derminga.de\/index.php?rest_route=\/wp\/v2\/posts\/6731\/revisions"}],"predecessor-version":[{"id":6767,"href":"https:\/\/echta-derminga.de\/index.php?rest_route=\/wp\/v2\/posts\/6731\/revisions\/6767"}],"wp:featuredmedia":[{"embeddable":true,"href":"https:\/\/echta-derminga.de\/index.php?rest_route=\/wp\/v2\/media\/6735"}],"wp:attachment":[{"href":"https:\/\/echta-derminga.de\/index.php?rest_route=%2Fwp%2Fv2%2Fmedia&parent=6731"}],"wp:term":[{"taxonomy":"category","embeddable":true,"href":"https:\/\/echta-derminga.de\/index.php?rest_route=%2Fwp%2Fv2%2Fcategories&post=6731"},{"taxonomy":"post_tag","embeddable":true,"href":"https:\/\/echta-derminga.de\/index.php?rest_route=%2Fwp%2Fv2%2Ftags&post=6731"}],"curies":[{"name":"wp","href":"https:\/\/api.w.org\/{rel}","templated":true}]}}