{"id":6742,"date":"2020-07-06T17:42:36","date_gmt":"2020-07-06T16:42:36","guid":{"rendered":"http:\/\/echta-derminga.de\/?p=6742"},"modified":"2020-07-06T17:43:45","modified_gmt":"2020-07-06T16:43:45","slug":"in-sachen-ortsvorsteher-von-plagegeistern-einer-wichtigen-investition-und-einem-ersten-ausrufezeichen","status":"publish","type":"post","link":"https:\/\/echta-derminga.de\/?p=6742","title":{"rendered":"In Sachen Ortsvorsteher: Von Plagegeistern, einer wichtigen Investition und einem ersten Ausrufezeichen"},"content":{"rendered":"\n<p class=\"wp-block-paragraph\" style=\"font-size:18px\">Ich w\u00fcnsche allen Dirmingerinnen und Dirmingen sowie allen Sch\u00fclern und Kindern einen sch\u00f6nen und erholsamen Urlaub. Auch wenn der Urlaub in diesem Jahr vielleicht auch etwas anders aussehen mag, so w\u00fcnsche ich Ihnen und Euch dennoch eine entspannte Zeit im Kreise der Familie. Vielleicht nutzen Sie ihren verdienten Urlaub um unser sch\u00f6nes Dirminger Land zu erkunden. Unser Heimatort hat vieles zu bieten und ist f\u00fcr so manche \u00dcberraschung gut. Schon alleine das Freizeitzentrum Finkenrech l\u00e4dt zu zahlreichen Aktivit\u00e4ten ein. Viel Spa\u00df dabei !<\/p>\n\n\n\n<div class=\"wp-block-image\"><figure class=\"aligncenter size-large\"><img loading=\"lazy\" decoding=\"async\" width=\"700\" height=\"466\" src=\"https:\/\/echta-derminga.de\/wp-content\/uploads\/2020\/07\/Finkenrech-2-Gerd-Wehlack_www_front_large-700x466.jpg\" alt=\"\" class=\"wp-image-6748\" srcset=\"https:\/\/echta-derminga.de\/wp-content\/uploads\/2020\/07\/Finkenrech-2-Gerd-Wehlack_www_front_large-700x466.jpg 700w, https:\/\/echta-derminga.de\/wp-content\/uploads\/2020\/07\/Finkenrech-2-Gerd-Wehlack_www_front_large-300x200.jpg 300w, https:\/\/echta-derminga.de\/wp-content\/uploads\/2020\/07\/Finkenrech-2-Gerd-Wehlack_www_front_large-768x512.jpg 768w, https:\/\/echta-derminga.de\/wp-content\/uploads\/2020\/07\/Finkenrech-2-Gerd-Wehlack_www_front_large-120x80.jpg 120w, https:\/\/echta-derminga.de\/wp-content\/uploads\/2020\/07\/Finkenrech-2-Gerd-Wehlack_www_front_large.jpg 800w\" sizes=\"auto, (max-width: 700px) 100vw, 700px\" \/><\/figure><\/div>\n\n\n\n<p class=\"wp-block-paragraph\" style=\"font-size:18px\"><strong>Gratulation an Carmen und Manfred Br\u00fcck zur Diamantenen Hochzeit<\/strong><\/p>\n\n\n\n<p class=\"wp-block-paragraph\" style=\"font-size:18px\">Am Donnerstag, 02.Juli 20 durfte ich in Begleitung unseres B\u00fcrgermeisters Dr. Andreas Feld die Gl\u00fcckw\u00fcnsche zur Diamantenen Hochzeit an Frau Carmen und Herrn Manfred Br\u00fcck \u00fcberbringen. W\u00e4hrend unser B\u00fcrgermeister im Namen der Verwaltung, des Ministerpr\u00e4sidenten und des Landrates gratulierte \u00fcberreichte ich einen Blumengru\u00df des Ortsrates verbunden mit den besten Gl\u00fcckw\u00fcnschen unserer Bev\u00f6lkerung. Auch an dieser Stelle w\u00fcnsche ich Carmen und Manfred Br\u00fcck alles erdenklich Gute sowie viel Gl\u00fcck und Gesundheit im Kreise ihrer Familie.&nbsp;&nbsp;<\/p>\n\n\n\n<p class=\"wp-block-paragraph\" style=\"font-size:18px\"><strong>Bankpaten setzten erstes Ausrufezeichen<\/strong><\/p>\n\n\n\n<p class=\"wp-block-paragraph\" style=\"font-size:18px\">Als ich mich im Fr\u00fchjahr auf die Suche nach neuen Bankpaten machte, konnte ich nicht ahnen, dass mir ein echter Gl\u00fcckstreffer gelungen ist. Mit Wilhelm Josef und Rudi Konetzka haben wir nun in Dirmingen zwei richtig gute Leute, die anpacken. Am vergangenen Wochenende wurde nun die erste Bank auf dem Belker rundum erneuert. Unsere beiden Bankpaten haben sich einen Arbeitsplan aufgestellt und m\u00f6chten nun Schritt f\u00fcr Schritt die Ruheb\u00e4nke auf dem Dirminger Bann \u00fcberarbeiten. Die B\u00e4nke in Dirmingen sind also zuk\u00fcnftig in guten H\u00e4nden und werden von den Paten Josef Wilhelm &amp; Rudi Konetzka betreut. Sollten Sie eine defekte Bank auffinden, k\u00f6nnen Sie gerne unter folgender Nummer anrufen: Tel.: 0177 5836440 oder 06827\/800785. Ansonsten bitten wie sie ein wenig um Geduld. Die beiden Ehrenamtler werden sich bem\u00fchen Ihren Anspr\u00fcchen gerecht zu werden. Gro\u00dfes Lob an unsere beiden Bankpaten.<\/p>\n\n\n\n<figure class=\"wp-block-gallery columns-2 is-cropped wp-block-gallery-1 is-layout-flex wp-block-gallery-is-layout-flex\"><ul class=\"blocks-gallery-grid\"><li class=\"blocks-gallery-item\"><figure><img loading=\"lazy\" decoding=\"async\" width=\"700\" height=\"332\" src=\"https:\/\/echta-derminga.de\/wp-content\/uploads\/2020\/07\/1-1-700x332.jpg\" alt=\"\" data-id=\"6751\" data-link=\"https:\/\/echta-derminga.de\/?attachment_id=6751\" class=\"wp-image-6751\" srcset=\"https:\/\/echta-derminga.de\/wp-content\/uploads\/2020\/07\/1-1-700x332.jpg 700w, https:\/\/echta-derminga.de\/wp-content\/uploads\/2020\/07\/1-1-300x142.jpg 300w, https:\/\/echta-derminga.de\/wp-content\/uploads\/2020\/07\/1-1-768x364.jpg 768w, https:\/\/echta-derminga.de\/wp-content\/uploads\/2020\/07\/1-1.jpg 800w\" sizes=\"auto, (max-width: 700px) 100vw, 700px\" \/><\/figure><\/li><li class=\"blocks-gallery-item\"><figure><img loading=\"lazy\" decoding=\"async\" width=\"700\" height=\"385\" src=\"https:\/\/echta-derminga.de\/wp-content\/uploads\/2020\/07\/2-700x385.jpg\" alt=\"\" data-id=\"6752\" data-full-url=\"https:\/\/echta-derminga.de\/wp-content\/uploads\/2020\/07\/2.jpg\" data-link=\"https:\/\/echta-derminga.de\/?attachment_id=6752\" class=\"wp-image-6752\" srcset=\"https:\/\/echta-derminga.de\/wp-content\/uploads\/2020\/07\/2-700x385.jpg 700w, https:\/\/echta-derminga.de\/wp-content\/uploads\/2020\/07\/2-300x165.jpg 300w, https:\/\/echta-derminga.de\/wp-content\/uploads\/2020\/07\/2-768x422.jpg 768w, https:\/\/echta-derminga.de\/wp-content\/uploads\/2020\/07\/2-600x330.jpg 600w, https:\/\/echta-derminga.de\/wp-content\/uploads\/2020\/07\/2.jpg 900w\" sizes=\"auto, (max-width: 700px) 100vw, 700px\" \/><\/figure><\/li><\/ul><figcaption class=\"blocks-gallery-caption\">Erstes Ausrufezeichen !<\/figcaption><\/figure>\n\n\n\n<p class=\"wp-block-paragraph\" style=\"font-size:18px\"><strong>Erneuerung Mischwasserkanal \u201eZur Alten M\u00fchle\u201c abgeschlossen &#8211; AWZE investiert rund 190.000 Euro<\/strong><\/p>\n\n\n\n<p class=\"wp-block-paragraph\" style=\"font-size:18px\">Mit einem angesetzten Abnahmetermin am Mittwoch,01.Juli 20 endete in Dirmingen die Anfang M\u00e4rz begonnene Bauma\u00dfnahme des Abwasserzweckverbands Eppelborn (AWZE) zur Erneuerung des Mischwasserkanals \u201eZur Alten M\u00fchle\u201c. Die Kanalerneuerung im Gemeindebezirk Dirmingen war notwendig geworden, da der Mischwasserkanal stark besch\u00e4digt war. Der Kanal wurde neu verlegt vom Vereinigungsbauwerk im Bereich des P&amp;R-Parkplatzes am Bahnhof Dirmingen bis zum Anschlussschacht im Bereich der Ill (Br\u00fchlpark). Die Ill-Querung bis zum Hauptsammler ist noch in einem guten baulichen Zustand und brauchte nicht saniert zu werden. Gemeinsam mit B\u00fcrgermeister Andreas Feld durfte ich der Abnahme dieser Bauma\u00dfnahme beiwohnen und mir ein Bild von den abgeschlossenen Arbeiten machen. Noch in diesem Jahr sollen die Arbeiten am Mischwasserkanal auf der anderen Seite des Br\u00fchlparks weitergehen. Die gemeindeeigene Zuwegung (400 m\u00b2) zum Br\u00fchlpark wurde bei den Arbeiten als Baustra\u00dfe ben\u00f6tigt und wurde nach Abschluss der Ma\u00dfnahme neu asphaltiert. Die Arbeiten wurden von der Firma Zait &amp; Kloster GmbH aus V\u00f6lklingen durchgef\u00fchrt.<\/p>\n\n\n\n<div class=\"wp-block-image\"><figure class=\"aligncenter size-large\"><img loading=\"lazy\" decoding=\"async\" width=\"700\" height=\"453\" src=\"https:\/\/echta-derminga.de\/wp-content\/uploads\/2020\/07\/00000000000022609867-OL-116-2020-27-27-0-olinfo-1-700x453.jpg\" alt=\"\" class=\"wp-image-6755\" srcset=\"https:\/\/echta-derminga.de\/wp-content\/uploads\/2020\/07\/00000000000022609867-OL-116-2020-27-27-0-olinfo-1-700x453.jpg 700w, https:\/\/echta-derminga.de\/wp-content\/uploads\/2020\/07\/00000000000022609867-OL-116-2020-27-27-0-olinfo-1-300x194.jpg 300w, https:\/\/echta-derminga.de\/wp-content\/uploads\/2020\/07\/00000000000022609867-OL-116-2020-27-27-0-olinfo-1-768x497.jpg 768w, https:\/\/echta-derminga.de\/wp-content\/uploads\/2020\/07\/00000000000022609867-OL-116-2020-27-27-0-olinfo-1.jpg 1024w\" sizes=\"auto, (max-width: 700px) 100vw, 700px\" \/><figcaption>Quelle: Infos und Bild Gemeinde Eppelborn<\/figcaption><\/figure><\/div>\n\n\n\n<p class=\"wp-block-paragraph\" style=\"font-size:18px\"><strong>Plagegeist: Der Eichenprozessionsspinner<\/strong><\/p>\n\n\n\n<p class=\"wp-block-paragraph\" style=\"font-size:18px\">In den letzten Jahren hat sich der Eichenprozessionsspinner so richtig ausgebreitet. Der Plagegeist macht unserer Gemeinde und auch privaten Baumbesitzern so einige Probleme. Immer mehr Menschen melden sich und machen sich diesbez\u00fcglich Sorgen. Der Eichenprozessionsspinner ist eine Schmetterlingsart und als Forstsch\u00e4dling bekannt. Die Raupen sind mit mikroskopisch kleinen Brennhaaren versehen, die Giftstoffe enthalten. Im Saarland war das Tier sogar mal vom Aussterben bedroht. Unsere Gemeindeverwaltung informiert dar\u00fcber, dass gerade trockenes und warmes Wetter sowie milde Winter die Massenvermehrung der Tiere beg\u00fcnstigen. Die akute Gefahr reicht von Mai bis in den Oktober. Eine Ber\u00fchrung mit dem Tier kann zu allergischen Reaktionen f\u00fchren. Begleitend k\u00f6nnen Symptome wie Schwindel, Fieber, M\u00fcdigkeit und Bindehautentz\u00fcndung auftreten. Der Umgang mit dem Tierchen ist also keineswegs spa\u00dfig. Eine direkte Ber\u00fchrung sollte man vermeiden. Im Zweifelsfall sollte nach dem Auftreten von entsprechenden Symptomen ein Arzt aufgesucht werden. Auf der Anderen Seite ist Panik und Angst immer ein schlechter Ratgeber. <strong>F\u00fcr den Eichenprozessionsspinner besteht grunds\u00e4tzlich keine generelle Melde- noch Bek\u00e4mpfungspflicht. <\/strong>Aufgrund des massenhaften Auftretens ist es unm\u00f6glich, die Tiere fl\u00e4chendeckend zu bek\u00e4mpfen und alle gemeldeten Nester zu entfernen. Die Gemeindeverwaltung gibt zudem bekannt, dass es zu den Hauptbefallszeiten schwierig ist, \u00fcberhaupt eine Spezialfirma zu finden, die noch Kapazit\u00e4ten frei hat, um die Nester kurzfristig zu entfernen. <strong>Dort, wo sich jedoch Menschen und insbesondere Kinder im \u00f6ffentlichen Raum aufhalten, ist eine Bek\u00e4mpfung sinnvoll und hat absolute Priorit\u00e4t. Das betrifft Kinderg\u00e4rten, Spielpl\u00e4tze und Schulen. Sollte eine Beseitigung der Nester nicht unmittelbar m\u00f6glich, so werden diese Bereiche doch zumindest sofort abgesperrt<\/strong>. In der freien Landschaft oder im Wald ist eine fl\u00e4chendeckende Beseitigung fast unm\u00f6glich. &nbsp;Die Gemeinden tragen nur f\u00fcr den Befall an ihren eigenen B\u00e4umen die Verantwortung. Im privaten Bereich m\u00fcssen die Baumeigent\u00fcmer bei Bedarf eine Bek\u00e4mpfung selbst beauftragen und bezahlen.<\/p>\n\n\n\n<figure class=\"wp-block-gallery columns-2 is-cropped wp-block-gallery-2 is-layout-flex wp-block-gallery-is-layout-flex\"><ul class=\"blocks-gallery-grid\"><li class=\"blocks-gallery-item\"><figure><img loading=\"lazy\" decoding=\"async\" width=\"390\" height=\"423\" src=\"https:\/\/echta-derminga.de\/wp-content\/uploads\/2020\/07\/eiche.jpeg\" alt=\"\" data-id=\"6757\" data-link=\"https:\/\/echta-derminga.de\/?attachment_id=6757\" class=\"wp-image-6757\" srcset=\"https:\/\/echta-derminga.de\/wp-content\/uploads\/2020\/07\/eiche.jpeg 390w, https:\/\/echta-derminga.de\/wp-content\/uploads\/2020\/07\/eiche-277x300.jpeg 277w\" sizes=\"auto, (max-width: 390px) 100vw, 390px\" \/><\/figure><\/li><li class=\"blocks-gallery-item\"><figure><img loading=\"lazy\" decoding=\"async\" width=\"621\" height=\"805\" src=\"https:\/\/echta-derminga.de\/wp-content\/uploads\/2020\/07\/riesenbaerenklau-pflanze.jpg\" alt=\"\" data-id=\"6758\" data-full-url=\"https:\/\/echta-derminga.de\/wp-content\/uploads\/2020\/07\/riesenbaerenklau-pflanze.jpg\" data-link=\"https:\/\/echta-derminga.de\/?attachment_id=6758\" class=\"wp-image-6758\" srcset=\"https:\/\/echta-derminga.de\/wp-content\/uploads\/2020\/07\/riesenbaerenklau-pflanze.jpg 621w, https:\/\/echta-derminga.de\/wp-content\/uploads\/2020\/07\/riesenbaerenklau-pflanze-231x300.jpg 231w\" sizes=\"auto, (max-width: 621px) 100vw, 621px\" \/><\/figure><\/li><\/ul><\/figure>\n\n\n\n<p class=\"wp-block-paragraph\" style=\"font-size:18px\"><strong>Plagegeist: Riesenb\u00e4renklau<\/strong><\/p>\n\n\n\n<p class=\"wp-block-paragraph\" style=\"font-size:18px\">Auch die Herkulesstaude, auch Riesenb\u00e4renklau genannt, bereitet den Menschen in unserer Gemeinde so manches Kopfzerbrechen. In Verbindung mit Tageslicht k\u00f6nnen die Extrakte des B\u00e4renklaus zu schmerzhaften Quaddeln und Blasen f\u00fchren. Nach Information der Gemeindeverwaltung stehen 86 % der Herkulesstaude in der Gemeinde Eppelborn im Naturschutzgebiet. 85% der von der Pflanze befallenen Fl\u00e4chen befinden sich nicht im Eigentum der Gemeinde, sondern sind Privatfl\u00e4chen. Die verbleibenden 15% besch\u00e4ftigen Verwaltung und B\u00fcrger gleicherma\u00dfen. Eine fl\u00e4chendeckende Bek\u00e4mpfung ist eine Sisyphusarbeit, da die Herkulesstaude sich \u00e4u\u00dferst hartn\u00e4ckig vermehrt. Ihre Samen sind schwimmf\u00e4hig. Nach der Hauptwachstumsphase k\u00f6nnen auch w\u00e4hrend des Sommers weitere Jungpflanzen austreiben, sodass unter Umst\u00e4nden eine Bek\u00e4mpfung bis September notwendig ist. Dennoch versucht unsere Verwaltung ihrer Verantwortung gerecht zu werden. Ich m\u00f6chte jedoch auch hier um Verst\u00e4ndnis und Geduld bitten. Auch in diesem Fall ist eine fl\u00e4chendeckende Aktion zur Entfernung der Pflanze wenig erfolgversprechend. Die Entfernung der Pflanze kann deshalb nur dort sinnvoll sein, wo ein direkter Kontakt mit der Haut m\u00f6glich ist. Der Baubetriebshof der Gemeinde ist in regelm\u00e4\u00dfigen Abst\u00e4nden zur Bek\u00e4mpfung des Riesenb\u00e4renklaus an \u00f6ffentlichen Stra\u00dfen, Wegen sowie. Spielpl\u00e4tzen, unterwegs. Wichtig ist, dass man sich, wenn m\u00f6glich von dieser Pflanze fernh\u00e4lt. Ich m\u00f6chte auch an dieser Stelle um Ihr Verst\u00e4ndnis werben.<\/p>\n\n\n\n<p class=\"wp-block-paragraph\" style=\"font-size:18px\"><strong>Plagegeist: Vandalen und Umwelts\u00fcnder<\/strong><\/p>\n\n\n\n<p class=\"wp-block-paragraph\" style=\"font-size:18px\">Ein weiterer Plagegeist entstammt der Gattung Mensch. In letzter Zeit h\u00e4ufen sich wieder die Beschwerden \u00fcber Vandalismus und Umweltverschmutzung in unserem Dorf. Unzul\u00e4ssige M\u00fcll -oder Altkleiderablagerung sind verboten. In der vergangenen Woche wurde an unserer Grundschule wieder geschmiert und gespr\u00fcht. Ich finde dieses Verhalten unversch\u00e4mt und bitte jeden Zeugen diesbez\u00fcgliche um Hinweise. Bitte scheuen sie sich nicht die Polizei oder unser Ordnungsamt zu informieren.<\/p>\n\n\n\n<figure class=\"wp-block-gallery columns-2 is-cropped wp-block-gallery-3 is-layout-flex wp-block-gallery-is-layout-flex\"><ul class=\"blocks-gallery-grid\"><li class=\"blocks-gallery-item\"><figure><img loading=\"lazy\" decoding=\"async\" width=\"700\" height=\"467\" src=\"https:\/\/echta-derminga.de\/wp-content\/uploads\/2020\/07\/22-1-700x467.jpg\" alt=\"\" data-id=\"6761\" data-link=\"https:\/\/echta-derminga.de\/?attachment_id=6761\" class=\"wp-image-6761\" srcset=\"https:\/\/echta-derminga.de\/wp-content\/uploads\/2020\/07\/22-1-700x467.jpg 700w, https:\/\/echta-derminga.de\/wp-content\/uploads\/2020\/07\/22-1-300x200.jpg 300w, https:\/\/echta-derminga.de\/wp-content\/uploads\/2020\/07\/22-1-768x512.jpg 768w, https:\/\/echta-derminga.de\/wp-content\/uploads\/2020\/07\/22-1-120x80.jpg 120w, https:\/\/echta-derminga.de\/wp-content\/uploads\/2020\/07\/22-1.jpg 900w\" sizes=\"auto, (max-width: 700px) 100vw, 700px\" \/><\/figure><\/li><li class=\"blocks-gallery-item\"><figure><img loading=\"lazy\" decoding=\"async\" width=\"700\" height=\"467\" src=\"https:\/\/echta-derminga.de\/wp-content\/uploads\/2020\/07\/33-700x467.jpg\" alt=\"\" data-id=\"6762\" data-full-url=\"https:\/\/echta-derminga.de\/wp-content\/uploads\/2020\/07\/33.jpg\" data-link=\"https:\/\/echta-derminga.de\/?attachment_id=6762\" class=\"wp-image-6762\" srcset=\"https:\/\/echta-derminga.de\/wp-content\/uploads\/2020\/07\/33-700x467.jpg 700w, https:\/\/echta-derminga.de\/wp-content\/uploads\/2020\/07\/33-300x200.jpg 300w, https:\/\/echta-derminga.de\/wp-content\/uploads\/2020\/07\/33-768x512.jpg 768w, https:\/\/echta-derminga.de\/wp-content\/uploads\/2020\/07\/33-120x80.jpg 120w, https:\/\/echta-derminga.de\/wp-content\/uploads\/2020\/07\/33.jpg 900w\" sizes=\"auto, (max-width: 700px) 100vw, 700px\" \/><\/figure><\/li><\/ul><\/figure>\n\n\n\n<p class=\"wp-block-paragraph\" style=\"font-size:18px\"><strong>Vereint Helfen: Vereinshilfe Saarland\u201c<\/strong><\/p>\n\n\n\n<p class=\"wp-block-paragraph\" style=\"font-size:18px\">Das Land m\u00f6chte rund 9,7 Millionen Euro f\u00fcr die saarl\u00e4ndischen Vereine ausgeben. Diese finanzielle Unterst\u00fctzung f\u00fcr gemeinn\u00fctzige und anerkannte Vereine und Stiftungen k\u00f6nnten ab Montag, 06. Juli 2020 beantragt werden. Entsprechende Informationen finden Sie unter: <a href=\"http:\/\/www.corona.saarland.de\/vereinshilfe\">http:\/\/www.corona.saarland.de\/vereinshilfe<\/a>. Dabei werden die Vereine nach Gr\u00f6\u00dfenordnung folgenderma\u00dfen unterst\u00fctzt: bis 100 Mitglieder: 1.500 \u20ac, 101 bis 300 Mitglieder: 2.000 \u20ac, 301 bis 700 Mitglieder: 2.500 \u20ac, ab 701 Mitglieder: 3.000 \u20ac, weitere finanzielle Unterst\u00fctzung in Existenznot durch Corona m\u00f6glich. Ich m\u00f6chte allen unseren Vereinen und Stiftungen diese M\u00f6glichkeit ans Herz legen.<\/p>\n\n\n\n<p class=\"wp-block-paragraph\" style=\"font-size:18px\"><strong>Bitte MEHR Vorsicht im Stra\u00dfenverkehr<\/strong><\/p>\n\n\n\n<p class=\"wp-block-paragraph\" style=\"font-size:18px\">\u00dcberall in unserem Dorf h\u00e4ufen sich die Beschwerden \u00fcber zu schnelles und r\u00fccksichtsloses Fahren. Besonders betroffen sind unsere Durchgangsstra\u00dfen, die Tempo-30-Zonen sowie die verkehrsberuhigten Bereiche. Ich m\u00f6chte alle Verkehrsteilnehmer\/innen um MEHR Miteinander und R\u00fccksicht bitten. Durch die Vollsperrung bez\u00fcglich der Illbr\u00fccke nehmen viele Verkehrsteilnehmer gerne eine Abk\u00fcrzung oder mehr Tempo in Kauf. Bitte denken Sie daran, dass in den kommenden Wochen verst\u00e4rkt Messungen zur Geschwindigkeit in allen Verkehrsbereichen der Gemeinde durchgef\u00fchrt werden.<\/p>\n\n\n\n<p class=\"wp-block-paragraph\" style=\"font-size:18px\"><strong>Borrwieshalle und Nebenraum stehen wieder zur Verf\u00fcgung.<\/strong><\/p>\n\n\n\n<p class=\"wp-block-paragraph\" style=\"font-size:18px\">Geburtstage, Hochzeitsfeiern, Jubil\u00e4en sowie Kommunionen und Konfirmationen k\u00f6nnen wieder im Nebenraum der Borrwieshalle durchgef\u00fchrt werden. Bei einer Zusammenkunft von mehr als 10 Personen ist eine Voranmeldung beim Ordnungsamt der Gemeinde Eppelborn notwendig. Das passende Anmeldeformular findet man auf der Homepage der Gemeindeverwaltung unter www.eppelborn.de unter: Veranstaltungen gem. Corona-Pandemie-Verordnung melden. Dort findet man auch alle wichtigen Informationen zu den Hygieneregeln, dem Mindestabstand und einen aktuellen Auszug der Verordnung zur \u00c4nderung infektionsrechtlicher Verordnungen zur Bek\u00e4mpfung der Corona-Pandemie. Die Mitarbeiter\/innen des Ordnungsamtes stehen unter folgenden Rufnummern gerne mit Rat und Tat zur Verf\u00fcgung: (06881) 969-117 oder (06881) 969-123. Abschlie\u00dfend m\u00f6chte ich Sie daran erinnern, dass unsere Nachbarschaftshilfegruppe immer noch aktiv zur Verf\u00fcgung steht. Sollten Sie die Hilfe der ehrenamtlichen Helferinnen und Helfer ben\u00f6tigen, k\u00f6nnen sie mich gerne zu jeder Zeit telefonisch erreichen. Wir stehen weiterhin gerne f\u00fcr Besorgungen, Eink\u00e4ufe und Beh\u00f6rdeng\u00e4nge zur Verf\u00fcgung. Auch die selbstgemachten Mundschutzbehelfsmasken werden weiterhin kostenlos verteilt. Auch diesbez\u00fcglich k\u00f6nnen Sie mich gerne kontaktieren.<\/p>\n\n\n\n<div class=\"wp-block-image\"><figure class=\"aligncenter size-large\"><img loading=\"lazy\" decoding=\"async\" width=\"700\" height=\"394\" src=\"https:\/\/echta-derminga.de\/wp-content\/uploads\/2020\/07\/ttt-700x394.jpg\" alt=\"\" class=\"wp-image-6764\" srcset=\"https:\/\/echta-derminga.de\/wp-content\/uploads\/2020\/07\/ttt-700x394.jpg 700w, https:\/\/echta-derminga.de\/wp-content\/uploads\/2020\/07\/ttt-300x169.jpg 300w, https:\/\/echta-derminga.de\/wp-content\/uploads\/2020\/07\/ttt-768x432.jpg 768w, https:\/\/echta-derminga.de\/wp-content\/uploads\/2020\/07\/ttt.jpg 900w\" sizes=\"auto, (max-width: 700px) 100vw, 700px\" \/><\/figure><\/div>\n\n\n\n<p class=\"wp-block-paragraph\" style=\"font-size:18px\">Mit diesen Informationen und Eindr\u00fccken w\u00fcnsche ich Ihnen nochmals sch\u00f6ne Ferien und eine angenehme Zeit im &#8222;Derminga D\u00f6rfche&#8220;. Bitte denken Sie immer daran:<strong>\u201c\u2026es \u00e4ndert sich \u00fcberhaupt nichts, wenn wir es nicht \u00e4ndern.\u201c<\/strong><\/p>\n\n\n\n<p class=\"wp-block-paragraph\" style=\"font-size:18px\">In diesem Sinne.<\/p>\n\n\n\n<p class=\"wp-block-paragraph\" style=\"font-size:18px\">Ihr Ortsvorsteher<\/p>\n\n\n\n<p class=\"wp-block-paragraph\" style=\"font-size:18px\"><strong><em>Frank Klein<\/em><\/strong><\/p>\n","protected":false},"excerpt":{"rendered":"<p>Ich w\u00fcnsche allen Dirmingerinnen und Dirmingen sowie allen Sch\u00fclern und Kindern einen sch\u00f6nen und erholsamen Urlaub. Auch wenn der Urlaub in diesem Jahr vielleicht auch etwas anders aussehen mag, so w\u00fcnsche ich Ihnen und Euch dennoch eine entspannte Zeit im Kreise der Familie. Vielleicht nutzen Sie ihren verdienten Urlaub um unser sch\u00f6nes Dirminger Land zu erkunden. Unser Heimatort hat vieles<\/p>\n","protected":false},"author":1,"featured_media":6746,"comment_status":"open","ping_status":"closed","sticky":false,"template":"","format":"standard","meta":{"_crdt_document":"","footnotes":""},"categories":[1,812],"tags":[848,5,618,127,634],"class_list":["post-6742","post","type-post","status-publish","format-standard","has-post-thumbnail","hentry","category-allgemein","category-ortsvorsteher-dirmingen","tag-bankpaten","tag-dirmingen","tag-gemeinde-eppelborn","tag-landkreis-neunkirchen","tag-ortsvorsteher"],"_links":{"self":[{"href":"https:\/\/echta-derminga.de\/index.php?rest_route=\/wp\/v2\/posts\/6742","targetHints":{"allow":["GET"]}}],"collection":[{"href":"https:\/\/echta-derminga.de\/index.php?rest_route=\/wp\/v2\/posts"}],"about":[{"href":"https:\/\/echta-derminga.de\/index.php?rest_route=\/wp\/v2\/types\/post"}],"author":[{"embeddable":true,"href":"https:\/\/echta-derminga.de\/index.php?rest_route=\/wp\/v2\/users\/1"}],"replies":[{"embeddable":true,"href":"https:\/\/echta-derminga.de\/index.php?rest_route=%2Fwp%2Fv2%2Fcomments&post=6742"}],"version-history":[{"count":12,"href":"https:\/\/echta-derminga.de\/index.php?rest_route=\/wp\/v2\/posts\/6742\/revisions"}],"predecessor-version":[{"id":6766,"href":"https:\/\/echta-derminga.de\/index.php?rest_route=\/wp\/v2\/posts\/6742\/revisions\/6766"}],"wp:featuredmedia":[{"embeddable":true,"href":"https:\/\/echta-derminga.de\/index.php?rest_route=\/wp\/v2\/media\/6746"}],"wp:attachment":[{"href":"https:\/\/echta-derminga.de\/index.php?rest_route=%2Fwp%2Fv2%2Fmedia&parent=6742"}],"wp:term":[{"taxonomy":"category","embeddable":true,"href":"https:\/\/echta-derminga.de\/index.php?rest_route=%2Fwp%2Fv2%2Fcategories&post=6742"},{"taxonomy":"post_tag","embeddable":true,"href":"https:\/\/echta-derminga.de\/index.php?rest_route=%2Fwp%2Fv2%2Ftags&post=6742"}],"curies":[{"name":"wp","href":"https:\/\/api.w.org\/{rel}","templated":true}]}}