{"id":686,"date":"2018-02-26T21:43:45","date_gmt":"2018-02-26T20:43:45","guid":{"rendered":"http:\/\/echta-derminga.de\/?p=686"},"modified":"2018-02-26T21:49:46","modified_gmt":"2018-02-26T20:49:46","slug":"auf-dem-weg-zum-neuen-pfarrer-in","status":"publish","type":"post","link":"https:\/\/echta-derminga.de\/?p=686","title":{"rendered":"Auf dem Weg zum neuen Pfarrer\/in"},"content":{"rendered":"<div id=\"attachment_173\" style=\"width: 310px\" class=\"wp-caption alignleft\"><img loading=\"lazy\" decoding=\"async\" aria-describedby=\"caption-attachment-173\" class=\"wp-image-173 size-medium\" src=\"https:\/\/echta-derminga.de\/wp-content\/uploads\/2018\/01\/Kerch-4-1-300x168.jpg\" alt=\"\" width=\"300\" height=\"168\" srcset=\"https:\/\/echta-derminga.de\/wp-content\/uploads\/2018\/01\/Kerch-4-1-300x168.jpg 300w, https:\/\/echta-derminga.de\/wp-content\/uploads\/2018\/01\/Kerch-4-1-676x380.jpg 676w, https:\/\/echta-derminga.de\/wp-content\/uploads\/2018\/01\/Kerch-4-1.jpg 700w\" sizes=\"auto, (max-width: 300px) 100vw, 300px\" \/><p id=\"caption-attachment-173\" class=\"wp-caption-text\">Presbyterium Evkir Dirmingen<\/p><\/div>\n<p><strong>&#8222;Jetzt wollen wir mal die Kirche im Dorf lassen&#8220;.\u00a0F\u00fcr mich pers\u00f6nlich wurde aus diesem alten Sprichwort l\u00e4ngst ein Leitspruch !<\/strong><\/p>\n<p><strong>Als ich im Jahre 2016 in das Presbyterium der evangelischen Kirchengemeinde Dirmingen gew\u00e4hlt wurde, konnte ich noch nicht ahnen wie viel Zeit dieses Ehrenamt in Anspruch nimmt. Heute bin ich um so mache Erfahrung reicher. Ich stelle mich sehr gerne in den Dienst meiner Kirche und richte dieses Amt des Presbyters auch sehr gerne aus.\u00a0Dabei habe ich mir die Entscheidung\u00a0nicht leicht\u00a0gemacht und meine Kandidatur zu dieser Wahl erst kurz vor Toresschluss zugesagt. Letztlich war es neben meinem Glauben die Liebe zu meiner (Dorf-)Kirche.<\/strong><\/p>\n<p>Meine erste Amtszeit war bisher keineswegs einfach. Schon zu Beginn der Amtsperiode war abzusehen, dass unser Pfarrer zeitnah in den Ruhestand geht. Leider kam der Zeitpunkt des Abschiedes sehr \u00fcberraschend und fr\u00fcher als erwartet. Das Presbyterium war pl\u00f6tzlich auf eigene Beine gestellt und musste richtungsweisende Ma\u00dfnahmen ergreifen. Die erste Pfarrstelle sollte neu ausgeschrieben und neu besetzt werden. Bis dahin musste das Presbyterium jedoch noch einige H\u00fcrden nehmen. Das Verfahren verlief alles andere als reibungslos. Am Ende der ersten Ausschreibung lagen drei Bewerbungen vor. Das Presbyterium entschied sich f\u00fcr einen Kandidaten und hoffte auf eine baldige Besetzung der vakanten Pfarrstelle. Aufgrund der Tatsache, dass unser Kandidat nicht an der Residenzpflicht festhalten konnte, sprach sich der\u00a0\u00a0Kreissynodalvorstand und die Landeskirche gegen unseren Favoriten aus.<\/p>\n<p>Genau hier beginnt mein pers\u00f6nliches Dilemma. Ganz abgesehen von den vorhandenen Richtlinien habe ich ein gro\u00dfes Problem mit dieser Entscheidung.\u00a0Gesetzte wie die &#8222;Einhaltung einer Residenzpflicht&#8220; sind l\u00e4ngst nicht mehr Zeitgem\u00e4\u00df und beim besten Willen auch nicht mehr vermittelbar. Obwohl die\u00a0negative Entscheidung des\u00a0Kreissynodalvorstand nicht unerwartet kam, traf sie unser Presbyterium doch sehr hart. Am Ende musste wir die Kr\u00f6te schlucken und erneut die Besetzung der ersten Pfarrstelle ausschreiben. Im Januar dieses Jahres wurde, nach bis dahin einem Jahr Vakanz, erneut ausgeschrieben. Diesmal gingen fristgerecht vier Bewerbungen ein. Das Presbyterium hatte also erneut die Qual der Wahl.<\/p>\n<p>Nach intensiver Auseinandersetzung mit den eingegangenen Bewerbungen hat sich das Presbyterium dazu entschieden, zwei Bewerber f\u00fcr das Pfarrstellenbesetzungsverfahren in Aussicht zu nehmen. Es scheint also &#8222;Licht am Ende des Tunnels&#8220;. Bei den beiden &#8222;Auserw\u00e4hlten&#8220; handelt es sich um Pfarrerin Anja Schild und Pfarrer Joachim Geis. Aus Sicht unseres Presbyteriums haben beide ausgezeichnete Voraussetzungen um die erste Pfarrstelle in unserer Kirchengemeinde zu besetzen. Im weiteren Verlauf des Verfahrens m\u00fcssen die beiden Bewerber eine Probekatechese und einen Probegottesdienst durchf\u00fchren. Hier die Termine:<\/p>\n<p><strong>Herr Joachim Geis:<\/strong><\/p>\n<p>Freitag, 16.03.2018, 16:00 bis 17:00 Uhr: Probekatechese mit den Katechumenen im Gemeindehaus Dirmingen, Marktplatz 8, 66571 Eppelborn-Dirmingen<\/p>\n<p>Sonntag, 18.03.2018, 10:00 Uhr: Probegottesdienst in der Kirche Dirmingen, Marktplatz 8, 66571 Eppelborn-Dirmingen<\/p>\n<p><strong>Frau Anja Schild:<\/strong><\/p>\n<p>Freitag, 23.03.2018, 16:00 bis 17:00 Uhr: Probekatechese mit den Katechumenen im Gemeindehaus Dirmingen, Marktplatz 8, 66571 Eppelborn-Dirmingen<\/p>\n<p>Sonntag, 25.03.2018, 8:45 Uhr: Probegottesdienst im Gemeindehaus Berschweiler, Zur Laubwiese 5, 66646 Marpingen-Berschweiler<\/p>\n<p>Ich pers\u00f6nlich freue mich \u00fcber die Entwicklung der letzten Wochen. Es scheint nun also doch ein Ende absehbar zu sein. Ich hoffe, dass wir recht bald eine gute L\u00f6sung und einen guten Pfarrer\/in f\u00fcr unsere Kirchengemeinde finden.<\/p>\n<p><strong>An meiner Meinung zu einem Amt in einem Kirchengremium \u00e4ndert dies jedoch nichts !\u00a0Ich denke die Last auf den Schultern der ehrenamtlichen Presbytern ist einfach zu gro\u00df. Die Kirche sollte sich an die Seite ihrer Sch\u00e4fchen stellen und das Miteinander pflegen. Von Null auf Hundert musste unser Presbyterium, im Ehrenamt, eine ganze Kirchengemeinde leiten. Dazu geh\u00f6ren unter anderem Verwaltung, Finanzen, Haushalt und Gottesdienste. Obwohl ich sehr gerne Presbyter bin finde ich einige Sachen \u00fcberholt und nicht mehr zeitgem\u00e4\u00df. Die Kirche braucht Mut zur Ver\u00e4nderungen.\u00a0Ich denke auch die katholischen Freunde in den Pfarrgemeinder\u00e4ten oder Verwaltungsr\u00e4ten k\u00f6nnen ein Klagelied von ihrer verantwortungsvollen Aufgabe singen. Aus meiner Sicht tragen die Mitglieder solcher Kirchengremien eine viel zu hohe B\u00fcrde. Wie soll dies alles im Ehrenamt bewerkstelligt werden ? Die Kirche muss neue Wege gehen. Ich w\u00fcrde gerne helfen den richtigen Weg zu finden um letztendlich die &#8222;Kirche im Dorf zu lassen&#8220;.<\/strong><\/p>\n<p>&nbsp;<\/p>\n<p>&nbsp;<\/p>\n<p>&nbsp;<\/p>\n","protected":false},"excerpt":{"rendered":"<p>&#8222;Jetzt wollen wir mal die Kirche im Dorf lassen&#8220;.\u00a0F\u00fcr mich pers\u00f6nlich wurde aus diesem alten Sprichwort l\u00e4ngst ein Leitspruch ! Als ich im Jahre 2016 in das Presbyterium der evangelischen Kirchengemeinde Dirmingen gew\u00e4hlt wurde, konnte ich noch nicht ahnen wie viel Zeit dieses Ehrenamt in Anspruch nimmt. Heute bin ich um so mache Erfahrung reicher. Ich stelle mich sehr gerne<\/p>\n","protected":false},"author":1,"featured_media":172,"comment_status":"closed","ping_status":"closed","sticky":false,"template":"","format":"standard","meta":{"_crdt_document":"","footnotes":""},"categories":[47],"tags":[5,89,85,88,86,87],"class_list":["post-686","post","type-post","status-publish","format-standard","has-post-thumbnail","hentry","category-meine-kirche","tag-dirmingen","tag-dorf","tag-evangelische-kirche-dirmingen","tag-kirchengremium","tag-pfarrstelle","tag-probegottesdienst"],"_links":{"self":[{"href":"https:\/\/echta-derminga.de\/index.php?rest_route=\/wp\/v2\/posts\/686","targetHints":{"allow":["GET"]}}],"collection":[{"href":"https:\/\/echta-derminga.de\/index.php?rest_route=\/wp\/v2\/posts"}],"about":[{"href":"https:\/\/echta-derminga.de\/index.php?rest_route=\/wp\/v2\/types\/post"}],"author":[{"embeddable":true,"href":"https:\/\/echta-derminga.de\/index.php?rest_route=\/wp\/v2\/users\/1"}],"replies":[{"embeddable":true,"href":"https:\/\/echta-derminga.de\/index.php?rest_route=%2Fwp%2Fv2%2Fcomments&post=686"}],"version-history":[{"count":7,"href":"https:\/\/echta-derminga.de\/index.php?rest_route=\/wp\/v2\/posts\/686\/revisions"}],"predecessor-version":[{"id":694,"href":"https:\/\/echta-derminga.de\/index.php?rest_route=\/wp\/v2\/posts\/686\/revisions\/694"}],"wp:featuredmedia":[{"embeddable":true,"href":"https:\/\/echta-derminga.de\/index.php?rest_route=\/wp\/v2\/media\/172"}],"wp:attachment":[{"href":"https:\/\/echta-derminga.de\/index.php?rest_route=%2Fwp%2Fv2%2Fmedia&parent=686"}],"wp:term":[{"taxonomy":"category","embeddable":true,"href":"https:\/\/echta-derminga.de\/index.php?rest_route=%2Fwp%2Fv2%2Fcategories&post=686"},{"taxonomy":"post_tag","embeddable":true,"href":"https:\/\/echta-derminga.de\/index.php?rest_route=%2Fwp%2Fv2%2Ftags&post=686"}],"curies":[{"name":"wp","href":"https:\/\/api.w.org\/{rel}","templated":true}]}}