{"id":6965,"date":"2020-07-17T13:59:10","date_gmt":"2020-07-17T12:59:10","guid":{"rendered":"http:\/\/echta-derminga.de\/?p=6965"},"modified":"2020-07-17T14:08:58","modified_gmt":"2020-07-17T13:08:58","slug":"stillstand-schwere-zeiten-fuer-unsere-vereine","status":"publish","type":"post","link":"https:\/\/echta-derminga.de\/?p=6965","title":{"rendered":"Stillstand &#8211; Schwere Zeiten f\u00fcr unsere Vereine"},"content":{"rendered":"\n<p class=\"wp-block-paragraph\" style=\"font-size:18px\"><strong>Alles steht still! Das Vereinsleben ist w\u00e4hrend der Corona-Pandemie fast zum Erliegen gekommen. Keine Vereinsfeste, keine Veranstaltungen, kein Spielbetrieb und somit auch keine Einnahmen.<\/strong><\/p>\n\n\n\n<p class=\"wp-block-paragraph\" style=\"font-size:18px\">Der Gemeinschaftssinn, das Miteinander und das Vereinsgef\u00fchl bleiben auf der Strecke. Ich mache mir nicht erst seit heute echten Sorgen um unsere Vereinslandschaft. Die Kontaktpflege und der soziale Austausch finden kaum noch statt. Seit mehreren Monaten ruht, aufgrund der Pandemie, das Vereinsleben. Ein Ende ist noch nicht in Sicht und die ersten bleibenden Sch\u00e4den sind l\u00e4ngst entstanden.<\/p>\n\n\n\n<p class=\"wp-block-paragraph\" style=\"font-size:18px\"><strong>Immerhin d\u00fcrfen Vereine durch die ersten Lockerungen zumindest wieder Vorstandssitzungen oder kleinere Trainingseinheiten durchf\u00fchren. Die gro\u00dfen Ballsportverb\u00e4nde planen nach den gro\u00dfen Ferien den Auftakt des Spielbetriebes. Stellt sich lediglich die Frage, wie kann oder soll das aussehen? Mich plagt die Sorge, dass unsere Vereine am Ende mehr Verantwortung tragen m\u00fcssen, als dass sie eigentlich in der Lage sind.<\/strong><\/p>\n\n\n\n<p class=\"wp-block-paragraph\" style=\"font-size:18px\">Neben den eigentlichen Vereinsaktivit\u00e4ten, wie z.B Spiel-und Trainingsbetrieb, Schulungen, Weiterbildungen oder Vereinsfeste ger\u00e4t auch die Infrastruktur der Vereine mehr und mehr in Gefahr. Fast jeder Verein hat Baustellen, die auf der eigenen Agenda stehen und irgendwann einmal bearbeitet werden m\u00fcssten. Wie soll man diese Probleme anpacken, wenn keine Einnahmen reinkommen?<\/p>\n\n\n\n<p class=\"wp-block-paragraph\" style=\"font-size:18px\"><strong>Ein Ende der Pandemie ist noch nicht in Sicht und die Menschen bereiten sich vielerorts schon auf eine zweite Welle vor. Das, was stattfinden kann, findet unter den strengsten Hygienerichtlinien statt. In der vergangenen Woche konnten wir schon froh sein, dass unser Tennisverein TC Eppelborn-Dirmingen unter den gegebenen Richtlinien seine Seniorenmeisterschaften durchf\u00fchren konnte. Alles andere an Gro\u00dfveranstaltungen in unserem Dorf wurde fr\u00fchzeitig abgesagt. Das ist verst\u00e4ndlich und unbedingt nachvollziehbar. Veranstaltungen wie \u201eUnser Dorf spielt Handball\u201c oder \u201eUnser Dorf spielt Fu\u00dfball\u201c sowie das Imkerfest oder das Fischerfest konnte man unter den aktuellen Umst\u00e4nden nicht durchf\u00fchren. Was bleibt, ist Entt\u00e4uschung und Ratlosigkeit. Woher kommen nun die dringend ben\u00f6tigten Einnahmen?<\/strong><\/p>\n\n\n\n<p class=\"wp-block-paragraph\" style=\"font-size:18px\">Der saarl\u00e4ndische Ministerrat hat bereits im Juni die Richtlinie der Landesregierung zur Unterst\u00fctzung der durch die Corona-Pandemie betroffenen gemeinn\u00fctzig anerkannten Vereine verabschiedet. Das Programm \u201eVereint helfen: Vereinshilfe Saarland\u201c, sieht schnelle und unb\u00fcrokratische Unterst\u00fctzung f\u00fcr Vereine vor. Das Land stellt dabei Mittel in H\u00f6he von mehr als 9,7 Millionen Euro bereit. Seit dem 6. Juli 2020 k\u00f6nnen die Vereine diese Unterst\u00fctzung online \u00fcber corona.saarland.de\/ Vereinshilfen beantragen.<\/p>\n\n\n\n<p class=\"wp-block-paragraph\" style=\"font-size:18px\"><strong>Die Landesregierung tut gut daran diese Ma\u00dfnahmen zu ergreifen. Leider sind diese Mittel f\u00fcr viele Vereine nur ein Tropfen auf den hei\u00dfen Stein. Unseren Vereinen geht es nicht gut. Das Saarland gilt bekannterweise als Land der Vereinsmeier. Unser Land hat Jahrzehnte lang von den Vereinen profitiert und m\u00f6chte nun etwas zur\u00fcckgeben. Dabei gen\u00fcgt diese Finanzspritze bei weitem nicht aus. Was wir brauchen ist ein Programm, das sich im Detail mit den Vereinen befasst und L\u00f6sungen aufsucht.<\/strong><\/p>\n\n\n\n<p class=\"wp-block-paragraph\" style=\"font-size:18px\">Die Menschen in den Vereinen leben von dem sozialen Miteinander. Pl\u00f6tzlich ist dieses Vereinsleben auf unabsehbare Zeit weggebrochen. In vielen Vereinen gibt es nun gro\u00dfe Sorgen und Existenz\u00e4ngste. Wie soll es weitergehen? Damit wir uns nicht falsch verstehen, nat\u00fcrlich ist es unsere Pflicht mit den Verordnungen und der damit verbundenen Situation bewusst und verantwortlich umzugehen. Niemand m\u00f6chte andere Menschen einer Gefahr aussetzen. Schon allein deshalb haben die vielen Vereine ihre Aktivit\u00e4ten und Veranstaltungen in diesem Jahr rechtzeitig abgesagt. Auf der anderen Seite geht es aber auch darum, den Vereinen einen Neuanfang zu erm\u00f6glichen und Chancen aufzuzeigen.<\/p>\n\n\n\n<p class=\"wp-block-paragraph\" style=\"font-size:18px\"><strong>Dennoch bleiben viele Fragezeichen. Wie soll es nun weitergehen? Die Hoffnungen liegen auf dem n\u00e4chsten Jahr, wobei mich auch schon bei diesem Blick in die Zukunft viele Fragen begleiten. Ist der Spuk dann wirklich vorbei? Ich mache mir schon heute Sorgen um unser Fastnachtstreiben. Hat man bis zum Jahr 2021 einen Impfstoff gefunden oder m\u00fcssen wir uns auf ein weiteres Jahr voller Entbehrungen gefasst machen. Auf dem Weg in die neue Realit\u00e4t sind wir noch weit entfernt von der gewohnten Normalit\u00e4t.<\/strong><\/p>\n\n\n\n<p class=\"wp-block-paragraph\" style=\"font-size:18px\">F\u00fcr unsere Vereine w\u00e4re die Fortsetzung des Status Quo im Jahr 2021 sicherlich eine Katastrophe, wobei ich mir sicher bin, dass manch ein Verein dies nicht \u00fcberleben w\u00fcrde. Guter Rat ist teuer. Wir brauchen zukunftsorientierte L\u00f6sungen und Ans\u00e4tze. Eine kurzfristige Finanzspritze allein, mag sie noch so gut gemeint sein, reicht nicht aus. Die Menschen brauchen sozialen Kontakt. Gerade auf dem Land und in Gemeinden und D\u00f6rfern unserer Gr\u00f6\u00dfenordnung sind Vereine und Organisationen unverzichtbar. Wie werden unsere Kinder und Jugendlichen mit dieser angespannten Situation fertig? Jahrelang haben wir versucht, unseren Kindern durch das Vereinsleben eine Schule f\u00fcr das Leben zu bieten. Ich bef\u00fcrchte, dass die verloren gegangenen sozialen Aspekte so manchen Schaden anrichten.<\/p>\n\n\n\n<p class=\"wp-block-paragraph\" style=\"font-size:18px\">Ganz nebenbei kommt auch noch die Kultur zum Erlegen. Unser Kulturverein macht sich zurecht Sorgen um den Erhalt der eigenen Dorfkultur. Was ist mit der \u201eKerb\u201c und inwieweit kann man die Durchf\u00fchrung eines \u201eMittelalterlichen Weihnachtsmarktes\u201c ins Auge fassen? Zugegebenerma\u00dfen ist die Durchf\u00fchrungen einer solch gro\u00dfen Veranstaltung nur schwer umsetzbar.<\/p>\n\n\n\n<p class=\"wp-block-paragraph\" style=\"font-size:18px\"><strong>Alles steht still. Die Rede ist von einer Entschleunigung. Vielerorts h\u00f6rt man, dass diese Entschleunigung den Menschen gut tut und den Stress blockt. F\u00fcr die Vereine ist diese Entschleunigung eine Katastrophe. Im Anbracht dieser Tatsache f\u00e4llt es schwer positiv in die Zukunft zu blicken.<\/strong><\/p>\n\n\n\n<p class=\"wp-block-paragraph\" style=\"font-size:18px\">Was bleibt ist die Suche nach Alternativen. Was tun, wenn nichts mehr ist, wie es einmal war? Wichtig ist: <strong><em>Nicht aufgeben und neue Wege suchen.<\/em><\/strong><\/p>\n\n\n\n<p class=\"wp-block-paragraph\" style=\"font-size:18px\">Wenn diese Krise f\u00fcr etwas gut sein soll, dann allein daf\u00fcr, dass man sich mal wieder auf das Wesentliche konzentrieren muss. Wir sollten enger zusammenr\u00fccken und uns gegenseitig helfen und aufrichten. Daf\u00fcr ben\u00f6tigen wir einen Schulterschluss und ein harmonisches Miteinander. Ich denke wir sollten die K\u00f6pfe zusammenstecken und nach neuen Wegen suchen. Schon alleine das ist leichter gesagt als getan.<\/p>\n","protected":false},"excerpt":{"rendered":"<p>Alles steht still! Das Vereinsleben ist w\u00e4hrend der Corona-Pandemie fast zum Erliegen gekommen. Keine Vereinsfeste, keine Veranstaltungen, kein Spielbetrieb und somit auch keine Einnahmen. Der Gemeinschaftssinn, das Miteinander und das Vereinsgef\u00fchl bleiben auf der Strecke. Ich mache mir nicht erst seit heute echten Sorgen um unsere Vereinslandschaft. Die Kontaktpflege und der soziale Austausch finden kaum noch statt. Seit mehreren Monaten<\/p>\n","protected":false},"author":1,"featured_media":6968,"comment_status":"open","ping_status":"closed","sticky":false,"template":"","format":"standard","meta":{"_crdt_document":"","footnotes":""},"categories":[1,9,100],"tags":[],"class_list":["post-6965","post","type-post","status-publish","format-standard","has-post-thumbnail","hentry","category-allgemein","category-dorfgetratsche","category-meine-kulturaner"],"_links":{"self":[{"href":"https:\/\/echta-derminga.de\/index.php?rest_route=\/wp\/v2\/posts\/6965","targetHints":{"allow":["GET"]}}],"collection":[{"href":"https:\/\/echta-derminga.de\/index.php?rest_route=\/wp\/v2\/posts"}],"about":[{"href":"https:\/\/echta-derminga.de\/index.php?rest_route=\/wp\/v2\/types\/post"}],"author":[{"embeddable":true,"href":"https:\/\/echta-derminga.de\/index.php?rest_route=\/wp\/v2\/users\/1"}],"replies":[{"embeddable":true,"href":"https:\/\/echta-derminga.de\/index.php?rest_route=%2Fwp%2Fv2%2Fcomments&post=6965"}],"version-history":[{"count":5,"href":"https:\/\/echta-derminga.de\/index.php?rest_route=\/wp\/v2\/posts\/6965\/revisions"}],"predecessor-version":[{"id":6971,"href":"https:\/\/echta-derminga.de\/index.php?rest_route=\/wp\/v2\/posts\/6965\/revisions\/6971"}],"wp:featuredmedia":[{"embeddable":true,"href":"https:\/\/echta-derminga.de\/index.php?rest_route=\/wp\/v2\/media\/6968"}],"wp:attachment":[{"href":"https:\/\/echta-derminga.de\/index.php?rest_route=%2Fwp%2Fv2%2Fmedia&parent=6965"}],"wp:term":[{"taxonomy":"category","embeddable":true,"href":"https:\/\/echta-derminga.de\/index.php?rest_route=%2Fwp%2Fv2%2Fcategories&post=6965"},{"taxonomy":"post_tag","embeddable":true,"href":"https:\/\/echta-derminga.de\/index.php?rest_route=%2Fwp%2Fv2%2Ftags&post=6965"}],"curies":[{"name":"wp","href":"https:\/\/api.w.org\/{rel}","templated":true}]}}