{"id":6973,"date":"2020-07-20T10:31:42","date_gmt":"2020-07-20T09:31:42","guid":{"rendered":"http:\/\/echta-derminga.de\/?p=6973"},"modified":"2020-07-20T10:51:00","modified_gmt":"2020-07-20T09:51:00","slug":"in-sachen-ortsvorsteher-von-einem-besonderen-geburtstag-einem-besonderen-turnier-und-einem-erholsamen-urlaub","status":"publish","type":"post","link":"https:\/\/echta-derminga.de\/?p=6973","title":{"rendered":"In Sachen Ortsvorsteher: Von einem besonderen Geburtstag, einem besonderen Turnier und einem erholsamen Urlaub"},"content":{"rendered":"\n<p class=\"wp-block-paragraph\" style=\"font-size:18px\">Liebe Dirmingerinnen,<\/p>\n\n\n\n<p class=\"wp-block-paragraph\" style=\"font-size:18px\">liebe Dirminger,<\/p>\n\n\n\n<p class=\"wp-block-paragraph\" style=\"font-size:18px\">unser Heimatort verf\u00fcgt \u00fcber den gr\u00f6\u00dften Bann in der Gemeinde Eppelborn. Neben verschiedenen Naherholungsgebieten, dem Freizeitzentrum Finkenrech und zahlreichen Premium Wanderwegen findet man in Dirmingen viel Natur, wundersch\u00f6ne Weiden und herrliche W\u00e4lder. Wir haben eine sch\u00f6ne Heimat und sollten darauf achten, dass dieser Schatz erhalten bleibt. Aufgrund der Pandemie sind viele Mitb\u00fcrgerinnen und Mitb\u00fcrger in diesem Jahr gezwungen, ihre Urlaubstage Zuhause zu verbringen. Gem\u00e4\u00df dem Motto&#8220;Warum in die Ferne schweifen, wenn das Gute liegt so nah\u201c sollten Sie sich nicht kramen und das Positive darin erkennen. Nutzen Sie ihre Freizeit zu einem Urlaub\u201cDehemm\u201c. In Dirmingen kann man vieles sehen, genie\u00dfen und erleben. Gehen sie Wandern, Radfahren, Spazieren oder nutzen Sie unsere Gastronomie zum Schlemmen oder einem Besuch in einem Biergarten. Genie\u00dfen Sie Dirmingen im Herzen dieses Landes. Hier am Zusammenfluss von Alsbach und Ill kann man Natur und Kultur hautnah erleben.<\/p>\n\n\n\n<div class=\"wp-block-image\"><figure class=\"aligncenter size-large\"><img loading=\"lazy\" decoding=\"async\" width=\"700\" height=\"394\" src=\"https:\/\/echta-derminga.de\/wp-content\/uploads\/2020\/07\/1-3-700x394.jpg\" alt=\"\" class=\"wp-image-6974\" srcset=\"https:\/\/echta-derminga.de\/wp-content\/uploads\/2020\/07\/1-3-700x394.jpg 700w, https:\/\/echta-derminga.de\/wp-content\/uploads\/2020\/07\/1-3-300x169.jpg 300w, https:\/\/echta-derminga.de\/wp-content\/uploads\/2020\/07\/1-3-768x432.jpg 768w, https:\/\/echta-derminga.de\/wp-content\/uploads\/2020\/07\/1-3.jpg 900w\" sizes=\"auto, (max-width: 700px) 100vw, 700px\" \/><\/figure><\/div>\n\n\n\n<p class=\"wp-block-paragraph\" style=\"font-size:18px\"><strong>Neues von unseren Bankpaten<\/strong><\/p>\n\n\n\n<p class=\"wp-block-paragraph\" style=\"font-size:18px\"><strong>Wie bereits erw\u00e4hnt: Unsere Heimat ist sch\u00f6n und so soll es auch bleiben. Wir alle sind dazu eingeladen, das Sch\u00f6ne zu bewahren oder zu verbessern. Unsere Bankpaten packen genau an diesem Punkt an und versch\u00f6nern unsere Landschaften. Auch aus Gr\u00fcnden des sanften Tourismus und der Naherholung ist die Arbeit unserer Bankpaten enorm wichtig. Inzwischen wurden zwei weitere B\u00e4nke in liebevoller Kleinarbeit neu gemacht. Vielen Dank an Rudi Konetzka und Sepp Wilhelm. Gute Arbeit. Man sieht, in unserem D\u00f6rfchen bewegt sich etwas.<\/strong><\/p>\n\n\n\n<figure class=\"wp-block-gallery columns-2 is-cropped wp-block-gallery-1 is-layout-flex wp-block-gallery-is-layout-flex\"><ul class=\"blocks-gallery-grid\"><li class=\"blocks-gallery-item\"><figure><img loading=\"lazy\" decoding=\"async\" width=\"700\" height=\"416\" src=\"https:\/\/echta-derminga.de\/wp-content\/uploads\/2020\/07\/2-2-700x416.jpg\" alt=\"\" data-id=\"6976\" data-link=\"https:\/\/echta-derminga.de\/?attachment_id=6976\" class=\"wp-image-6976\" srcset=\"https:\/\/echta-derminga.de\/wp-content\/uploads\/2020\/07\/2-2-700x416.jpg 700w, https:\/\/echta-derminga.de\/wp-content\/uploads\/2020\/07\/2-2-300x178.jpg 300w, https:\/\/echta-derminga.de\/wp-content\/uploads\/2020\/07\/2-2-768x456.jpg 768w, https:\/\/echta-derminga.de\/wp-content\/uploads\/2020\/07\/2-2.jpg 987w\" sizes=\"auto, (max-width: 700px) 100vw, 700px\" \/><\/figure><\/li><li class=\"blocks-gallery-item\"><figure><img loading=\"lazy\" decoding=\"async\" width=\"534\" height=\"371\" src=\"https:\/\/echta-derminga.de\/wp-content\/uploads\/2020\/07\/3-1.jpg\" alt=\"\" data-id=\"6977\" data-full-url=\"https:\/\/echta-derminga.de\/wp-content\/uploads\/2020\/07\/3-1.jpg\" data-link=\"https:\/\/echta-derminga.de\/?attachment_id=6977\" class=\"wp-image-6977\" srcset=\"https:\/\/echta-derminga.de\/wp-content\/uploads\/2020\/07\/3-1.jpg 534w, https:\/\/echta-derminga.de\/wp-content\/uploads\/2020\/07\/3-1-300x208.jpg 300w\" sizes=\"auto, (max-width: 534px) 100vw, 534px\" \/><\/figure><\/li><\/ul><\/figure>\n\n\n\n<p class=\"wp-block-paragraph\" style=\"font-size:18px\"><strong>Herzlichen Gl\u00fcckwunsch Alice Mail\u00e4nder zum 90. Wiegenfest<\/strong><\/p>\n\n\n\n<p class=\"wp-block-paragraph\" style=\"font-size:18px\">Bereits im Fr\u00fchjahr feierte unsere Mitb\u00fcrgerin Frau Alice Mail\u00e4nder ihren 90. Geburtstag. Damals war aufgrund der Situation rund um die Corona-Pandemie ein Besuch nicht m\u00f6glich. Am Dienstag,14. Juli 2020 war es nun an der Zeit die Gratulation nachzuholen. Gemeinsam mit B\u00fcrgermeister Dr. Andreas Feld besuchten wir Frau Alice Mail\u00e4nder Zuhause, um unsere Gl\u00fcckw\u00fcnsche zu \u00fcberbringen. W\u00e4hrend B\u00fcrgermeister Dr. Andreas Feld die Geburtstagsgr\u00fc\u00dfe des Ministerpr\u00e4sidenten, des Landrates und der Gemeindeverwaltung \u00fcberreichte, durfte ich in Form eines Blumenstrau\u00dfes die Gl\u00fcckw\u00fcnsche des Ortsrates und unserer Bev\u00f6lkerung zum Ausdruck bringen. Frau Alice Mail\u00e4nder hatte w\u00e4hrend unseres Besuches viel interessantes zu erz\u00e4hlen. In angenehmer Atmosph\u00e4re berichtete Frau Mail\u00e4nder von ihrem Leben und ihrer Liebe zu ihrem Beruf. Auch an dieser Stelle m\u00f6chte ich Frau Alice Mail\u00e4nder die Gl\u00fcckw\u00fcnsche des Ortsrates und unserer Bev\u00f6lkerung \u00fcbermitteln. Ich w\u00fcnsche weiterhin viel Gl\u00fcck und Gesundheit auf dem weiteren Lebensweg.<\/p>\n\n\n\n<div class=\"wp-block-image\"><figure class=\"aligncenter size-large\"><img loading=\"lazy\" decoding=\"async\" width=\"700\" height=\"525\" src=\"https:\/\/echta-derminga.de\/wp-content\/uploads\/2020\/07\/4-1-700x525.jpg\" alt=\"\" class=\"wp-image-6980\" srcset=\"https:\/\/echta-derminga.de\/wp-content\/uploads\/2020\/07\/4-1-700x525.jpg 700w, https:\/\/echta-derminga.de\/wp-content\/uploads\/2020\/07\/4-1-300x225.jpg 300w, https:\/\/echta-derminga.de\/wp-content\/uploads\/2020\/07\/4-1-768x576.jpg 768w, https:\/\/echta-derminga.de\/wp-content\/uploads\/2020\/07\/4-1.jpg 900w\" sizes=\"auto, (max-width: 700px) 100vw, 700px\" \/><\/figure><\/div>\n\n\n\n<p class=\"wp-block-paragraph\" style=\"font-size:18px\"><strong>Tennis-Saarlandmeisterschaften in Dirmingen<\/strong><\/p>\n\n\n\n<p class=\"wp-block-paragraph\" style=\"font-size:18px\"><strong>Gro\u00dfer Bahnhof auf der Tennisanlage des TC Eppelborn\/Dirmingen in unserem sch\u00f6nen Heimatort Dirmingen. Der TC Eppelborn -Dirmingen richtete zum ersten Mal in seiner Vereinsgeschichte die Saarlandmeisterschaften der Senioren aus. Am Ende spielten \u00fcber 250 Tennisspieler\/innen um den begehrten Titel und boten dabei gro\u00dfes Tennis. Als Ortsvorsteher von Dirmingen durfte ich in Begleitung des B\u00fcrgermeisters Dr.Andreas Feld, des Beigeordneten Christian Ney und des stellvertretenden OV von Eppelborn Hans Nicolay an der Seite des Vorsitzenden Klaus Sch\u00e4fer die Siegerehrung bei den Saarlandmeisterschaften 2020 durchf\u00fchren. Als besonders Bonbon wurde seitens der Gemeinde ein Check \u00fcber 6000 Euro \u00fcberreicht. Diese Finanzspritze ben\u00f6tigt der Verein, um dringend notwendige Sanierungen durchzuf\u00fchren. Danke an die Organisation und alle Spielerinnen und Spieler.<\/strong><\/p>\n\n\n\n<div class=\"wp-block-image\"><figure class=\"aligncenter size-large\"><img loading=\"lazy\" decoding=\"async\" width=\"700\" height=\"525\" src=\"https:\/\/echta-derminga.de\/wp-content\/uploads\/2020\/07\/115822357_3135370296557674_520970503122496763_n-700x525.jpg\" alt=\"\" class=\"wp-image-6982\" srcset=\"https:\/\/echta-derminga.de\/wp-content\/uploads\/2020\/07\/115822357_3135370296557674_520970503122496763_n-700x525.jpg 700w, https:\/\/echta-derminga.de\/wp-content\/uploads\/2020\/07\/115822357_3135370296557674_520970503122496763_n-300x225.jpg 300w, https:\/\/echta-derminga.de\/wp-content\/uploads\/2020\/07\/115822357_3135370296557674_520970503122496763_n-768x576.jpg 768w, https:\/\/echta-derminga.de\/wp-content\/uploads\/2020\/07\/115822357_3135370296557674_520970503122496763_n.jpg 960w\" sizes=\"auto, (max-width: 700px) 100vw, 700px\" \/><\/figure><\/div>\n\n\n\n<p class=\"wp-block-paragraph\" style=\"font-size:18px\"><strong>\u201eSch\u00f6ne Aussicht\u201c zum Schutz der Mitb\u00fcrgerinnen und Mitb\u00fcrger gesperrt<\/strong><\/p>\n\n\n\n<p class=\"wp-block-paragraph\" style=\"font-size:18px\">Alles im Leben hat seine Zeit und auch die Zeit der \u201eSch\u00f6nen Aussicht\u201c neigt sich dem Ende zu. Viele Jahrelang wurde die Schutzh\u00fctte in ehrenamtlicher T\u00e4tigkeit gepflegt und gehegt. Wie bereits an dieser Stelle erw\u00e4hnt, ist der Schutz der Menschen in der H\u00fctte nicht mehr gew\u00e4hrleistet. Die H\u00fctte ist in die Jahre gekommen und es ist zu bef\u00fcrchten, dass auf die Besucher Gefahren lauern. Den Charme einer \u201eSch\u00f6nen Aussicht\u201c hat die Schutzh\u00fctte ohnehin verloren. Der Ortsrat hat sich in seiner letzten Sitzung mit der Situation rund um das Naherholungsgebiet &#8222;Steinrausche&#8220; befasst. In diesem Zustand ist die Schutzh\u00fctte \u201eSch\u00f6ne Aussicht\u201c nicht mehr zu halten. Um das Naherholungsgebiet als solches aufzuwerten und zu versch\u00f6nern m\u00fcssen Priorit\u00e4ten gesetzt werden. Man muss genau hinsehen und pr\u00fcfen was machbar ist und wo genau man investiert. Bestimmt wird sich der Ortsrat diesem Thema erneut widmen. Bis dahin bitten wir alle Mitb\u00fcrgerinnen und Mitb\u00fcrger die Absperrung zu beachten.<\/p>\n\n\n\n<div class=\"wp-block-image\"><figure class=\"aligncenter size-large\"><img loading=\"lazy\" decoding=\"async\" width=\"700\" height=\"331\" src=\"https:\/\/echta-derminga.de\/wp-content\/uploads\/2020\/07\/sch\u00f6n-700x331.jpg\" alt=\"\" class=\"wp-image-6984\" srcset=\"https:\/\/echta-derminga.de\/wp-content\/uploads\/2020\/07\/sch\u00f6n-700x331.jpg 700w, https:\/\/echta-derminga.de\/wp-content\/uploads\/2020\/07\/sch\u00f6n-300x142.jpg 300w, https:\/\/echta-derminga.de\/wp-content\/uploads\/2020\/07\/sch\u00f6n-768x363.jpg 768w, https:\/\/echta-derminga.de\/wp-content\/uploads\/2020\/07\/sch\u00f6n.jpg 800w\" sizes=\"auto, (max-width: 700px) 100vw, 700px\" \/><\/figure><\/div>\n\n\n\n<p class=\"wp-block-paragraph\" style=\"font-size:18px\"><strong>Unerlaubte Gr\u00fcnschnittablagerung auf dem Belker<\/strong><\/p>\n\n\n\n<p class=\"wp-block-paragraph\" style=\"font-size:18px\">In der vergangenen Woche wurde erneut unerlaubter Gr\u00fcnschnitt auf der Belkerh\u00f6he abgelegt. Ich m\u00f6chte nochmals darauf hinweisen, dass dies verboten ist und zur Anzeige gebracht werden kann. Ich bitte die Bev\u00f6lkerung um Mitarbeit und gegebenenfalls um Meldung. Wir alle sind f\u00fcr unsere Heimat und die damit verbundene Umwelt verantwortlich.<\/p>\n\n\n\n<div class=\"wp-block-image\"><figure class=\"aligncenter size-large\"><img loading=\"lazy\" decoding=\"async\" width=\"700\" height=\"536\" src=\"https:\/\/echta-derminga.de\/wp-content\/uploads\/2020\/07\/7-1-700x536.jpg\" alt=\"\" class=\"wp-image-6985\" srcset=\"https:\/\/echta-derminga.de\/wp-content\/uploads\/2020\/07\/7-1-700x536.jpg 700w, https:\/\/echta-derminga.de\/wp-content\/uploads\/2020\/07\/7-1-300x230.jpg 300w, https:\/\/echta-derminga.de\/wp-content\/uploads\/2020\/07\/7-1-768x588.jpg 768w, https:\/\/echta-derminga.de\/wp-content\/uploads\/2020\/07\/7-1.jpg 1447w\" sizes=\"auto, (max-width: 700px) 100vw, 700px\" \/><\/figure><\/div>\n\n\n\n<p class=\"wp-block-paragraph\" style=\"font-size:18px\">Liebe Mitb\u00fcrgerinnen und Mitb\u00fcrger, wie bereits zu Beginn dieses Berichtes mitgeteilt verf\u00fcgt unsere Heimat \u00fcber wunderbare M\u00f6glichkeiten. Diese M\u00f6glichkeiten gilt es nun auch f\u00fcr mich pers\u00f6nlich zu nutzen. <strong>Mit diesen Zeilen verabschiede ich mich in den Urlaub. Vom 19. Juli bis zum 02. August 2020 befindet sich der Ortsvorsteher von Dirmingen im Erholungsurlaub<\/strong>.<strong> Die Amtsgesch\u00e4fte \u00fcbernimmt bis dahin der Stellvertretende Ortsvorsteher Michael Polotzek.<\/strong><\/p>\n\n\n\n<p class=\"wp-block-paragraph\" style=\"font-size:18px\"><strong>Bis dahin w\u00fcnsche ich Ihnen eine sch\u00f6ne und erholsame Ferienzeit. Bleiben Sie gesund und positiv gestimmt. Bitte vergessen Sie auf ihrem Weg niemals:&#8220;&#8230;..es \u00e4ndert sich \u00fcberhaupt nichts, wenn wir es nicht \u00e4ndern.&#8220;<\/strong> <strong>Au\u00dferdem ist eines ohnehin v\u00f6llig klar:&#8220;&#8230;.man muss in diesen Zeiten mit allem rechnen, auch mit dem Guten&#8220;.<\/strong><\/p>\n\n\n\n<div class=\"wp-block-image\"><figure class=\"alignleft size-large is-resized\"><img loading=\"lazy\" decoding=\"async\" src=\"https:\/\/echta-derminga.de\/wp-content\/uploads\/2020\/07\/Michael-Polotzek-700x711.jpg\" alt=\"\" class=\"wp-image-6987\" width=\"175\" height=\"178\" srcset=\"https:\/\/echta-derminga.de\/wp-content\/uploads\/2020\/07\/Michael-Polotzek-700x711.jpg 700w, https:\/\/echta-derminga.de\/wp-content\/uploads\/2020\/07\/Michael-Polotzek-295x300.jpg 295w, https:\/\/echta-derminga.de\/wp-content\/uploads\/2020\/07\/Michael-Polotzek-768x781.jpg 768w, https:\/\/echta-derminga.de\/wp-content\/uploads\/2020\/07\/Michael-Polotzek-1511x1536.jpg 1511w, https:\/\/echta-derminga.de\/wp-content\/uploads\/2020\/07\/Michael-Polotzek.jpg 1768w\" sizes=\"auto, (max-width: 175px) 100vw, 175px\" \/><\/figure><\/div>\n\n\n\n<figure id=\"tablepress-125\" class=\"wp-block-table\"><table><tbody><tr><td><strong>Michael Polotzek<\/strong><br>Ziegelh\u00fctte 25<br>66571 Eppelborn<br>OT Dirmingen<\/td><td>Tel. 06827 1538<\/td><\/tr><\/tbody><\/table><\/figure>\n","protected":false},"excerpt":{"rendered":"<p>Liebe Dirmingerinnen, liebe Dirminger, unser Heimatort verf\u00fcgt \u00fcber den gr\u00f6\u00dften Bann in der Gemeinde Eppelborn. Neben verschiedenen Naherholungsgebieten, dem Freizeitzentrum Finkenrech und zahlreichen Premium Wanderwegen findet man in Dirmingen viel Natur, wundersch\u00f6ne Weiden und herrliche W\u00e4lder. Wir haben eine sch\u00f6ne Heimat und sollten darauf achten, dass dieser Schatz erhalten bleibt. Aufgrund der Pandemie sind viele Mitb\u00fcrgerinnen und Mitb\u00fcrger in diesem<\/p>\n","protected":false},"author":1,"featured_media":6982,"comment_status":"open","ping_status":"closed","sticky":false,"template":"","format":"standard","meta":{"_crdt_document":"","footnotes":""},"categories":[1,9,812],"tags":[5,618,127,634,310],"class_list":["post-6973","post","type-post","status-publish","format-standard","has-post-thumbnail","hentry","category-allgemein","category-dorfgetratsche","category-ortsvorsteher-dirmingen","tag-dirmingen","tag-gemeinde-eppelborn","tag-landkreis-neunkirchen","tag-ortsvorsteher","tag-saarland"],"_links":{"self":[{"href":"https:\/\/echta-derminga.de\/index.php?rest_route=\/wp\/v2\/posts\/6973","targetHints":{"allow":["GET"]}}],"collection":[{"href":"https:\/\/echta-derminga.de\/index.php?rest_route=\/wp\/v2\/posts"}],"about":[{"href":"https:\/\/echta-derminga.de\/index.php?rest_route=\/wp\/v2\/types\/post"}],"author":[{"embeddable":true,"href":"https:\/\/echta-derminga.de\/index.php?rest_route=\/wp\/v2\/users\/1"}],"replies":[{"embeddable":true,"href":"https:\/\/echta-derminga.de\/index.php?rest_route=%2Fwp%2Fv2%2Fcomments&post=6973"}],"version-history":[{"count":11,"href":"https:\/\/echta-derminga.de\/index.php?rest_route=\/wp\/v2\/posts\/6973\/revisions"}],"predecessor-version":[{"id":6997,"href":"https:\/\/echta-derminga.de\/index.php?rest_route=\/wp\/v2\/posts\/6973\/revisions\/6997"}],"wp:featuredmedia":[{"embeddable":true,"href":"https:\/\/echta-derminga.de\/index.php?rest_route=\/wp\/v2\/media\/6982"}],"wp:attachment":[{"href":"https:\/\/echta-derminga.de\/index.php?rest_route=%2Fwp%2Fv2%2Fmedia&parent=6973"}],"wp:term":[{"taxonomy":"category","embeddable":true,"href":"https:\/\/echta-derminga.de\/index.php?rest_route=%2Fwp%2Fv2%2Fcategories&post=6973"},{"taxonomy":"post_tag","embeddable":true,"href":"https:\/\/echta-derminga.de\/index.php?rest_route=%2Fwp%2Fv2%2Ftags&post=6973"}],"curies":[{"name":"wp","href":"https:\/\/api.w.org\/{rel}","templated":true}]}}