{"id":7102,"date":"2020-08-12T16:40:01","date_gmt":"2020-08-12T15:40:01","guid":{"rendered":"http:\/\/echta-derminga.de\/?p=7102"},"modified":"2020-08-13T15:13:16","modified_gmt":"2020-08-13T14:13:16","slug":"dirminger-kulturecke-von-der-einfuehrung-der-schulpflicht-in-dirmingen","status":"publish","type":"post","link":"https:\/\/echta-derminga.de\/?p=7102","title":{"rendered":"Dirminger Kulturecke &#8211; Von der Einf\u00fchrung der Schulpflicht in Dirmingen"},"content":{"rendered":"\n<blockquote class=\"wp-block-quote is-layout-flow wp-block-quote-is-layout-flow\"><p><strong>In der Dirminger Kulturecke erfahren Sie alles was Sie schon immer \u00fcber Dirmingen wissen wollten oder wissen sollten. Wussten Sie schon, dass bereits im 17.Jahrhundert in unserer Region nur einzelne Schulen existierten?<\/strong><\/p><\/blockquote>\n\n\n\n<p class=\"wp-block-paragraph\" style=\"font-size:18px\">Meistens wurde der \u00f6rtliche Pfarrer damit beauftragt den Schulunterricht zu leiten. Die Schuldisziplin lie\u00df vielerorts zu w\u00fcnschen \u00fcbrig. Gerade im l\u00e4ndlichen Raum ben\u00f6tigten die Bauern ihre Kinder f\u00fcr die Arbeit auf dem Hof und dem Feld. Aus Sicht der Bauern wurde der Schulbesuch v\u00f6llig \u00fcberbewertet.<\/p>\n\n\n\n<p class=\"wp-block-paragraph\" style=\"font-size:18px\"><strong>Als in der Grafschaft Nassau \u2013 Saarbr\u00fccken die allgemeinen Volksschulen eingef\u00fchrt wurden, ordnete die Grafschaft Nassau-Saarbr\u00fccken zeitgleich im Jahre 1612 die Schulpflicht ein. Diese Schulpflicht wurde in den l\u00e4ndlichen Gegenden zun\u00e4chst nur m\u00e4\u00dfig angenommen. Der Schule fehlte es an Anerkennung und nicht zuletzt an Lehrern. Die \u00f6rtlichen Pfarrer waren meistens mit der Aufgabe des Schulunterrichts \u00fcberfordert. In den Jahren 1676, 1685 und 1717 forderte eine Verordnungen der Grafschaft Saarbr\u00fccken die Untertanen wiederholt zum Schulbesuch auf.<\/strong><\/p>\n\n\n\n<p class=\"wp-block-paragraph\" style=\"font-size:18px\">Durchgef\u00fchrte Visitationen der Regentin Charlotte Amalie von Nassau-Usingen in den Jahren 1729 bis 1731 brachten diesbez\u00fcglich die Erkenntnis, dass es h\u00f6chste Zeit zum Handeln wurde. Aus diesem Grunde erlie\u00df die Regentin im Jahre 1736 die \u201eOrdnung und Einrichtung der teutschen und lateinischen Schulen zu Saarbr\u00fccken und St.Johann\u201c. Zu den Hauptaufgaben einer regierenden Herrschaft, so die Regentin, geh\u00f6re es f\u00fcr die \u201eAnordnung christlicher Schulen\u201c zu sorgen. In der Verordnung ordnete die Regentin t\u00e4glich 5 &#8211; 6 Stunden Unterricht an.<\/p>\n\n\n\n<p class=\"wp-block-paragraph\" style=\"font-size:18px\">Das auf dem oben angef\u00fcgte Titelbild befindliche Geb\u00e4ude d\u00fcrfte das erste Schulgeb\u00e4ude in Dirmingen gewesen sein. Dieses evangelische Gemeindehaus wurde im Jahre 1766 erbaut und diente zun\u00e4chst als Kindergarten und Schulgeb\u00e4ude. <\/p>\n\n\n\n<p class=\"wp-block-paragraph\" style=\"font-size:18px\"><strong>Am kommenden Montag, 17. August beginnt f\u00fcr die Sch\u00fclerinnen und Sch\u00fcler im Saarland wieder der Schulunterricht. Gerade in Zeiten der Pandemie freuen sich die Kinder wieder auf den Unterricht.<\/strong><\/p>\n\n\n\n<p class=\"wp-block-paragraph\" style=\"font-size:18px\"><strong>Damals im Jahre 1612 konnten sich die Kinder nicht vorstellen, dass Schule Spa\u00df machen kann und lernen durchaus auch einen Sinn ergibt.<\/strong><\/p>\n\n\n\n<p class=\"wp-block-paragraph\" style=\"font-size:18px\"><strong>Es waren halt andere Zeiten \u2026\u2026.<\/strong><\/p>\n","protected":false},"excerpt":{"rendered":"<p>In der Dirminger Kulturecke erfahren Sie alles was Sie schon immer \u00fcber Dirmingen wissen wollten oder wissen sollten. Wussten Sie schon, dass bereits im 17.Jahrhundert in unserer Region nur einzelne Schulen existierten? Meistens wurde der \u00f6rtliche Pfarrer damit beauftragt den Schulunterricht zu leiten. Die Schuldisziplin lie\u00df vielerorts zu w\u00fcnschen \u00fcbrig. Gerade im l\u00e4ndlichen Raum ben\u00f6tigten die Bauern ihre Kinder f\u00fcr<\/p>\n","protected":false},"author":1,"featured_media":7105,"comment_status":"open","ping_status":"closed","sticky":false,"template":"","format":"standard","meta":{"_crdt_document":"","footnotes":""},"categories":[1,2],"tags":[5,618,310,857,856],"class_list":["post-7102","post","type-post","status-publish","format-standard","has-post-thumbnail","hentry","category-allgemein","category-kulturecke","tag-dirmingen","tag-gemeinde-eppelborn","tag-saarland","tag-schulbeginn","tag-schulpflicht"],"_links":{"self":[{"href":"https:\/\/echta-derminga.de\/index.php?rest_route=\/wp\/v2\/posts\/7102","targetHints":{"allow":["GET"]}}],"collection":[{"href":"https:\/\/echta-derminga.de\/index.php?rest_route=\/wp\/v2\/posts"}],"about":[{"href":"https:\/\/echta-derminga.de\/index.php?rest_route=\/wp\/v2\/types\/post"}],"author":[{"embeddable":true,"href":"https:\/\/echta-derminga.de\/index.php?rest_route=\/wp\/v2\/users\/1"}],"replies":[{"embeddable":true,"href":"https:\/\/echta-derminga.de\/index.php?rest_route=%2Fwp%2Fv2%2Fcomments&post=7102"}],"version-history":[{"count":7,"href":"https:\/\/echta-derminga.de\/index.php?rest_route=\/wp\/v2\/posts\/7102\/revisions"}],"predecessor-version":[{"id":7131,"href":"https:\/\/echta-derminga.de\/index.php?rest_route=\/wp\/v2\/posts\/7102\/revisions\/7131"}],"wp:featuredmedia":[{"embeddable":true,"href":"https:\/\/echta-derminga.de\/index.php?rest_route=\/wp\/v2\/media\/7105"}],"wp:attachment":[{"href":"https:\/\/echta-derminga.de\/index.php?rest_route=%2Fwp%2Fv2%2Fmedia&parent=7102"}],"wp:term":[{"taxonomy":"category","embeddable":true,"href":"https:\/\/echta-derminga.de\/index.php?rest_route=%2Fwp%2Fv2%2Fcategories&post=7102"},{"taxonomy":"post_tag","embeddable":true,"href":"https:\/\/echta-derminga.de\/index.php?rest_route=%2Fwp%2Fv2%2Ftags&post=7102"}],"curies":[{"name":"wp","href":"https:\/\/api.w.org\/{rel}","templated":true}]}}