{"id":7132,"date":"2020-08-13T15:30:41","date_gmt":"2020-08-13T14:30:41","guid":{"rendered":"http:\/\/echta-derminga.de\/?p=7132"},"modified":"2020-08-14T15:57:52","modified_gmt":"2020-08-14T14:57:52","slug":"runter-vom-gas-schulkinder-unterwegs-gemeinsame-aktion-fuer-mehr-sicherheit-im-strassenverkehr","status":"publish","type":"post","link":"https:\/\/echta-derminga.de\/?p=7132","title":{"rendered":"\u201eRunter vom Gas, Schulkinder unterwegs!\u201c- Gemeinsame Aktion f\u00fcr mehr Sicherheit im Strassenverkehr"},"content":{"rendered":"\n<p class=\"wp-block-paragraph\" style=\"font-size:18px\"><strong>Am Montag, 17. August enden die Sommerferien. Die Schule beginnt und gerade f\u00fcr die Schulanf\u00e4nger ist die Einschulung ein ganz besonderes Ereignis. Mit gro\u00dfer Neugier gehen die Kinder neue Wege. Insbesondere unsere Erstkl\u00e4ssler werden vor neue Herausforderungen gestellt. Viele Eltern begleiten ihre kleinen Sch\u00fctzlinge zum Schulstart auf ihrem neuen Weg. Meistens m\u00fcssen die Kinder nach wenigen Wochen ihren Schulweg zunehmend selbstst\u00e4ndig meistern. F\u00fcr alle Verkehrsteilnehmer bedeutet der Schulbeginn wieder \u201eRunter vom Gas, Schulkinder unterwegs!\u201c.<\/strong><\/p>\n\n\n\n<p class=\"wp-block-paragraph\" style=\"font-size:18px\">Kinder brauchen im Stra\u00dfenverkehr unsere besondere Aufmerksamkeit. Die kleinen Abc-Sch\u00fctzen sind meilenweit davon entfernt den Verkehr richtig wahrzunehmen und vorausschauend zu handeln. Schulanf\u00e4nger sind eben auch Verkehrsanf\u00e4nger. Seit Jahren stellt man sich auch in unserem Heimatort die Frage, wie wir unsere Kleinsten am besten sch\u00fctzen k\u00f6nnen. Dabei haben sich immer wieder auch engagierte Eltern eingebracht und Ideen entwickelt. Leider konnten wir bis heute keine Ma\u00dfnahme entwickelten die nachhaltig unsere Kinder sch\u00fctzt. Vor einigen Wochen kontaktierte mich Herr Christian Feit von dem ortsans\u00e4ssigen \u201eZentrum f\u00fcr Physiotherapie und Naturheilkunde\u201c in der \u201eB\u00f6llingerstrasse\u201c. Die dortigen Anwohner nehmen seit Jahren mit Sorge zur Kenntnis, dass viele Verkehrsteilnehmer nur wenig R\u00fccksicht \u00fcben. Die \u201eB\u00f6llingerstrasse\u201c f\u00fchrt zur Grundschule Dirmingen, in der auch die Kindertagesst\u00e4tte \u201ePusteblume\u201c untergebracht ist. Christian Feit und seine Ehefrau Christine hatten die Idee sogenannte \u201eStreetBuddys\u201c (Warnfiguren) aufzustellen. Begeistert von dieser Idee versprach ich umgehend meine Unterst\u00fctzung. Christian Feit k\u00fcmmerte sich um die Anbringung der Warnfiguren. Dabei wurden die Figuren auf dem Privatgrundst\u00fcck der Familie Feit und der Familie Steffi Wern befestigt. Begeistert von so viel Engagement habe ich mich umgehend dazu entschlossen die Kosten der Warnfiguren zu \u00fcbernehmen.<\/p>\n\n\n\n<div class=\"wp-block-image\"><figure class=\"aligncenter size-large\"><img loading=\"lazy\" decoding=\"async\" width=\"700\" height=\"635\" src=\"https:\/\/echta-derminga.de\/wp-content\/uploads\/2020\/08\/2-face-700x635.jpg\" alt=\"\" class=\"wp-image-7136\" srcset=\"https:\/\/echta-derminga.de\/wp-content\/uploads\/2020\/08\/2-face-700x635.jpg 700w, https:\/\/echta-derminga.de\/wp-content\/uploads\/2020\/08\/2-face-300x272.jpg 300w, https:\/\/echta-derminga.de\/wp-content\/uploads\/2020\/08\/2-face-768x696.jpg 768w, https:\/\/echta-derminga.de\/wp-content\/uploads\/2020\/08\/2-face.jpg 900w\" sizes=\"auto, (max-width: 700px) 100vw, 700px\" \/><\/figure><\/div>\n\n\n\n<p class=\"wp-block-paragraph\" style=\"font-size:18px\"><strong>Ich m\u00f6chte mich im Namen des Dirminger Ortsrates ganz herzlich bei Familie Feit und dem \u201eZentrum f\u00fcr Physiotherapie und Naturheilkunde\u201c sowie bei Familie Steffi Wern bedanken. Die \u201eStreetBuddys\u201c stehen nun in der Kurve &#8222;B\u00f6llingerstrasse&#8220; und sollen die Verkehrsteilnehmer zuk\u00fcnftig daran erinnern, Schritt-Tempo zu fahren. Am Ende werden alle Schul- und Kindergartenkinder von diesen bunten, lustigen Warnfiguren profitieren.<\/strong><\/p>\n\n\n\n<p class=\"wp-block-paragraph\" style=\"font-size:18px\">Das ehrenamtliche Engagement von Christian und Christine Feit ist vorbildlich. Sch\u00f6n, dass es immer mehr Menschen gibt, die sich Gedanken machen und bereit sind anzupacken.<\/p>\n\n\n\n<p class=\"wp-block-paragraph\" style=\"font-size:18px\"><em>Ich w\u00fcnsche allen Anwohnern, Verkehrsteilnehmern, Lehrern, Eltern und besonders allen Kindern einen entspannten Schulstart. Bitte denken Sie daran: Wir erreichen unser Ziel auch langsam!<\/em><\/p>\n\n\n\n<p class=\"wp-block-paragraph\" style=\"font-size:18px\"><em>Allen Schul- und Kindergartenkindern w\u00fcnsche ich viel Spa\u00df, sch\u00f6ne Erlebnisse und freundliche Begegnungen.<\/em><\/p>\n\n\n\n<p class=\"wp-block-paragraph\" style=\"font-size:18px\"><em>Bei allen Lehrern\/innen und Erzieher\/innen m\u00f6chte ich mich bedanken. Die letzten Monate waren keineswegs einfach. Ich hoffe mit dem Schulstart beginnt eine neue, bessere Zeit.<\/em><\/p>\n\n\n\n<p class=\"wp-block-paragraph\" style=\"font-size:18px\"><em>Den neuen ABC- Sch\u00fctzen und deren Eltern w\u00fcnsche ich einen sch\u00f6nen ersten Schultag und viel Spa\u00df in dem neuen, spannenden Lebensabschnitt.<\/em><\/p>\n\n\n\n<div class=\"wp-block-image\"><figure class=\"aligncenter size-large\"><img loading=\"lazy\" decoding=\"async\" width=\"700\" height=\"1020\" src=\"https:\/\/echta-derminga.de\/wp-content\/uploads\/2020\/08\/3-face-700x1020.jpg\" alt=\"\" class=\"wp-image-7137\" srcset=\"https:\/\/echta-derminga.de\/wp-content\/uploads\/2020\/08\/3-face-700x1020.jpg 700w, https:\/\/echta-derminga.de\/wp-content\/uploads\/2020\/08\/3-face-206x300.jpg 206w, https:\/\/echta-derminga.de\/wp-content\/uploads\/2020\/08\/3-face-768x1119.jpg 768w, https:\/\/echta-derminga.de\/wp-content\/uploads\/2020\/08\/3-face.jpg 900w\" sizes=\"auto, (max-width: 700px) 100vw, 700px\" \/><\/figure><\/div>\n\n\n\n<p class=\"wp-block-paragraph\" style=\"font-size:18px\">F\u00fcr alle Schulanf\u00e4nger habe ich noch einen kleinen Tipp:<\/p>\n\n\n\n<p class=\"has-white-color has-text-color has-background wp-block-paragraph\" style=\"font-size:18px;background-color:#005fa3\">&#8222;Sie still wie ein M\u00e4uschen, pass auf wie ein Luchs, sei flei\u00dfig wie ein Bienchen, dann wirst du schlau wie ein Fuchs.&#8220;<\/p>\n\n\n\n<p class=\"wp-block-paragraph\" style=\"font-size:18px\"><em><strong>In diesem Sinne alles Liebe viel Gl\u00fcck und Erfolg. Danke f\u00fcr das sch\u00f6ne Miteinander!<\/strong><\/em><\/p>\n\n\n\n<p class=\"wp-block-paragraph\" style=\"font-size:18px\">Euer Ortsvorsteher<\/p>\n\n\n\n<p class=\"wp-block-paragraph\" style=\"font-size:18px\"><em>Frank Klein<\/em><\/p>\n\n\n\n<div class=\"wp-block-image\"><figure class=\"aligncenter size-large\"><img loading=\"lazy\" decoding=\"async\" width=\"700\" height=\"516\" src=\"https:\/\/echta-derminga.de\/wp-content\/uploads\/2020\/08\/sdhartjztkr-700x516.jpg\" alt=\"\" class=\"wp-image-7154\" srcset=\"https:\/\/echta-derminga.de\/wp-content\/uploads\/2020\/08\/sdhartjztkr-700x516.jpg 700w, https:\/\/echta-derminga.de\/wp-content\/uploads\/2020\/08\/sdhartjztkr-300x221.jpg 300w, https:\/\/echta-derminga.de\/wp-content\/uploads\/2020\/08\/sdhartjztkr-768x566.jpg 768w, https:\/\/echta-derminga.de\/wp-content\/uploads\/2020\/08\/sdhartjztkr.jpg 1200w\" sizes=\"auto, (max-width: 700px) 100vw, 700px\" \/><\/figure><\/div>\n","protected":false},"excerpt":{"rendered":"<p>Am Montag, 17. August enden die Sommerferien. Die Schule beginnt und gerade f\u00fcr die Schulanf\u00e4nger ist die Einschulung ein ganz besonderes Ereignis. Mit gro\u00dfer Neugier gehen die Kinder neue Wege. Insbesondere unsere Erstkl\u00e4ssler werden vor neue Herausforderungen gestellt. Viele Eltern begleiten ihre kleinen Sch\u00fctzlinge zum Schulstart auf ihrem neuen Weg. Meistens m\u00fcssen die Kinder nach wenigen Wochen ihren Schulweg zunehmend<\/p>\n","protected":false},"author":1,"featured_media":7144,"comment_status":"open","ping_status":"closed","sticky":false,"template":"","format":"standard","meta":{"_crdt_document":"","footnotes":""},"categories":[1,9],"tags":[5,618,860,614,127,858,859],"class_list":["post-7132","post","type-post","status-publish","format-standard","has-post-thumbnail","hentry","category-allgemein","category-dorfgetratsche","tag-dirmingen","tag-gemeinde-eppelborn","tag-grundschule-wiesbach-dirmingen","tag-kita-pusteblume","tag-landkreis-neunkirchen","tag-schulanfang","tag-sommerferien"],"_links":{"self":[{"href":"https:\/\/echta-derminga.de\/index.php?rest_route=\/wp\/v2\/posts\/7132","targetHints":{"allow":["GET"]}}],"collection":[{"href":"https:\/\/echta-derminga.de\/index.php?rest_route=\/wp\/v2\/posts"}],"about":[{"href":"https:\/\/echta-derminga.de\/index.php?rest_route=\/wp\/v2\/types\/post"}],"author":[{"embeddable":true,"href":"https:\/\/echta-derminga.de\/index.php?rest_route=\/wp\/v2\/users\/1"}],"replies":[{"embeddable":true,"href":"https:\/\/echta-derminga.de\/index.php?rest_route=%2Fwp%2Fv2%2Fcomments&post=7132"}],"version-history":[{"count":12,"href":"https:\/\/echta-derminga.de\/index.php?rest_route=\/wp\/v2\/posts\/7132\/revisions"}],"predecessor-version":[{"id":7166,"href":"https:\/\/echta-derminga.de\/index.php?rest_route=\/wp\/v2\/posts\/7132\/revisions\/7166"}],"wp:featuredmedia":[{"embeddable":true,"href":"https:\/\/echta-derminga.de\/index.php?rest_route=\/wp\/v2\/media\/7144"}],"wp:attachment":[{"href":"https:\/\/echta-derminga.de\/index.php?rest_route=%2Fwp%2Fv2%2Fmedia&parent=7132"}],"wp:term":[{"taxonomy":"category","embeddable":true,"href":"https:\/\/echta-derminga.de\/index.php?rest_route=%2Fwp%2Fv2%2Fcategories&post=7132"},{"taxonomy":"post_tag","embeddable":true,"href":"https:\/\/echta-derminga.de\/index.php?rest_route=%2Fwp%2Fv2%2Ftags&post=7132"}],"curies":[{"name":"wp","href":"https:\/\/api.w.org\/{rel}","templated":true}]}}