{"id":714,"date":"2018-03-03T13:20:22","date_gmt":"2018-03-03T12:20:22","guid":{"rendered":"http:\/\/echta-derminga.de\/?p=714"},"modified":"2018-03-03T13:33:18","modified_gmt":"2018-03-03T12:33:18","slug":"neuer-hlf-20-in-dirmingen-angekommen-mein-offener-brief-an-den-loeschbezirk-dirmingen","status":"publish","type":"post","link":"https:\/\/echta-derminga.de\/?p=714","title":{"rendered":"Neuer HLF 20 in Dirmingen angekommen &#8211; Mein offener Brief an den L\u00f6schbezirk Dirmingen"},"content":{"rendered":"<p><strong>Seit Freitag, 02.M\u00e4rz 2018 verf\u00fcgt unser Heimatort Dirmingen \u00fcber ein neues L\u00f6schfahrzeug. Sirenen und Martinshorn erklangen und k\u00fcndigten den Empfang des neuen HLF 20 an. Nicht nur f\u00fcr die Feuerwehrleute war dies ein bewegender Moment. Ich m\u00f6chte meine Freude und meine Verbundenheit mit einem offenen Brief, an die Dirminger Feuerwehr, Ausdruck verleihen.<\/strong><\/p>\n<p>Liebe Freunde und Freundinnen des L\u00f6schbezirks Dirmingen,<\/p>\n<p>nun ist es also vollbracht.<\/p>\n<p>Als der neue HLF 20 am Freitag,02.M\u00e4rz in Dirmingen einrollte, war dies mit Sicherheit auch f\u00fcr die Bev\u00f6lkerung ein bewegender Moment. Aus meiner Sicht musstet ihr viel zu lange auf diesen Augenblick warten.<\/p>\n<p>Gerade in den letzten Monaten habe ich eure Geduld und eure Beharrlichkeit sch\u00e4tzen gelernt. Wo andere l\u00e4ngst aufgegeben h\u00e4tten, habt ihr neuen Mut gefasst und seid drangeblieben. Ihr habt euch nie unterkriegen lassen und habt immer an dieses neue Auto geglaubt.<\/p>\n<p>Bis dahin war es jedoch ein weiter und beschwerlicher Weg. Auch ihr musstet erkennen, dass sich die M\u00fchlen der Verwaltung oftmals langsam drehen und das gegebene Worte auch mal schnell vergessen werden.<\/p>\n<div id=\"attachment_716\" style=\"width: 310px\" class=\"wp-caption alignleft\"><img loading=\"lazy\" decoding=\"async\" aria-describedby=\"caption-attachment-716\" class=\"wp-image-716 size-medium\" src=\"https:\/\/echta-derminga.de\/wp-content\/uploads\/2018\/03\/2-300x169.jpg\" alt=\"\" width=\"300\" height=\"169\" srcset=\"https:\/\/echta-derminga.de\/wp-content\/uploads\/2018\/03\/2-300x169.jpg 300w, https:\/\/echta-derminga.de\/wp-content\/uploads\/2018\/03\/2-768x432.jpg 768w, https:\/\/echta-derminga.de\/wp-content\/uploads\/2018\/03\/2-644x362.jpg 644w, https:\/\/echta-derminga.de\/wp-content\/uploads\/2018\/03\/2.jpg 800w\" sizes=\"auto, (max-width: 300px) 100vw, 300px\" \/><p id=\"caption-attachment-716\" class=\"wp-caption-text\">Da ist das Ding !<\/p><\/div>\n<p><strong>Keine Frage das neue Fahrzeug hat unsere Gemeinde viel Geld gekostet. Ich bin mir jedoch sicher, dass diese Investition l\u00e4ngst \u00fcberf\u00e4llig war und unserer Bev\u00f6lkerung gerecht wird. Ich wei\u00df, dass ihr euch eurer Verantwortung bewusst seid. Nach der Ankunft des neuen HLF 20, am sp\u00e4ten Freitagabend, habe ich bewusst in die Gesichter der anwesenden Feuerwehrleute geschaut. Ich sah den Stolz, die Freude, die Erleichterung und nat\u00fcrlich auch das Wissen um Verantwortung.<\/strong><\/p>\n<p>In den n\u00e4chsten Wochen wartet viel Arbeit auf Euch. Ihr m\u00fcsst euch mit dem neuen Auto vertraut machen und seine Eigenschaften Kennenlernen. Ich kann mir gut vorstellen das ihr mit viel Ernsthaftigkeit an diese Sache ran geht.<\/p>\n<p>Ich freue mich auch mit den Mitgliedern der Kinder-und Jugendfeuerwehr, in eurem L\u00f6schbezirk. Ich sah das Gl\u00e4nzen und den Stolz in ihren Augen. Ich w\u00fcnsche Euch, dass die Anschaffung dieses neuen Fahrzeugs eurer guten Jugendarbeit einen weiteren Schub verleiht. Ich kann mir ohnehin gut vorstellen, dass dieses L\u00f6schfahrzeug eurem internen Zusammenhalt dient. Ich habe den Eindruck gewonnen, dass euch der gemeinsame Einsatz um dieses Auto, noch mehr zusammengeschwei\u00dft hat.<\/p>\n<p><strong>Der neue HLF 20 ist f\u00fcr unser Dorf und f\u00fcr alle \u201eDerminga\u201c sehr wichtig! Zuk\u00fcnftig werdet ihr noch besser helfen und unsere Bev\u00f6lkerung sch\u00fctzen k\u00f6nnen. Wir brauchen Euch und eure Einsatzbereitschaft. Die \u201eEchten Derminga\u201c wissen dies nicht erst seit dem Unwetter 2016. Von daher war der Freitag,02.M\u00e4rz 2018, f\u00fcr Dirmingen, ein guter Tag!<\/strong><\/p>\n<p>Zuk\u00fcnftig werdet ihr auch f\u00fcr einen Teil der Autobahn Verantwortung tragen. Dies ist auch f\u00fcr Euch Neuland und mit Sicherheit eine interessante Herausforderung. Ich selbst durfte mal die neue Schere und das Spreizger\u00e4t in H\u00e4nden halten. Das Ding ist enorm schwer und ich habe gro\u00dfen Respekt vor eurer zuk\u00fcnftigen Aufgabe. Nat\u00fcrlich habe auch ich die Gelegenheit genutzt und mich kurz mal in das neue Fahrzeug gesetzt. Ich gebe zu es war ein gutes Gef\u00fchl.<\/p>\n<p>F\u00fcr mich pers\u00f6nlich gab es am Freitag einen besonders emotionalen Moment.<\/p>\n<p><strong>Als mein Freund Hans-Werner Guth\u00f6rl das neue Fahrzeug gekonnt in die Garage des Ger\u00e4tehauses einfuhr, wusste ich, es ist vollbracht. Ich hatte das Gef\u00fchl: Da ist etwas angekommen und so ist es richtig! Ich erinnerte mich in diesem Moment an die vielen Diskussionen und Gespr\u00e4che mit meinen Freunden im L\u00f6schbezirk Dirmingen. Das alles hat sich letztlich gelohnt und euer Einsatz wurde belohnt.<\/strong><\/p>\n<p>Liebe Freundinnen und Freunde,<\/p>\n<p>ich w\u00fcnsche euch von ganzen Herzen viel Gl\u00fcck und Erfolg mit dem neuen Fahrzeug. Ich w\u00fcnsche Euch, dass ihr immer wieder gesund zu euren Familien zur\u00fcckkehrt und dass ihr vielen Menschen helfen k\u00f6nnt. Und ich w\u00fcnsche Euch mit einem Augenzwinkern, dass ihr das neue Fahrzeug nie in aller Konsequenz ben\u00f6tigt (wenn ihr wisst was ich meine). Ich wei\u00df, dass dieser Wunsch reine Utopie ist.<\/p>\n<p>Ich w\u00fcnsche uns, dass mit diesem neuen Fahrzeug eine gute und sichere Zukunft f\u00fcr unser Dorf beginnt.<\/p>\n<p><strong>Ich habe geh\u00f6rt, dass unser neues Fahrzeug am 21. April, mit einer Feierstunde, eingeweiht wird. Ich w\u00fcnsche uns allen, dass viele Dirmingerinnen und Dirminger diesen Moment begleiten.<\/strong><\/p>\n<p>Danke f\u00fcr eure wertvolle Arbeit zum Wohle unseres Heimatortes Dirmingen.<\/p>\n<p>Ich bin froh das es Euch gibt !<\/p>\n<p>Herzlichst Euer<\/p>\n<p>Kleinfrank,<\/p>\n<p>(ECHTA DERMINGA)<\/p>\n<p>&nbsp;<\/p>\n<p>&nbsp;<\/p>\n","protected":false},"excerpt":{"rendered":"<p>Seit Freitag, 02.M\u00e4rz 2018 verf\u00fcgt unser Heimatort Dirmingen \u00fcber ein neues L\u00f6schfahrzeug. Sirenen und Martinshorn erklangen und k\u00fcndigten den Empfang des neuen HLF 20 an. Nicht nur f\u00fcr die Feuerwehrleute war dies ein bewegender Moment. Ich m\u00f6chte meine Freude und meine Verbundenheit mit einem offenen Brief, an die Dirminger Feuerwehr, Ausdruck verleihen. Liebe Freunde und Freundinnen des L\u00f6schbezirks Dirmingen, nun<\/p>\n","protected":false},"author":1,"featured_media":715,"comment_status":"closed","ping_status":"closed","sticky":false,"template":"","format":"standard","meta":{"_crdt_document":"","footnotes":""},"categories":[1,9],"tags":[105,102,101,106,103,104],"class_list":["post-714","post","type-post","status-publish","format-standard","has-post-thumbnail","hentry","category-allgemein","category-dorfgetratsche","tag-bevoelkerung-dirmingen","tag-feuerwehr-dirmingen","tag-hlf-20","tag-loeschbezirk-dirmingen","tag-loeschfahrzeug","tag-offener-brief"],"_links":{"self":[{"href":"https:\/\/echta-derminga.de\/index.php?rest_route=\/wp\/v2\/posts\/714","targetHints":{"allow":["GET"]}}],"collection":[{"href":"https:\/\/echta-derminga.de\/index.php?rest_route=\/wp\/v2\/posts"}],"about":[{"href":"https:\/\/echta-derminga.de\/index.php?rest_route=\/wp\/v2\/types\/post"}],"author":[{"embeddable":true,"href":"https:\/\/echta-derminga.de\/index.php?rest_route=\/wp\/v2\/users\/1"}],"replies":[{"embeddable":true,"href":"https:\/\/echta-derminga.de\/index.php?rest_route=%2Fwp%2Fv2%2Fcomments&post=714"}],"version-history":[{"count":8,"href":"https:\/\/echta-derminga.de\/index.php?rest_route=\/wp\/v2\/posts\/714\/revisions"}],"predecessor-version":[{"id":724,"href":"https:\/\/echta-derminga.de\/index.php?rest_route=\/wp\/v2\/posts\/714\/revisions\/724"}],"wp:featuredmedia":[{"embeddable":true,"href":"https:\/\/echta-derminga.de\/index.php?rest_route=\/wp\/v2\/media\/715"}],"wp:attachment":[{"href":"https:\/\/echta-derminga.de\/index.php?rest_route=%2Fwp%2Fv2%2Fmedia&parent=714"}],"wp:term":[{"taxonomy":"category","embeddable":true,"href":"https:\/\/echta-derminga.de\/index.php?rest_route=%2Fwp%2Fv2%2Fcategories&post=714"},{"taxonomy":"post_tag","embeddable":true,"href":"https:\/\/echta-derminga.de\/index.php?rest_route=%2Fwp%2Fv2%2Ftags&post=714"}],"curies":[{"name":"wp","href":"https:\/\/api.w.org\/{rel}","templated":true}]}}