{"id":7169,"date":"2020-08-17T17:33:29","date_gmt":"2020-08-17T16:33:29","guid":{"rendered":"http:\/\/echta-derminga.de\/?p=7169"},"modified":"2020-08-17T17:42:53","modified_gmt":"2020-08-17T16:42:53","slug":"mein-abschied-vom-spd-ortsvereinsvorsitz-platz-fuer-einen-neustart-glueck-auf-derminga-spd","status":"publish","type":"post","link":"https:\/\/echta-derminga.de\/?p=7169","title":{"rendered":"Mein Abschied vom SPD- Ortsvereinsvorsitz- Platz f\u00fcr einen Neustart \u2013 Gl\u00fcck auf Derminga SPD!"},"content":{"rendered":"\n<p class=\"wp-block-paragraph\" style=\"font-size:18px\"><strong>Ich kann mich noch gut daran erinnern. Im Fr\u00fchjahr des Jahres 2005 w\u00e4hlten mich die Mitglieder des SPD-Ortsvereins Dirmingen zu ihrem Vorsitzenden.<\/strong><\/p>\n\n\n\n<p class=\"wp-block-paragraph\" style=\"font-size:18px\">Das diese Wahl damals einstimmig ausfiel hat mich schon ein St\u00fcck weit \u00fcberrascht. Immerhin kauften die Dirminger Genossen damals die Katze im Sack. Bis zu diesem Zeitpunkt bin ich selten kommunalpolitisch aufgetreten. Nach meinem Eintritt in die SPD, im Jahre 1998, zeigte ich zun\u00e4chst nur wenig Interesse an der Politik. Im Grunde wollte ich mit meinem Parteieintritt meinem Vater eine Freude bereiten. Mein damaliges Interesse galt allein dem Fu\u00dfball. Einige Wochen vor meiner Wahl \u00fcbernahm ich zudem ein Ehrenamt beim Saarl\u00e4ndischen Fu\u00dfballverband.<\/p>\n\n\n\n<p class=\"wp-block-paragraph\" style=\"font-size:18px\"><strong>Warum ich mich dennoch f\u00fcr die Position des Ortsvereinsvorsitzenden entschied, kann ich heute kaum noch erkl\u00e4ren. War es Neugier, Lust auf etwas Neues oder einfach nur Schicksal? Nur wenige Tage vor der einger\u00e4umten Mitgliederversammlung hatte mich Manfred Klein angesprochen und gefragt ob ich mir eine Kandidatur vorstellen k\u00f6nnte. Manfred vertrat damals die Meinung, dass es das richtige Amt f\u00fcr mich w\u00e4re. Nach einem kurzen Telefonat mit meinem damaligen Vorg\u00e4nger und heutigen Freund Michael Polotzek hatte ich zugesagt das Amt zu \u00fcbernehmen. Bis heute ist diese Geschichte f\u00fcr mich schon ein St\u00fcck unbegreiflich. Offensichtlich hatte mein Ortsverein damals gro\u00dfe Not. Ansonsten ist es kaum zu erkl\u00e4ren, warum der Vorstand damals auf einen Mann setzte, der bis dahin eigentlich kaum politisch in Erscheinung trat. Letztlich k\u00f6nnte es auch daran gelegen haben, dass Manfred Klein auf mich vertraute. Keine Ahnung, schlie\u00dflich ging am Ende alles gut.<\/strong><\/p>\n\n\n\n<div class=\"wp-block-image\"><figure class=\"aligncenter size-large\"><img loading=\"lazy\" decoding=\"async\" width=\"700\" height=\"748\" src=\"https:\/\/echta-derminga.de\/wp-content\/uploads\/2020\/08\/3-700x748.jpeg\" alt=\"\" class=\"wp-image-7172\" srcset=\"https:\/\/echta-derminga.de\/wp-content\/uploads\/2020\/08\/3-700x748.jpeg 700w, https:\/\/echta-derminga.de\/wp-content\/uploads\/2020\/08\/3-281x300.jpeg 281w, https:\/\/echta-derminga.de\/wp-content\/uploads\/2020\/08\/3-768x821.jpeg 768w, https:\/\/echta-derminga.de\/wp-content\/uploads\/2020\/08\/3.jpeg 900w\" sizes=\"auto, (max-width: 700px) 100vw, 700px\" \/><figcaption>\u00dcbergabe des Staffelstabs an meinen Nachfolger <\/figcaption><\/figure><\/div>\n\n\n\n<p class=\"wp-block-paragraph\" style=\"font-size:18px\">Schnell hatte ich mich in diesem neuen Amt zurechtgefunden und meine eigenen Vorstellungen umgesetzt. Bestimmt bin ich im Laufe meiner Amtszeit so manchem auf die F\u00fc\u00dfe getreten. Auf der anderen Seite sind Freundschaften entstanden und gro\u00dfartige Dinge passiert. Heute kann ich mit Sicherheit sagen, dass dieses Amt mein Leben bereichert hat. Vieles ist in den Jahren geschehen. Am Ende hielt ich 15 Jahre den Vorsitz im SPD-Ortsverein Dirmingen.<\/p>\n\n\n\n<p class=\"wp-block-paragraph\" style=\"font-size:18px\">Am Sonntag,16. August 2020 hie\u00df es nun, von diesem Amt Abschied zu nehmen. Nach meiner Wahl zum Ortsvorsteher meines Heimatortes kam ich zu dem Entschluss, dass es nicht gut w\u00e4re dieses Amt in Doppelfunktion auszu\u00fcben. Nach intensiven Gespr\u00e4chen erkl\u00e4rte sich mein Freund Stephan Br\u00fcck dazu bereit den Ortsverein als Vorsitzender zu \u00fcbernehmen. Ich gebe zu, dass mich diese Entwicklung ungemein gefreut hat. In den letzten Jahren ist eine tiefe Freundschaft zu Stephan entstanden und als er mir erz\u00e4hlte, dass Manfred Klein ihn vor seinem Tod in diese Richtung schubste, fiel mir ein Stein vom Herzen. Erneut hatte unser ehemaliger Ortsvorsteher also seine H\u00e4nde im Spiel.<\/p>\n\n\n\n<p class=\"wp-block-paragraph\" style=\"font-size:18px\"><strong>Meiner Abschiedsrede legte ich die alte SPD-Hymne zu Grunde:<\/strong><\/p>\n\n\n\n<p class=\"wp-block-paragraph\" style=\"font-size:18px\"><strong>\u201eWann wir schreiten, Seit\u2019 an Seit\u2019 und die alten Lieder singen und die W\u00e4lder widerklingen f\u00fchlen wir, es muss gelingen: Mit uns zieht die neue Zeit, Mit uns zieht die neue Zeit.\u201c<\/strong><\/p>\n\n\n\n<p class=\"wp-block-paragraph\" style=\"font-size:18px\">Ich finde in diesem Text steckt alles was wir in dieser Zeit ben\u00f6tigen, Hoffnung und Zuversicht. Immerhin liegen schwere Tage, Monate und Jahre hinter uns allen. Ich m\u00fcsste l\u00fcgen, wenn ich behaupten w\u00fcrde unserem SPD-Ortsverein geht es besser als je zuvor. Die gute alte SPD hat so einiges von ihrem Glanz verloren. Hat Berlin noch das Ohr an der Basis? Umfragen zufolge legen immer mehr junge Menschen bei einer Wahl das Augenmerk auf den Kandidaten\/in und weniger auf eine Partei. Die Frage ob unsere SPD noch eine Volkspartei ist, wird bei den aktuellen Umfragewerten schwer zu beantworten sein. Unser Ortsverein verlor in den letzten Jahren eine Vielzahl von Mitgliedern. Viele Freunde sind verstorben oder haben sich dazu entschieden das Schiff zu verlassen. Dennoch verf\u00fcgt die Dirminger SPD immer noch \u00fcber 60 Mitgliedern und geh\u00f6rt somit zu den st\u00e4rksten Gliederungen in unserem Wahlkreis. Zu der Mitgliederversammlung am 16. August erschienen sage und schreibe 30 Mitglieder. Diese beeindruckende Quote und erf\u00fcllt mich mit Stolz.  <\/p>\n\n\n\n<div class=\"wp-block-image\"><figure class=\"aligncenter size-large\"><img loading=\"lazy\" decoding=\"async\" width=\"700\" height=\"869\" src=\"https:\/\/echta-derminga.de\/wp-content\/uploads\/2020\/08\/4-3-700x869.jpg\" alt=\"\" class=\"wp-image-7175\" srcset=\"https:\/\/echta-derminga.de\/wp-content\/uploads\/2020\/08\/4-3-700x869.jpg 700w, https:\/\/echta-derminga.de\/wp-content\/uploads\/2020\/08\/4-3-242x300.jpg 242w, https:\/\/echta-derminga.de\/wp-content\/uploads\/2020\/08\/4-3-768x953.jpg 768w, https:\/\/echta-derminga.de\/wp-content\/uploads\/2020\/08\/4-3.jpg 800w\" sizes=\"auto, (max-width: 700px) 100vw, 700px\" \/><figcaption>Der neue Vorsitzende mit seinem neuen Ehrenvorsitzende<\/figcaption><\/figure><\/div>\n\n\n\n<p class=\"wp-block-paragraph\" style=\"font-size:18px\"><strong>Im Gegensatz zur gro\u00dfen Koalition im Bund hat sich die \u201eGro-Ko\u201c auf Landesebene etabliert. Das dies auch ein Verdienst der Saar SPD ist, will keiner im Land so richtig merken. Die Zeiten haben sich ge\u00e4ndert und auch die SPD muss sich anpassen. Die Kommunalwahlen 2019 haben gezeigt, dass ein Umdenken erforderlich ist. Obwohl die Wahl in Dirmingen gewonnen wurde und wir weiterhin \u00fcber die Mehrheit verf\u00fcgen, einen Ortsvorsteher stellen und unsere Mandate im Gemeinderat halten konnten, war keiner am Ende mit diesem Wahlergebnis zufrieden. Das politische Bild in unserem Heimatort hat sich eindeutig ver\u00e4ndert.<\/strong><\/p>\n\n\n\n<p class=\"wp-block-paragraph\" style=\"font-size:18px\">Ich kann mich noch gut an ein Gespr\u00e4ch mit unserem Ortsvorsteher Manfred Klein erinnern. Manne sagte am damaligen Wahltag: \u201c\u2026das Dorfbild sich ver\u00e4ndert und viele junge Menschen sind hinzugezogen, andere wiederum sind verstorben oder weggezogen. Oft fehlt uns der Bezug zu den neuen Einwohnern.\u201c Genau darin liegen ein Verm\u00e4chtnis und eine Aufgabe f\u00fcr die Zukunft. Einen festen W\u00e4hlerstamm gibt es l\u00e4ngst nicht mehr. Zuk\u00fcnftig m\u00fcssen wir mit mehr Demut um jede Stimme k\u00e4mpfen. Auch die Dirminger SPD muss ihre Lehren ziehen und sich in den n\u00e4chsten Jahren neu aufstellen. Jetzt, heute m\u00fcssen die Weichen f\u00fcr die Zukunft gestellt werden. Somit sind wir beim Thema angekommen. Ich glaube mit Stephan Br\u00fcck haben wir den richtigen Mann gefunden. Seine immerzu freundliche, aufgeschlossene Art kann Br\u00fccken bauen. Ich glaube, dass unser Ortsverein einen guten neuen Vorsitzenden und zudem ein gutes neues Team gew\u00e4hlt hat. Ich dr\u00fccke die Daumen!<\/p>\n\n\n\n<p class=\"wp-block-paragraph\" style=\"font-size:18px\"><strong>Meine Entscheidung hingegen war keine gegen die SPD Dirmingen, sondern vielmehr f\u00fcr meinen Heimatort und die gemeinsame Sache. Die Dirminger SPD hat einen Vorsitzenden verdient, der sich voll und ganz um die Belange des Vereins und seiner Mitglieder k\u00fcmmert. Die n\u00e4chsten Jahre werden wichtig und wir brauchen einen Vorsitzenden, der sich vollends dieser Aufgabe stellen kann. In Doppelfunktion bin ich daf\u00fcr nicht mehr der richtige Mann. Bevor ich jedoch mein Amt zur Verf\u00fcgung stellte erkl\u00e4rte ich mich bereit weiterhin im Vorstand zu bleiben. Ich wei\u00df woher ich komme und wo die Wurzeln meiner politischen Arbeit liegen. Mir war es wichtig Teil des Ganzen zu bleiben und meinen Freunden zu helfen. Immerhin soll meine weitere Mitgliedschaft im Vorstand der besseren Zusammenarbeit dienen.&nbsp;<\/strong><\/p>\n\n\n\n<p class=\"wp-block-paragraph\" style=\"font-size:18px\">Am Ende m\u00f6chte ich mich bedanken. Vielen Dank f\u00fcr 15 gro\u00dfartige, wundervolle, ereignisreiche, verr\u00fcckte und durchaus auch erfolgreiche Jahre. Ich bin stolz auf unsere gemeinsame Zeit und die damit verbundenen Erfolge. Immerhin haben wir gemeinsam in meiner Amtszeit einige gewichtige politische Eckpfeiler gesetzt. Dabei war die gr\u00f6\u00dfte politische Errungenschaft der Neubau einer Kindertagesst\u00e4tte, die Einrichtung eines Jugendzentrums, der Aufbau einer eigenen JUSO- AG, die Sanierung des Bahnhofsparkplatzes und die Aufwertung des Dirminger Br\u00fchlparks. Wir alle erinnern uns an die Starkregenereignisse 2016 oder denken die derzeitige Pandemie. In allen Zeiten hat die Dirminger SPD ihr Profil gezeigt.<\/p>\n\n\n\n<div class=\"wp-block-image\"><figure class=\"aligncenter size-large\"><img loading=\"lazy\" decoding=\"async\" width=\"700\" height=\"403\" src=\"https:\/\/echta-derminga.de\/wp-content\/uploads\/2020\/08\/5-2-700x403.jpg\" alt=\"\" class=\"wp-image-7178\" srcset=\"https:\/\/echta-derminga.de\/wp-content\/uploads\/2020\/08\/5-2-700x403.jpg 700w, https:\/\/echta-derminga.de\/wp-content\/uploads\/2020\/08\/5-2-300x173.jpg 300w, https:\/\/echta-derminga.de\/wp-content\/uploads\/2020\/08\/5-2-768x443.jpg 768w, https:\/\/echta-derminga.de\/wp-content\/uploads\/2020\/08\/5-2.jpg 800w\" sizes=\"auto, (max-width: 700px) 100vw, 700px\" \/><\/figure><\/div>\n\n\n\n<p class=\"wp-block-paragraph\" style=\"font-size:18px\"><strong>Danke an alle Mitglieder, G\u00f6nner, F\u00f6rderer und W\u00e4hler\/innen. Vielen Dank an meinen Vorstand und insbesondere an meine Rechte und linke Hand, an Michael Polotzek und Stephan Br\u00fcck. Ich bin dankbar f\u00fcr die bisherige gemeinsame, wunderbare Zeit und setzte auf eine gemeinsame Zukunft. Ein besonderer Dank geht an meinen Mentor Manfred Klein, wir werden Dich nie vergessen. Vielen Dank auch an alle politischen Freunde in anderen Ortsvereinen, dem Gemeindeverband oder der Saar SPD. Abschlie\u00dfend danke ich meiner Familie, allen voran meiner Frau f\u00fcr das Verst\u00e4ndnis und die Kraft. Ich wei\u00df, dass Sie auf vieles verzichten muss und ich kann nicht versprechen das es besser wird.<\/strong><\/p>\n\n\n\n<p class=\"wp-block-paragraph\" style=\"font-size:18px\">Danken m\u00f6chte ich aber auch den politischen Mitbewerbern. In zahlreichen Debatten und Wahlk\u00e4mpfen habe ich vieles gelernt und konnte mich weiterentwickeln. Heute sehe ich vieles nicht mehr so verbissen. Wir m\u00fcssen uns gegenseitig daran erinnern, dass wir alle Kinder dieses sch\u00f6nen Dorfes sind. Im Grunde darf es immer nur um das Wohl unserer Heimat gehen.<\/p>\n\n\n\n<p class=\"wp-block-paragraph\" style=\"font-size:18px\"><strong>Nach 15 Jahren Vorsitzender der Dirminger SPD durfte ich den Staffelstab an meinen Nachfolger Stephan Br\u00fcck weiterreichen. Der Staffelstab beinhaltete ein ausgedrucktes Zitat von Willi Brandt:<\/strong><\/p>\n\n\n\n<p class=\"wp-block-paragraph\" style=\"font-size:18px\"><strong>\u201eNichts kommt von selbst. Und nur wenig ist von Dauer. Darum \u2013 besinnt Euch auf Eure Kraft und darauf, dass jede Zeit eigene Antworten will und man auf ihrer H\u00f6he zu sein hat, wenn Gutes bewirkt werden soll.\u201c<\/strong><\/p>\n\n\n\n<p class=\"wp-block-paragraph\" style=\"font-size:18px\">Mein Abschied von der Position des Vorsitzenden ist kein Grund traurig zu sein, sondern vielmehr sich zu freuen. Ich bin \u00fcberzeugt davon, dass wir mit diesem neuen Team wieder zur alten St\u00e4rke zur\u00fcckkehren. Anpacken und Mitmachen ist angesagt. Genau das hat unser neuer Vorsitzender schon vor seinem Amtsantritt eindrucksvoll umgesetzt. Immerhin durften wir in der letzten Woche vier neue Mitglieder im SPD-Ortsverein begr\u00fc\u00dfen. Ich habe das Gef\u00fchl, dass eine gewisse Aufbruchstimmung herrscht. Das alte muss weichen, damit neues vorantreiben kann. Manchmal muss man Platz machen, damit gutes entstehen kann.<\/p>\n\n\n\n<div class=\"wp-block-image\"><figure class=\"aligncenter size-large\"><img loading=\"lazy\" decoding=\"async\" width=\"700\" height=\"795\" src=\"https:\/\/echta-derminga.de\/wp-content\/uploads\/2020\/08\/1-2.jpg\" alt=\"\" class=\"wp-image-7180\" srcset=\"https:\/\/echta-derminga.de\/wp-content\/uploads\/2020\/08\/1-2.jpg 700w, https:\/\/echta-derminga.de\/wp-content\/uploads\/2020\/08\/1-2-264x300.jpg 264w\" sizes=\"auto, (max-width: 700px) 100vw, 700px\" \/><figcaption>Danke f\u00fcr die gemeinsame Zeit !<\/figcaption><\/figure><\/div>\n\n\n\n<p class=\"wp-block-paragraph\" style=\"font-size:18px\">Zu den ersten Amtshandlungen unseres neuen Vorsitzenden geh\u00f6rte die Ehrung verdienter Mitglieder. Gemeinsam mit dem Bundestagsabgeordneten und SPD-Saar Generalsekret\u00e4r Chris Petry wurden Mitglieder geehrt und gefeiert. Dabei wurde auch das Dirminger SPD-Urgestein Hans-Georg Wagner zum Ehrenvorsitzenden gew\u00e4hlt. Neben unserem ehemaligen Ortsvorsteher Rudi Hell ist dies nun der zweite Ehrenvorsitzende der Dirminger SPD. Gl\u00fcckwunsch an alle verdienten, geehrten Mitglieder und Danke f\u00fcr die gemeinsame Zeit.<\/p>\n\n\n\n<p class=\"wp-block-paragraph\" style=\"font-size:18px\"><strong>Also, alles ist im Fluss und es ist gut so, wie es ist! Ich w\u00fcnsche meinem neuen Ortsvereinsvorstand gute Beratungen, viel Gl\u00fcck, Erfolg und immer den Finger am Puls der Zeit.<\/strong> <strong>F\u00fcr mich pers\u00f6nlich ist es Zeit mich voll und ganz auf meine neue Aufgabe zu fokussieren. Es gibt viel zu tun im Derminga D\u00f6rfche\u2026.<\/strong>.<\/p>\n\n\n\n<p class=\"wp-block-paragraph\" style=\"font-size:18px\"><strong>Gl\u00fcck auf Derminga SPD !<\/strong><\/p>\n","protected":false},"excerpt":{"rendered":"<p>Ich kann mich noch gut daran erinnern. Im Fr\u00fchjahr des Jahres 2005 w\u00e4hlten mich die Mitglieder des SPD-Ortsvereins Dirmingen zu ihrem Vorsitzenden. Das diese Wahl damals einstimmig ausfiel hat mich schon ein St\u00fcck weit \u00fcberrascht. Immerhin kauften die Dirminger Genossen damals die Katze im Sack. Bis zu diesem Zeitpunkt bin ich selten kommunalpolitisch aufgetreten. Nach meinem Eintritt in die SPD,<\/p>\n","protected":false},"author":1,"featured_media":7171,"comment_status":"open","ping_status":"closed","sticky":false,"template":"","format":"standard","meta":{"_crdt_document":"","footnotes":""},"categories":[1,9,46],"tags":[5,618,121,127,67,439],"class_list":["post-7169","post","type-post","status-publish","format-standard","has-post-thumbnail","hentry","category-allgemein","category-dorfgetratsche","category-meine-politik","tag-dirmingen","tag-gemeinde-eppelborn","tag-kommunalpolitik","tag-landkreis-neunkirchen","tag-spd","tag-spd-dirmingen"],"_links":{"self":[{"href":"https:\/\/echta-derminga.de\/index.php?rest_route=\/wp\/v2\/posts\/7169","targetHints":{"allow":["GET"]}}],"collection":[{"href":"https:\/\/echta-derminga.de\/index.php?rest_route=\/wp\/v2\/posts"}],"about":[{"href":"https:\/\/echta-derminga.de\/index.php?rest_route=\/wp\/v2\/types\/post"}],"author":[{"embeddable":true,"href":"https:\/\/echta-derminga.de\/index.php?rest_route=\/wp\/v2\/users\/1"}],"replies":[{"embeddable":true,"href":"https:\/\/echta-derminga.de\/index.php?rest_route=%2Fwp%2Fv2%2Fcomments&post=7169"}],"version-history":[{"count":13,"href":"https:\/\/echta-derminga.de\/index.php?rest_route=\/wp\/v2\/posts\/7169\/revisions"}],"predecessor-version":[{"id":7187,"href":"https:\/\/echta-derminga.de\/index.php?rest_route=\/wp\/v2\/posts\/7169\/revisions\/7187"}],"wp:featuredmedia":[{"embeddable":true,"href":"https:\/\/echta-derminga.de\/index.php?rest_route=\/wp\/v2\/media\/7171"}],"wp:attachment":[{"href":"https:\/\/echta-derminga.de\/index.php?rest_route=%2Fwp%2Fv2%2Fmedia&parent=7169"}],"wp:term":[{"taxonomy":"category","embeddable":true,"href":"https:\/\/echta-derminga.de\/index.php?rest_route=%2Fwp%2Fv2%2Fcategories&post=7169"},{"taxonomy":"post_tag","embeddable":true,"href":"https:\/\/echta-derminga.de\/index.php?rest_route=%2Fwp%2Fv2%2Ftags&post=7169"}],"curies":[{"name":"wp","href":"https:\/\/api.w.org\/{rel}","templated":true}]}}