{"id":7188,"date":"2020-08-21T14:27:22","date_gmt":"2020-08-21T13:27:22","guid":{"rendered":"http:\/\/echta-derminga.de\/?p=7188"},"modified":"2020-08-21T14:30:39","modified_gmt":"2020-08-21T13:30:39","slug":"mensch-es-ist-auch-dein-dorf-das-herz-unseres-dorfes-schlaegt-im-bruehlpark","status":"publish","type":"post","link":"https:\/\/echta-derminga.de\/?p=7188","title":{"rendered":"Mensch es ist auch DEIN Dorf &#8211; Das Herz unseres Dorfes schl\u00e4gt im Br\u00fchlpark"},"content":{"rendered":"\n<p class=\"wp-block-paragraph\" style=\"font-size:18px\"><strong>Der Dirminger Br\u00fchlpark spaltet seit einigen Jahren die Geister. W\u00e4hrend sich die einen an diesem wundersch\u00f6nen Kleinod in der Ortsmitte erfreuen, beklagen andere den Zustand des Parks.<\/strong><\/p>\n\n\n\n<p class=\"wp-block-paragraph\" style=\"font-size:18px\">Wohl kaum ein Dorf in unserer Region verf\u00fcgt \u00fcber einen solchen Schatz in seinem Ortszentrum. Ein Erholungspark inmitten eines Ortskerns ist selten und vermutlich schon eher eine Rarit\u00e4t. Das Herz unseres Dorfes schl\u00e4gt im Br\u00fchlpark. Kein anderer Platz in unserem sch\u00f6nen Dorf polarisiert derma\u00dfen die Bev\u00f6lkerung. Dabei tut sich was im Br\u00fchlpark. Ich glaube es findet ein Umdenken statt. Schon w\u00e4hrend unseres \u201eMitmach-Projekts\u201c durfte ich die die Erfahrung machen, dass die Menschen gerne bereit sind Zeit und Kraft in die Aufwertung unsres Parks zu investieren.<\/p>\n\n\n\n<p class=\"wp-block-paragraph\" style=\"font-size:18px\"><strong>Die Planungen des Projekts \u201eNatur erleben mitten im Ort\u201c am Ufer der Ill stehen schon seit l\u00e4ngerer Zeit fest. Nun wird es Zeit Kante zu zeigen und echte Zeichen zu setzen. Im Br\u00fchlplatz ist vieles m\u00f6glich. Stellt sich die Frage, welche Konzepte umsetzbar sind. Der B\u00fcrger- Workshop nach dem Mitmach-Projekt hat gezeigt, dass die Menschen an einer Aufwertung interessiert sind.<\/strong><\/p>\n\n\n\n<div class=\"wp-block-image\"><figure class=\"aligncenter size-large\"><img loading=\"lazy\" decoding=\"async\" width=\"700\" height=\"525\" src=\"https:\/\/echta-derminga.de\/wp-content\/uploads\/2020\/08\/2-3-700x525.jpg\" alt=\"\" class=\"wp-image-7194\" srcset=\"https:\/\/echta-derminga.de\/wp-content\/uploads\/2020\/08\/2-3-700x525.jpg 700w, https:\/\/echta-derminga.de\/wp-content\/uploads\/2020\/08\/2-3-300x225.jpg 300w, https:\/\/echta-derminga.de\/wp-content\/uploads\/2020\/08\/2-3-768x576.jpg 768w, https:\/\/echta-derminga.de\/wp-content\/uploads\/2020\/08\/2-3.jpg 800w\" sizes=\"auto, (max-width: 700px) 100vw, 700px\" \/><\/figure><\/div>\n\n\n\n<p class=\"wp-block-paragraph\" style=\"font-size:18px\">Nat\u00fcrlich muss eine solche Aufwertung finanziert werden. Gelder f\u00fcr dieses Projekt k\u00f6nnten durch \u201eERLER-F\u00f6rderungen f\u00fcr die l\u00e4ndliche Entwicklung\u201c oder Mittel des Bundes und Eigenmittel der Gemeinde Eppelborn sowie Zusch\u00fcssen vom Land flie\u00dfen.<\/p>\n\n\n\n<p class=\"wp-block-paragraph\" style=\"font-size:18px\"><strong>Im Jahre 1974 wurde der Br\u00fchlpark in seiner heutigen Form erbaut. Der Heimat -und Verkehrsverein Dirmingen hatte sich damals bem\u00fcht und die entsprechenden Antr\u00e4ge eingereicht. Damals wurde nach dem Bau eines neuen Sportplatzes, auf dem Belker, der Br\u00fchlpark erstmals \u00fcberarbeitet und als Erholungsanlage umgestaltet. Es wurde ein Kinderspielplatz angelegt, B\u00e4ume und Str\u00e4ucher gepflanzt, Ruheb\u00e4nke aufgestellt und Wege hergerichtet. Nach einer Bauzeit von eineinhalb Jahren erfolgte am 30.08.1975 die Einweihung des Br\u00fchlparks in der Dirminger Ortsmitte. In diesem Jahr feiert der Park also sein 45. Jubil\u00e4um.<\/strong><\/p>\n\n\n\n<p class=\"wp-block-paragraph\" style=\"font-size:18px\">Heute im Jahre 2020 stehen wir vor der Frage: Quo Vadis Br\u00fchlpark? Ist es uns egal was mit dieser Anlage passiert oder sind wir bereit einiges zu investieren? Dabei w\u00fcrde nicht nur der Ortsteil Dirmingen, sondern auch die Gemeinde, der Landkreis und auch die Natura Ill-Theel von einer Aufwertung profitieren. Lohnt sich also die Aufwertung des Br\u00fchlparks? Warum sollten wir es nicht versuchen und einen Neuanfang starten? Das m\u00f6gliche Geld f\u00fcr die Sanierung des Parks w\u00fcrde aus Landesmitteln, die nur f\u00fcr solche Projekte vorgesehen sind, stammen. Wenn wir die F\u00f6rdergelder nicht beantragen, bekommt ein anderes Dorf den Zuschlag. Was haben wir also zu verlieren? Die gew\u00fcnschten Investitionen in unseren Park k\u00f6nnten unserem Dorf neuen Schwung verleihen.<\/p>\n\n\n\n<p class=\"wp-block-paragraph\" style=\"font-size:18px\"><strong>Was wollen wir eigentlich? Wenn ich an unseren Workshop denke, erinnere ich mich an zahlreiche gute Ideen: Fitness- und Spielger\u00e4te, Barfu\u00dfweg, Schutzh\u00fctte, Show-B\u00fchne, Boulplatz, Beachsoccer \u2013 Volleyballanlage, Sitzgelegenheiten, Ruhepl\u00e4tze, Spielwiesen und vieles mehr. Wie bereits erw\u00e4hnt, der Einfallsreichtum unserer Mitb\u00fcrger kennt keine Grenzen. Zudem k\u00f6nnte der Br\u00fchlpark als neuer Austragungsort f\u00fcr Dorffeste oder Vereinsaktivit\u00e4ten dienen. Das letztj\u00e4hrige Park -und Strandfest hat Lust auf mehr gemacht. Schon damals in den 1970-gern und 1980-gern Jahren wurde in regelm\u00e4\u00dfigen Abst\u00e4nden ein Parkfest durchgef\u00fchrt.<\/strong><\/p>\n\n\n\n<div class=\"wp-block-image\"><figure class=\"aligncenter size-large\"><img loading=\"lazy\" decoding=\"async\" width=\"700\" height=\"525\" src=\"https:\/\/echta-derminga.de\/wp-content\/uploads\/2020\/08\/3-2-700x525.jpg\" alt=\"\" class=\"wp-image-7195\" srcset=\"https:\/\/echta-derminga.de\/wp-content\/uploads\/2020\/08\/3-2-700x525.jpg 700w, https:\/\/echta-derminga.de\/wp-content\/uploads\/2020\/08\/3-2-300x225.jpg 300w, https:\/\/echta-derminga.de\/wp-content\/uploads\/2020\/08\/3-2-768x576.jpg 768w, https:\/\/echta-derminga.de\/wp-content\/uploads\/2020\/08\/3-2.jpg 800w\" sizes=\"auto, (max-width: 700px) 100vw, 700px\" \/><\/figure><\/div>\n\n\n\n<p class=\"wp-block-paragraph\" style=\"font-size:18px\">Investitionen in den Br\u00fchlpark sind gut und erstrebenswert. Wie erreichen wir eine gewisse Nachhaltigkeit? In diesem Fall sind alle Mitb\u00fcrgerinnen und Mitb\u00fcrger zur Unterst\u00fctzung aufgerufen. Gem\u00e4\u00df dem Motto: <strong>\u201cMensch es ist auch DEIN Dorf\u201c<\/strong> m\u00fcssen wir uns alle in die Pflicht nehmen und sensibilisieren. Dabei k\u00f6nnten wir schon mit kleinen Schritten so einiges erreichen: Hundetoilette benutzen, M\u00fcll in den Abfalleimer, nicht mit dem Roller oder Moped \u00fcber die Anlage brettern, Hunde nicht den Strand aufw\u00fchlen lassen und Altglas zum n\u00e4chsten Container bringen. Dies alles sind kleine Dinge, mit denen wir schon vieles erreichen k\u00f6nnen. Mitmachen ist angesagt: <strong>\u201eMensch ist es ist auch DEIN Dorf\u201c<\/strong><\/p>\n\n\n\n<p class=\"wp-block-paragraph\" style=\"font-size:18px\">Auch eine Aufwertung kann in vielen kleinen Schritten geschehen. Die Aufstellung neuer Abfalleimer und neuer Ruheb\u00e4nke ist in Planung. Hoffen wir, dass diese neuen Gegenst\u00e4nde recht lange den Nutzern ihren Dienst erweisen k\u00f6nnen. Auch dies liegt allein in unserer Hand. Wenn ich an das Thema Vandalismus denke, bekomme ich Puls. Ich frage mich jeden Tag, was Menschen dazu antreibt die Dinge anderer Leute zu zerst\u00f6ren. Frust, Hass, Wut oder auch Angst? N\u00fctzt alles nichts, wir m\u00fcssen mit diesem Problem leben und es t\u00e4glich bek\u00e4mpfen. F\u00fcr Irritationen sorgen allerdings die Verharmlosungen solcher Straftaten.<\/p>\n\n\n\n<p class=\"wp-block-paragraph\" style=\"font-size:18px\"><strong>Im Dirminger Br\u00fchlpark schl\u00e4gt das Herz unseres Dorfes. Vieles kann und nichts muss! Mit einem guten Atem, etwas Ausdauer und der notwendigen Beharrlichkeit werden wir das Ziel erreichen. Der Br\u00fchlpark muss wieder mehr in das Gewissen unserer Bev\u00f6lkerung ger\u00fcckt werden. Nirgends in unserer Region kann der sanfte Tourismus vor der eigenen Haust\u00fcr stattfinden. Diese Tatsache ist ein echtes Faustpfand. Packen wir es an!<\/strong><\/p>\n\n\n\n<div class=\"wp-block-image\"><figure class=\"aligncenter size-large\"><img loading=\"lazy\" decoding=\"async\" width=\"700\" height=\"461\" src=\"https:\/\/echta-derminga.de\/wp-content\/uploads\/2020\/08\/4-4-700x461.jpg\" alt=\"\" class=\"wp-image-7196\" srcset=\"https:\/\/echta-derminga.de\/wp-content\/uploads\/2020\/08\/4-4-700x461.jpg 700w, https:\/\/echta-derminga.de\/wp-content\/uploads\/2020\/08\/4-4-300x198.jpg 300w, https:\/\/echta-derminga.de\/wp-content\/uploads\/2020\/08\/4-4-768x506.jpg 768w, https:\/\/echta-derminga.de\/wp-content\/uploads\/2020\/08\/4-4-120x80.jpg 120w, https:\/\/echta-derminga.de\/wp-content\/uploads\/2020\/08\/4-4.jpg 800w\" sizes=\"auto, (max-width: 700px) 100vw, 700px\" \/><\/figure><\/div>\n","protected":false},"excerpt":{"rendered":"<p>Der Dirminger Br\u00fchlpark spaltet seit einigen Jahren die Geister. W\u00e4hrend sich die einen an diesem wundersch\u00f6nen Kleinod in der Ortsmitte erfreuen, beklagen andere den Zustand des Parks. Wohl kaum ein Dorf in unserer Region verf\u00fcgt \u00fcber einen solchen Schatz in seinem Ortszentrum. Ein Erholungspark inmitten eines Ortskerns ist selten und vermutlich schon eher eine Rarit\u00e4t. Das Herz unseres Dorfes schl\u00e4gt<\/p>\n","protected":false},"author":1,"featured_media":7193,"comment_status":"open","ping_status":"closed","sticky":false,"template":"","format":"standard","meta":{"_crdt_document":"","footnotes":""},"categories":[1,9],"tags":[861,52,5,618,127,862],"class_list":["post-7188","post","type-post","status-publish","format-standard","has-post-thumbnail","hentry","category-allgemein","category-dorfgetratsche","tag-arbeitseinsatz","tag-bruehlpark","tag-dirmingen","tag-gemeinde-eppelborn","tag-landkreis-neunkirchen","tag-mitmachen"],"_links":{"self":[{"href":"https:\/\/echta-derminga.de\/index.php?rest_route=\/wp\/v2\/posts\/7188","targetHints":{"allow":["GET"]}}],"collection":[{"href":"https:\/\/echta-derminga.de\/index.php?rest_route=\/wp\/v2\/posts"}],"about":[{"href":"https:\/\/echta-derminga.de\/index.php?rest_route=\/wp\/v2\/types\/post"}],"author":[{"embeddable":true,"href":"https:\/\/echta-derminga.de\/index.php?rest_route=\/wp\/v2\/users\/1"}],"replies":[{"embeddable":true,"href":"https:\/\/echta-derminga.de\/index.php?rest_route=%2Fwp%2Fv2%2Fcomments&post=7188"}],"version-history":[{"count":9,"href":"https:\/\/echta-derminga.de\/index.php?rest_route=\/wp\/v2\/posts\/7188\/revisions"}],"predecessor-version":[{"id":7201,"href":"https:\/\/echta-derminga.de\/index.php?rest_route=\/wp\/v2\/posts\/7188\/revisions\/7201"}],"wp:featuredmedia":[{"embeddable":true,"href":"https:\/\/echta-derminga.de\/index.php?rest_route=\/wp\/v2\/media\/7193"}],"wp:attachment":[{"href":"https:\/\/echta-derminga.de\/index.php?rest_route=%2Fwp%2Fv2%2Fmedia&parent=7188"}],"wp:term":[{"taxonomy":"category","embeddable":true,"href":"https:\/\/echta-derminga.de\/index.php?rest_route=%2Fwp%2Fv2%2Fcategories&post=7188"},{"taxonomy":"post_tag","embeddable":true,"href":"https:\/\/echta-derminga.de\/index.php?rest_route=%2Fwp%2Fv2%2Ftags&post=7188"}],"curies":[{"name":"wp","href":"https:\/\/api.w.org\/{rel}","templated":true}]}}