{"id":7304,"date":"2020-08-30T14:40:53","date_gmt":"2020-08-30T13:40:53","guid":{"rendered":"http:\/\/echta-derminga.de\/?p=7304"},"modified":"2020-08-30T16:07:48","modified_gmt":"2020-08-30T15:07:48","slug":"in-sachen-ortsvorsteher-vom-traurigen-abschieden-und-der-suche-nach-neuen-wegen","status":"publish","type":"post","link":"https:\/\/echta-derminga.de\/?p=7304","title":{"rendered":"In Sachen Ortsvorsteher: Vom traurigen Abschied und der Suche nach neuen Wegen"},"content":{"rendered":"\n<p class=\"wp-block-paragraph\" style=\"font-size:18px\"><strong>Liebe Dirmingerinnen,<\/strong><\/p>\n\n\n\n<p class=\"wp-block-paragraph\" style=\"font-size:18px\"><strong>liebe Dirminger,<\/strong><\/p>\n\n\n\n<p class=\"wp-block-paragraph\" style=\"font-size:18px\"><strong>alles im Leben ver\u00e4ndert sich. Altes muss weichen, damit neues beginnen kann. Diese Erfahrung m\u00fcssen wir immer wieder in unserem Leben machen.<\/strong> <strong>Manchmal ist es Zeit Abschied zu nehmen.<\/strong><\/p>\n\n\n\n<p class=\"wp-block-paragraph\" style=\"font-size:18px\"><strong>Zeit zum Abschied nehmen \u2013 Gedenkfeier f\u00fcr Ortsvorsteher Manfred Klein<\/strong><\/p>\n\n\n\n<p class=\"wp-block-paragraph\" style=\"font-size:18px\"><strong><em>\u201eFreundschaften sind wie Br\u00fccken. Je st\u00e4rker sie sind, desto gr\u00f6\u00dfere Distanzen k\u00f6nnen sie \u00fcberwinden.\u201c<\/em><\/strong><em> <\/em><em>Es ist an der Zeit &#8211; Endlich d\u00fcrfen wir uns gemeinsam von unserem Ortsvorsteher Manfred Klein verabschieden.<\/em><\/p>\n\n\n\n<p class=\"wp-block-paragraph\" style=\"font-size:18px\">Am Freitag,18. September 2020 findet um 17:00 Uhr im Dirminger Br\u00fchlpark die Gedenkfeier f\u00fcr unseren, am 15. M\u00e4rz 2020 verstorbenen Ortsvorsteher Manfred Klein, statt. Der Kulturverein Dirmingen fungiert gemeinsam mit der Familie als Veranstalter dieser Gedenkfeier. Die Gemeindeverwaltung, um B\u00fcrgermeister Dr. Andreas Feld, hat ihre Unterst\u00fctzung zugesagt. Uns allen ist die Entscheidung zur Durchf\u00fchrung dieser Veranstaltung nicht leicht gefallen. Es sind schwere Zeiten und nat\u00fcrlich birgt die Ausrichtung einer solchen Veranstaltung auch gewisse Gefahren. Dessen sind wir uns alle bewusst. Dennoch waren wir uns am Ende dar\u00fcber einig, dass wir f\u00fcr unseren Freund, Ortsvorsteher und Kulturvereinsvorsitzenden Manfred Klein dieses Risiko eingehen werden. Die Veranstaltung wird streng unter den vorgegebenen Richtlinien ausgetragen.<\/p>\n\n\n\n<p class=\"wp-block-paragraph\" style=\"font-size:18px\"><strong>Die Teilnehmerzahl ist begrenzt, bis zum Sitzplatz ist Mundschutz zu tragen, der Abstand ist einzuhalten und die vorhandenen Desinfektionsmittel sind zu nutzen.<\/strong> <strong>Hiermit sind Sie herzlich zu dieser Gedenkfeier eingeladen.<\/strong><\/p>\n\n\n\n<div class=\"wp-block-image\"><figure class=\"aligncenter size-large\"><img loading=\"lazy\" decoding=\"async\" width=\"700\" height=\"722\" src=\"https:\/\/echta-derminga.de\/wp-content\/uploads\/2020\/08\/555975_WSP_0318_ill_eckKlein-700x722.jpg\" alt=\"\" class=\"wp-image-7306\" srcset=\"https:\/\/echta-derminga.de\/wp-content\/uploads\/2020\/08\/555975_WSP_0318_ill_eckKlein-700x722.jpg 700w, https:\/\/echta-derminga.de\/wp-content\/uploads\/2020\/08\/555975_WSP_0318_ill_eckKlein-291x300.jpg 291w, https:\/\/echta-derminga.de\/wp-content\/uploads\/2020\/08\/555975_WSP_0318_ill_eckKlein-768x792.jpg 768w, https:\/\/echta-derminga.de\/wp-content\/uploads\/2020\/08\/555975_WSP_0318_ill_eckKlein.jpg 776w\" sizes=\"auto, (max-width: 700px) 100vw, 700px\" \/><figcaption>Ortsvorsteher Dirmingen Manfred Klein<\/figcaption><\/figure><\/div>\n\n\n\n<p class=\"wp-block-paragraph\" style=\"font-size:18px\">Anmeldungen bitte bei:<\/p>\n\n\n\n<p class=\"wp-block-paragraph\" style=\"font-size:18px\"><strong>Ortsvorsteher Frank Klein 01726027216 \/ kleinfranki@t-online.de, Stellv. Vorsitzender Reimund Klein 01512 3482094 \/ Reimund.klein@surgo.de, Stellv. Vorsitzender Hans-Peter Hoffmann 0176 21473105\/ hapehodi@web.de<\/strong><\/p>\n\n\n\n<p class=\"wp-block-paragraph\" style=\"font-size:18px\">Aufgrund der Corona Pandemie m\u00fcssen wir die Kontaktdaten aller Teilnehmer\/innen erfassen. Aus diesem Grunde bitten wir alle sich bei ihrer Anmeldung registrieren zu lassen. Unsere Bev\u00f6lkerung hat somit endlich die Gelegenheit sich von ihrem Ortsvorsteher zu verabschieden. Manfred Klein hat diese Veranstaltung mehr als verdient.<\/p>\n\n\n\n<p class=\"wp-block-paragraph\" style=\"font-size:18px\"><strong>Abschied von der \u201eSch\u00f6nen Aussicht\u201c<\/strong><\/p>\n\n\n\n<p class=\"wp-block-paragraph\" style=\"font-size:18px\">In der vergangenen Woche wurde die Schutzh\u00fctte \u201eZur Sch\u00f6nen Aussicht\u201c aus Sicherheitsgr\u00fcnden abgebrochen. In den sozialen Medien fanden sich zahlreiche Mitb\u00fcrgerinnen und Mitb\u00fcrger, die der historischen Anlaufstelle nachtrauerten. Die Tage der Schutzh\u00fctte im Naherholungsgebiet Steinrausche sind gez\u00e4hlt. Leider war die Schutzh\u00fctte nicht mehr zu retten. Der Zugang zur H\u00fctte war schon seit einiger Zeit gesperrt. Die Sicherheit der Bev\u00f6lkerung konnte nicht mehr gew\u00e4hrleistet werden. Die H\u00fctte wies massive Sch\u00e4den auf und h\u00e4tte nicht mehr saniert werden k\u00f6nnen. Die Gefahr, f\u00fcr die Menschen war einfach unkalkulierbar. Wer mich kennt, wei\u00df ganz genau, dass der Abbruch der Schutzh\u00fctte auch mir sehr nahe ging. Viele Jahrzehnte wurde die Schutzh\u00fctte von ehrenamtlichen Mitb\u00fcrgern gehegt und gepflegt. Seit einigen Jahren war jedoch ein deutlicher Verfall zu erkennen. In diesem Zustand wurde die Schutzh\u00fctte ohnehin nicht mehr ihrem Namen \u201eSch\u00f6ne Aussicht\u201c gerecht. Nun hie\u00df es Abschied nehmen von einem St\u00fcck Dirminger Geschichte. Die H\u00fctte wurde dankenswerterweise vom Bauhof der Gemeindeverwaltung abgebrochen. Letztlich war es keine leichte Entscheidung diese H\u00fctte entfernen zu lassen. Zuk\u00fcnftig wird es nun unsere Aufgabe sein neue Erholungsm\u00f6glichkeiten zu suchen und anzubieten. Der Ortsrat hat sich bereits mit diesem Thema besch\u00e4ftigt. Ziel ist es neue M\u00f6glichkeiten aufzusuchen, um das Naherholungsgebiet Steinrausche aufzuwerten. Alles \u00e4ndert sich und wir werden t\u00e4glich vor neue Herausforderungen gestellt. Wir alle m\u00fcssen uns darauf einlassen und positiv damit umgehen. Wir m\u00fcssen akzeptieren, dass alles im Leben seine Zeit hat.<\/p>\n\n\n\n<figure class=\"wp-block-gallery columns-3 is-cropped wp-block-gallery-1 is-layout-flex wp-block-gallery-is-layout-flex\"><ul class=\"blocks-gallery-grid\"><li class=\"blocks-gallery-item\"><figure><img loading=\"lazy\" decoding=\"async\" width=\"700\" height=\"407\" src=\"https:\/\/echta-derminga.de\/wp-content\/uploads\/2020\/08\/1-5-700x407.jpg\" alt=\"\" data-id=\"7314\" data-link=\"https:\/\/echta-derminga.de\/?attachment_id=7314\" class=\"wp-image-7314\" srcset=\"https:\/\/echta-derminga.de\/wp-content\/uploads\/2020\/08\/1-5-700x407.jpg 700w, https:\/\/echta-derminga.de\/wp-content\/uploads\/2020\/08\/1-5-300x175.jpg 300w, https:\/\/echta-derminga.de\/wp-content\/uploads\/2020\/08\/1-5-768x447.jpg 768w, https:\/\/echta-derminga.de\/wp-content\/uploads\/2020\/08\/1-5.jpg 794w\" sizes=\"auto, (max-width: 700px) 100vw, 700px\" \/><\/figure><\/li><li class=\"blocks-gallery-item\"><figure><img loading=\"lazy\" decoding=\"async\" width=\"700\" height=\"331\" src=\"https:\/\/echta-derminga.de\/wp-content\/uploads\/2020\/08\/2-2-1-700x331.jpg\" alt=\"\" data-id=\"7315\" data-link=\"https:\/\/echta-derminga.de\/?attachment_id=7315\" class=\"wp-image-7315\" srcset=\"https:\/\/echta-derminga.de\/wp-content\/uploads\/2020\/08\/2-2-1-700x331.jpg 700w, https:\/\/echta-derminga.de\/wp-content\/uploads\/2020\/08\/2-2-1-300x142.jpg 300w, https:\/\/echta-derminga.de\/wp-content\/uploads\/2020\/08\/2-2-1-768x363.jpg 768w, https:\/\/echta-derminga.de\/wp-content\/uploads\/2020\/08\/2-2-1.jpg 800w\" sizes=\"auto, (max-width: 700px) 100vw, 700px\" \/><\/figure><\/li><li class=\"blocks-gallery-item\"><figure><img loading=\"lazy\" decoding=\"async\" width=\"700\" height=\"331\" src=\"https:\/\/echta-derminga.de\/wp-content\/uploads\/2020\/08\/3-4-700x331.jpg\" alt=\"\" data-id=\"7316\" data-full-url=\"https:\/\/echta-derminga.de\/wp-content\/uploads\/2020\/08\/3-4.jpg\" data-link=\"https:\/\/echta-derminga.de\/?attachment_id=7316\" class=\"wp-image-7316\" srcset=\"https:\/\/echta-derminga.de\/wp-content\/uploads\/2020\/08\/3-4-700x331.jpg 700w, https:\/\/echta-derminga.de\/wp-content\/uploads\/2020\/08\/3-4-300x142.jpg 300w, https:\/\/echta-derminga.de\/wp-content\/uploads\/2020\/08\/3-4-768x363.jpg 768w, https:\/\/echta-derminga.de\/wp-content\/uploads\/2020\/08\/3-4.jpg 800w\" sizes=\"auto, (max-width: 700px) 100vw, 700px\" \/><\/figure><\/li><\/ul><\/figure>\n\n\n\n<p class=\"wp-block-paragraph\" style=\"font-size:18px\"><strong>Abschied vom \u201eLimo-Baum\u201c<\/strong><\/p>\n\n\n\n<p class=\"wp-block-paragraph\" style=\"font-size:18px\">Der sogenannte \u201eLimo-Baum\u201c ist bei allen Dirmingerinnen und Dirmingern sehr wohl bekannt. Die Sturmb\u00f6en der vergangenen Woche haben dem schon seit l\u00e4ngerer Zeit kranken Baum den Rest gegeben. Nachdem einige besorgte Mitb\u00fcrger mich entsprechend informierten, bleib mir nichts anderes \u00fcbrig als die Gemeindeverwaltung und den Bauhof zu kontaktieren. Leider war ein Teil des Baums nicht mehr zu retten. Der Windbruch war zu enorm und auch hier hatte die Sicherheit der Bev\u00f6lkerung Vorrang. Altes darf auch mal sterben, so ist das leider im Leben. F\u00fcr uns Einheimische verlief die letzte Woche diesbez\u00fcglich sicherlich schmerzlich. Viele von uns sind mit der \u201eSch\u00f6nen Aussicht\u201c und dem Limo-Baum aufgewachsen. Diese Zeit hat nun leider ein Ende gefunden.<\/p>\n\n\n\n<figure class=\"wp-block-gallery columns-2 is-cropped wp-block-gallery-2 is-layout-flex wp-block-gallery-is-layout-flex\"><ul class=\"blocks-gallery-grid\"><li class=\"blocks-gallery-item\"><figure><img loading=\"lazy\" decoding=\"async\" width=\"700\" height=\"331\" src=\"https:\/\/echta-derminga.de\/wp-content\/uploads\/2020\/08\/55-700x331.jpg\" alt=\"\" data-id=\"7318\" data-link=\"https:\/\/echta-derminga.de\/?attachment_id=7318\" class=\"wp-image-7318\" srcset=\"https:\/\/echta-derminga.de\/wp-content\/uploads\/2020\/08\/55-700x331.jpg 700w, https:\/\/echta-derminga.de\/wp-content\/uploads\/2020\/08\/55-300x142.jpg 300w, https:\/\/echta-derminga.de\/wp-content\/uploads\/2020\/08\/55-768x363.jpg 768w, https:\/\/echta-derminga.de\/wp-content\/uploads\/2020\/08\/55.jpg 800w\" sizes=\"auto, (max-width: 700px) 100vw, 700px\" \/><\/figure><\/li><li class=\"blocks-gallery-item\"><figure><img loading=\"lazy\" decoding=\"async\" width=\"700\" height=\"331\" src=\"https:\/\/echta-derminga.de\/wp-content\/uploads\/2020\/08\/66-700x331.jpg\" alt=\"\" data-id=\"7319\" data-full-url=\"https:\/\/echta-derminga.de\/wp-content\/uploads\/2020\/08\/66.jpg\" data-link=\"https:\/\/echta-derminga.de\/?attachment_id=7319\" class=\"wp-image-7319\" srcset=\"https:\/\/echta-derminga.de\/wp-content\/uploads\/2020\/08\/66-700x331.jpg 700w, https:\/\/echta-derminga.de\/wp-content\/uploads\/2020\/08\/66-300x142.jpg 300w, https:\/\/echta-derminga.de\/wp-content\/uploads\/2020\/08\/66-768x363.jpg 768w, https:\/\/echta-derminga.de\/wp-content\/uploads\/2020\/08\/66.jpg 800w\" sizes=\"auto, (max-width: 700px) 100vw, 700px\" \/><\/figure><\/li><\/ul><\/figure>\n\n\n\n<p class=\"wp-block-paragraph\" style=\"font-size:18px\"><strong>Nachbarschaft unterst\u00fctzt Bankpaten &#8211; Gemeinsam anpacken und mitgestalten<\/strong><\/p>\n\n\n\n<p class=\"wp-block-paragraph\" style=\"font-size:18px\">In den letzten Wochen erfuhren unsere beiden Bankpaten Josef Wilhelm und Rudi Konetzka viel Lob und Zuspruch. Bis heute wurden \u00fcber 15 B\u00e4nke auf Dirminger Bann saniert, repariert oder erneuert. In der vergangenen Woche stand die Sitzgarnitur der Grillecke \u201eSchillerstra\u00dfe\u201c auf dem Arbeitsplan. Mit Hilfe des Bauhofs wurde das notwenige Material f\u00fcr die Erneuerung der beiden B\u00e4nke besorgt. Dankeswerterweise bekam Bankpate Josef Wilhelm tatkr\u00e4ftige Unterst\u00fctzung durch die Nachbarschaft. Wunderbar, so funktioniert das Miteinander in unserem Dorf. Wenn wir Zusammenhalten kann gro\u00dfartiges entstehen. Mittlerweile wurden die beiden neuen B\u00e4nke bereits eingeweiht. Vielen Dank f\u00fcr die Einladung zu der kleinen Einweihungsfeier. Ich habe mich sehr \u00fcber dieses Miteinander gefreut.<\/p>\n\n\n\n<div class=\"wp-block-image\"><figure class=\"aligncenter size-large\"><img loading=\"lazy\" decoding=\"async\" width=\"700\" height=\"443\" src=\"https:\/\/echta-derminga.de\/wp-content\/uploads\/2020\/08\/jo-700x443.jpg\" alt=\"\" class=\"wp-image-7308\" srcset=\"https:\/\/echta-derminga.de\/wp-content\/uploads\/2020\/08\/jo-700x443.jpg 700w, https:\/\/echta-derminga.de\/wp-content\/uploads\/2020\/08\/jo-300x190.jpg 300w, https:\/\/echta-derminga.de\/wp-content\/uploads\/2020\/08\/jo-768x486.jpg 768w, https:\/\/echta-derminga.de\/wp-content\/uploads\/2020\/08\/jo.jpg 900w\" sizes=\"auto, (max-width: 700px) 100vw, 700px\" \/><figcaption>Gemeinsam Anpacken.<\/figcaption><\/figure><\/div>\n\n\n\n<p class=\"wp-block-paragraph\" style=\"font-size:18px\"><strong>5. \u201eDerminga\u201c Kulturwanderung im \u201eHundsberger Wald\u201c<\/strong><\/p>\n\n\n\n<p class=\"wp-block-paragraph\" style=\"font-size:18px\">Seit 5 Jahren veranstalten Hans-Werner Guth\u00f6rl und meine Wenigkeit eine Kulturwanderung. Ziel ist es den Mitb\u00fcrgerinnen und Mitb\u00fcrgern die eigene Heimat n\u00e4herzubringen. <strong>Die diesj\u00e4hrige 5.\u201cDerminga\u201c Kulturwanderung startet am Sonntag,06. September um 14:00 Uhr<\/strong>. Treffpunkt ist der Waldparkplatz im Naherholungsgebiet Steinrausche. Herzliche Einladung an alle die gerne Natur und Kultur hautnah erleben. Nat\u00fcrlich findet die Wanderung unter den vorgegebenen Hygienerichtlinien statt. Der Abstand ist einzuhalten und die Personenangaben sind einzutragen. Wir freuen uns auf eine sch\u00f6ne Wanderung durch unsere Heimat. Nat\u00fcrlich haben wir uns auch in diesem Jahr wieder einiges einfallen lassen. Kommen Sie und erleben Sie Dirminger Kultur und Natur hautnah.<\/p>\n\n\n\n<figure class=\"wp-block-gallery aligncenter columns-2 is-cropped wp-block-gallery-3 is-layout-flex wp-block-gallery-is-layout-flex\"><ul class=\"blocks-gallery-grid\"><li class=\"blocks-gallery-item\"><figure><img loading=\"lazy\" decoding=\"async\" width=\"700\" height=\"340\" src=\"https:\/\/echta-derminga.de\/wp-content\/uploads\/2020\/08\/44-1-700x340.jpg\" alt=\"\" data-id=\"7311\" data-link=\"https:\/\/echta-derminga.de\/?attachment_id=7311\" class=\"wp-image-7311\" srcset=\"https:\/\/echta-derminga.de\/wp-content\/uploads\/2020\/08\/44-1-700x340.jpg 700w, https:\/\/echta-derminga.de\/wp-content\/uploads\/2020\/08\/44-1-300x146.jpg 300w, https:\/\/echta-derminga.de\/wp-content\/uploads\/2020\/08\/44-1-768x372.jpg 768w, https:\/\/echta-derminga.de\/wp-content\/uploads\/2020\/08\/44-1.jpg 800w\" sizes=\"auto, (max-width: 700px) 100vw, 700px\" \/><\/figure><\/li><li class=\"blocks-gallery-item\"><figure><img loading=\"lazy\" decoding=\"async\" width=\"700\" height=\"394\" src=\"https:\/\/echta-derminga.de\/wp-content\/uploads\/2020\/08\/HW-15-700x394.jpg\" alt=\"\" data-id=\"7312\" data-full-url=\"https:\/\/echta-derminga.de\/wp-content\/uploads\/2020\/08\/HW-15.jpg\" data-link=\"https:\/\/echta-derminga.de\/?attachment_id=7312\" class=\"wp-image-7312\" srcset=\"https:\/\/echta-derminga.de\/wp-content\/uploads\/2020\/08\/HW-15-700x394.jpg 700w, https:\/\/echta-derminga.de\/wp-content\/uploads\/2020\/08\/HW-15-300x169.jpg 300w, https:\/\/echta-derminga.de\/wp-content\/uploads\/2020\/08\/HW-15-768x432.jpg 768w, https:\/\/echta-derminga.de\/wp-content\/uploads\/2020\/08\/HW-15.jpg 1024w\" sizes=\"auto, (max-width: 700px) 100vw, 700px\" \/><\/figure><\/li><\/ul><\/figure>\n\n\n\n<p class=\"wp-block-paragraph\" style=\"font-size:18px\"><strong>Wie bereits erw\u00e4hnt,<\/strong> <strong>manchmal m\u00fcssen wir Abschied nehmen. Oftmals ist dieser Abschied mit Trauer und Schmerzen verbunden. Auf der anderen Seite entsteht Platz f\u00fcr Neues. So ist es im Leben. Wenn wir uns aufrichten und nach vorne blicken kann neues entstehen.<\/strong><\/p>\n\n\n\n<p class=\"wp-block-paragraph\" style=\"font-size:18px\"><strong>Bitte vergessen Sie niemals:\u201c\u2026..wir m\u00fcssen in diesen Zeiten mit allem rechnen, auch mit dem Guten\u201c<\/strong><\/p>\n\n\n\n<p class=\"wp-block-paragraph\" style=\"font-size:18px\">In diesem Sinne, w\u00fcnsche ich Ihnen eine gute Woche.<\/p>\n\n\n\n<p class=\"wp-block-paragraph\" style=\"font-size:18px\"><strong>Ihr Ortsvorsteher<\/strong><\/p>\n\n\n\n<p class=\"wp-block-paragraph\" style=\"font-size:18px\"><strong><em>Frank Klein<\/em><\/strong><\/p>\n","protected":false},"excerpt":{"rendered":"<p>Liebe Dirmingerinnen, liebe Dirminger, alles im Leben ver\u00e4ndert sich. Altes muss weichen, damit neues beginnen kann. Diese Erfahrung m\u00fcssen wir immer wieder in unserem Leben machen. Manchmal ist es Zeit Abschied zu nehmen. Zeit zum Abschied nehmen \u2013 Gedenkfeier f\u00fcr Ortsvorsteher Manfred Klein \u201eFreundschaften sind wie Br\u00fccken. Je st\u00e4rker sie sind, desto gr\u00f6\u00dfere Distanzen k\u00f6nnen sie \u00fcberwinden.\u201c Es ist an<\/p>\n","protected":false},"author":1,"featured_media":7314,"comment_status":"open","ping_status":"closed","sticky":false,"template":"","format":"standard","meta":{"_crdt_document":"","footnotes":""},"categories":[1,9,812],"tags":[5,539,618,127,634,310],"class_list":["post-7304","post","type-post","status-publish","format-standard","has-post-thumbnail","hentry","category-allgemein","category-dorfgetratsche","category-ortsvorsteher-dirmingen","tag-dirmingen","tag-dirmingen-ortsmitte","tag-gemeinde-eppelborn","tag-landkreis-neunkirchen","tag-ortsvorsteher","tag-saarland"],"_links":{"self":[{"href":"https:\/\/echta-derminga.de\/index.php?rest_route=\/wp\/v2\/posts\/7304","targetHints":{"allow":["GET"]}}],"collection":[{"href":"https:\/\/echta-derminga.de\/index.php?rest_route=\/wp\/v2\/posts"}],"about":[{"href":"https:\/\/echta-derminga.de\/index.php?rest_route=\/wp\/v2\/types\/post"}],"author":[{"embeddable":true,"href":"https:\/\/echta-derminga.de\/index.php?rest_route=\/wp\/v2\/users\/1"}],"replies":[{"embeddable":true,"href":"https:\/\/echta-derminga.de\/index.php?rest_route=%2Fwp%2Fv2%2Fcomments&post=7304"}],"version-history":[{"count":10,"href":"https:\/\/echta-derminga.de\/index.php?rest_route=\/wp\/v2\/posts\/7304\/revisions"}],"predecessor-version":[{"id":7331,"href":"https:\/\/echta-derminga.de\/index.php?rest_route=\/wp\/v2\/posts\/7304\/revisions\/7331"}],"wp:featuredmedia":[{"embeddable":true,"href":"https:\/\/echta-derminga.de\/index.php?rest_route=\/wp\/v2\/media\/7314"}],"wp:attachment":[{"href":"https:\/\/echta-derminga.de\/index.php?rest_route=%2Fwp%2Fv2%2Fmedia&parent=7304"}],"wp:term":[{"taxonomy":"category","embeddable":true,"href":"https:\/\/echta-derminga.de\/index.php?rest_route=%2Fwp%2Fv2%2Fcategories&post=7304"},{"taxonomy":"post_tag","embeddable":true,"href":"https:\/\/echta-derminga.de\/index.php?rest_route=%2Fwp%2Fv2%2Ftags&post=7304"}],"curies":[{"name":"wp","href":"https:\/\/api.w.org\/{rel}","templated":true}]}}